{"id":4914,"date":"2024-10-08T11:16:31","date_gmt":"2024-10-08T09:16:31","guid":{"rendered":"https:\/\/www.iidh.org\/6a-sesion-de-buenos-aires\/"},"modified":"2024-11-08T15:17:20","modified_gmt":"2024-11-08T13:17:20","slug":"6a-sesion-de-buenos-aires","status":"publish","type":"post","link":"https:\/\/www.iidh.org\/en\/6a-sesion-de-buenos-aires\/","title":{"rendered":"6a sesi\u00f3n de Buenos Aires"},"content":{"rendered":"<div class=\"fusion-fullwidth fullwidth-box fusion-builder-row-1 fusion-flex-container nonhundred-percent-fullwidth non-hundred-percent-height-scrolling\" style=\"--awb-border-radius-top-left:0px;--awb-border-radius-top-right:0px;--awb-border-radius-bottom-right:0px;--awb-border-radius-bottom-left:0px;--awb-flex-wrap:wrap;\" ><div class=\"fusion-builder-row fusion-row fusion-flex-align-items-flex-start fusion-flex-content-wrap\" style=\"max-width:1248px;margin-left: calc(-4% \/ 2 );margin-right: calc(-4% \/ 2 );\"><div class=\"fusion-layout-column fusion_builder_column fusion-builder-column-0 fusion_builder_column_1_1 1_1 fusion-flex-column\" style=\"--awb-bg-size:cover;--awb-width-large:100%;--awb-margin-top-large:0px;--awb-spacing-right-large:1.92%;--awb-margin-bottom-large:0px;--awb-spacing-left-large:1.92%;--awb-width-medium:100%;--awb-spacing-right-medium:1.92%;--awb-spacing-left-medium:1.92%;--awb-width-small:100%;--awb-spacing-right-small:1.92%;--awb-spacing-left-small:1.92%;\"><div class=\"fusion-column-wrapper fusion-flex-justify-content-flex-start fusion-content-layout-column\"><div class=\"fusion-text fusion-text-1\"><p><strong><sup>6a<\/sup> sesi\u00f3n de Buenos Aires &#8211; <\/strong><strong>&#8221; <em>Derechos humanos y justicia ambiental<\/em> &#8221; ( <em>Human rights and environmental justice<\/em> )<\/strong><\/p>\n<p><strong>Curso avanzado en Derecho internacional de los derechos humanos.<\/strong><\/p>\n<p><strong>Del 14 al 19 de octubre de 2024<\/strong><\/p>\n<p><strong>Fecha l\u00edmite para las inscripciones y pago: 6 de octubre de 2024<\/strong><\/p>\n<p><strong>***<\/strong><\/p>\n<p><a href=\"https:\/\/www.iidh.org\/wp-content\/uploads\/2024\/07\/Programa-6a-sesion-Buenos-Aires-2024.pdf\"><strong><u>PROGRAMA<\/u><\/strong><\/a><\/p>\n<p><strong><u> <\/u><\/strong><\/p>\n<table width=\"1017\">\n<tbody>\n<tr>\n<td width=\"88\"><strong> <\/strong><\/td>\n<td width=\"155\"><strong>Lunes 14 de octubre<\/strong><\/td>\n<td width=\"155\"><strong>Martes 15 de octubre<\/strong><\/td>\n<td width=\"155\"><strong>Mi\u00e9rcoles 16 de octubre<\/strong><\/td>\n<td width=\"155\"><strong>Jueves 17<\/strong> <strong>de octubre<\/strong><\/td>\n<td width=\"155\"><strong>Viernes 18<\/strong> <strong>de octubre<\/strong><\/td>\n<td width=\"155\"><strong>S\u00e1bado 19<\/strong> <strong>de octubre<\/strong><\/td>\n<td width=\"0\"><\/td>\n<\/tr>\n<tr>\n<td rowspan=\"2\" width=\"88\">&nbsp;<\/p>\n<p>&nbsp;<\/p>\n<p>9:00-10:30 a.m.<\/td>\n<td width=\"155\"><strong> <\/strong>&nbsp;<\/p>\n<p><strong> <\/strong><\/p>\n<p><strong><em> <\/em><\/strong><\/td>\n<td rowspan=\"2\" width=\"155\"><strong> <\/strong>&nbsp;<\/p>\n<p><strong>Normas para garantizar el derecho a un medio ambiente limpio, saludable y sostenible<\/strong><\/p>\n<p><em>Enrique Viale (Argentina)<\/em><\/p>\n<p><strong> <\/strong><\/td>\n<td rowspan=\"2\" width=\"155\"><strong> <\/strong>&nbsp;<\/p>\n<p><strong>La experiencia boliviana de los territorios libres de extractivismo<\/strong><\/p>\n<p><em>Jos\u00e9 Carlos Solon (Bolivia)<\/em><\/td>\n<td rowspan=\"2\" width=\"155\"><strong> <\/strong>&nbsp;<\/p>\n<p><strong>Protecci\u00f3n de los derechos de los pueblos ind\u00edgenas<\/strong><\/p>\n<p><em>Salvador Millaleo (Chile)<\/em><\/td>\n<td rowspan=\"2\" width=\"155\"><strong> <\/strong>&nbsp;<\/p>\n<p><strong>Protecci\u00f3n de los oc\u00e9anos <\/strong><em>Javier Armando Valladares <\/em> <\/p>\n<p><em>(Argentina)<\/em><\/td>\n<td rowspan=\"2\" width=\"155\"><strong> <\/strong>&nbsp;<\/p>\n<p><strong>Final examination<\/strong><\/td>\n<td width=\"0\"><\/td>\n<\/tr>\n<tr>\n<td width=\"155\"><strong>Ceremonia de apertura<\/strong>&nbsp;<\/p>\n<p><strong>(10h00 &#8211; 10h30)<\/strong><\/td>\n<td width=\"0\"><\/td>\n<\/tr>\n<tr>\n<td width=\"88\">10:30-11:00 a.m.<\/td>\n<td width=\"155\"><strong>Coffee break<\/strong><\/td>\n<td width=\"155\"><strong>Coffee break<\/strong><\/td>\n<td width=\"155\"><strong>Coffee break<\/strong><\/td>\n<td width=\"155\"><strong>Coffee break<\/strong><\/td>\n<td width=\"155\"><strong>Coffee break<\/strong><\/td>\n<td width=\"155\"><strong>Coffee break<\/strong><\/td>\n<td width=\"0\"><\/td>\n<\/tr>\n<tr>\n<td width=\"88\">&nbsp;<\/p>\n<p>11h00-12h30<\/td>\n<td width=\"155\"><strong> <\/strong>&nbsp;<\/p>\n<p><strong>Conferencia inaugural<\/strong><\/p>\n<p><em>Marta Vigevano (Argentina)<\/em><\/td>\n<td width=\"155\"><strong> <\/strong>&nbsp;<\/p>\n<p><strong>Normas para garantizar el derecho a un medio ambientes limpio, saludable y sostenible<\/strong><\/p>\n<p><em>Enrique Viale (Argentina)<\/em><\/p>\n<p><strong> <\/strong><\/td>\n<td width=\"155\"><strong> <\/strong>&nbsp;<\/p>\n<p><strong>La experiencia boliviana de los territorios libres de extractivismo<\/strong><\/p>\n<p><em>Jos\u00e9 Carlos Solon (Bolivia)<\/em><\/td>\n<td width=\"155\"><strong> <\/strong>&nbsp;<\/p>\n<p><strong>Los derechos de los pueblos ind\u00edgenas<\/strong><\/p>\n<p><em>Salvador Millaleo (Chile)<\/em><\/td>\n<td width=\"155\"><strong> <\/strong>&nbsp;<\/p>\n<p><strong>Protecci\u00f3n de los oc\u00e9anos en el Tribunal Internacional del Derecho del Mar<\/strong><\/p>\n<p><em>Frida M. Armas Pfirter (Argentina)<\/em><\/p>\n<p><em> <\/em><\/td>\n<td width=\"155\"><strong> <\/strong>&nbsp;<\/p>\n<p><strong>Conferencia de clausura  <\/strong><\/p>\n<p><strong>&#8220;Los principios \u00e9ticos del cambio clim\u00e1tico&#8221; (The ethical principles of climate change)<\/strong><\/p>\n<p><em>Christian Byk (Francia)<\/em><\/td>\n<td width=\"0\"><\/td>\n<\/tr>\n<tr>\n<td width=\"88\">12:30-13:45<\/td>\n<td width=\"155\"><strong>Hora de almorzar<\/strong><\/td>\n<td width=\"155\"><strong>Hora de almorzar  <\/strong><\/td>\n<td width=\"155\"><strong>Hora de almorzar  <\/strong><\/td>\n<td width=\"155\"><strong>Hora de almorzar  <\/strong><\/td>\n<td width=\"155\"><strong>Hora de almorzar<\/strong><\/td>\n<td width=\"155\"><strong>Hora de almorzar  <\/strong><\/td>\n<td width=\"0\"><\/td>\n<\/tr>\n<tr>\n<td rowspan=\"2\" width=\"88\">&nbsp;<\/p>\n<p>13h45-15h15<\/td>\n<td rowspan=\"2\" width=\"155\"><strong> <\/strong>&nbsp;<\/p>\n<p><strong>Sistema universal de protecci\u00f3n de los derechos humanos<\/strong><\/p>\n<p><em>S\u00e9bastien Touz\u00e9 (Francia)<\/em><\/p>\n<p><strong> <\/strong><\/p>\n<p><strong> <\/strong><\/p>\n<p><strong> <\/strong><\/td>\n<td rowspan=\"2\" width=\"155\"><strong> <\/strong>&nbsp;<\/p>\n<p><strong>Las problem\u00e1ticas ambientales relacionadas con la explotaci\u00f3n del litio<\/strong><\/p>\n<p><em>Jos\u00e9 Carlos Solon (Bolivia)<\/em><\/p>\n<p><strong> <\/strong><\/td>\n<td rowspan=\"2\" width=\"155\"><strong> <\/strong>&nbsp;<\/p>\n<p><strong>Protecci\u00f3n de los defensores de los derechos humanos y ambientales<\/strong><\/p>\n<p><em>Mariano Fern\u00e1ndez Valle (Argentina)<\/em><\/td>\n<td rowspan=\"2\" width=\"155\"><strong> <\/strong>&nbsp;<\/p>\n<p><strong>Los mecanismos de justicia transicional y resiliencia ante las cat\u00e1strofes clim\u00e1ticas<\/strong><\/p>\n<p><em>J\u00e2nia Saldanha (Brasil)<\/em><\/td>\n<td rowspan=\"2\" width=\"155\"><strong> <\/strong>&nbsp;<\/p>\n<p><strong>Visita guiada del sitio de Memoria ESMA<\/strong><\/p>\n<p>&nbsp;<\/td>\n<td width=\"155\"><strong> <\/strong>&nbsp;<\/p>\n<p><strong>Ceremonia de clausura  <\/strong><\/p>\n<p><strong> <\/strong><\/td>\n<td width=\"0\"><\/td>\n<\/tr>\n<tr>\n<td rowspan=\"3\" width=\"155\"><strong> <\/strong><\/td>\n<td width=\"0\"><\/td>\n<\/tr>\n<tr>\n<td width=\"88\">3.15pm-3.30pm<\/td>\n<td width=\"155\"><strong>Pausa<\/strong><\/td>\n<td width=\"155\"><strong>Pausa<\/strong><\/td>\n<td width=\"155\"><strong>Pausa<\/strong><\/td>\n<td width=\"155\"><strong>Pausa<\/strong><\/td>\n<td width=\"155\"><strong>Pausa<\/strong><\/td>\n<td width=\"0\"><\/td>\n<\/tr>\n<tr>\n<td width=\"88\">&nbsp;<\/p>\n<p>3:30 pm &#8211; 5:00 pm<\/p>\n<p>&nbsp;<\/td>\n<td width=\"155\"><strong> <\/strong>&nbsp;<\/p>\n<p><strong>Sistema universal de protecci\u00f3n de los derechos humanos<\/strong><\/p>\n<p><em>S\u00e9bastien Touz\u00e9 (Francia)<\/em><\/p>\n<p><strong> <\/strong><\/p>\n<p>&nbsp;<\/td>\n<td width=\"155\"><strong> <\/strong>&nbsp;<\/p>\n<p><strong>Las problem\u00e1ticas ambientales relacionadas con la explotaci\u00f3n del litio<\/strong><\/p>\n<p><em>Jos\u00e9 Carlos Solon (Bolivia)<\/em><\/p>\n<p><strong> <\/strong><\/td>\n<td width=\"155\">&nbsp;<\/p>\n<p><strong>Protecci\u00f3n de los defensores de los derechos humanos y ambientales<\/strong><\/p>\n<p><em>Mariano Fern\u00e1ndez Valle (Argentina)<\/em><\/td>\n<td width=\"155\"><strong><em><br \/><\/em><\/strong><strong>Los mecanismos de justicia transicional y resiliencia ante las cat\u00e1strofes clim\u00e1ticas<\/strong><em>J\u00e2nia Saldanha (Brasil)<\/em><\/td>\n<td width=\"155\"><strong> <\/strong>&nbsp;<\/p>\n<p><strong>Revisiones<\/strong><\/td>\n<td width=\"0\"><\/td>\n<\/tr>\n<\/tbody>\n<\/table>\n<p>&nbsp;<\/p>\n<p>&nbsp;<\/p>\n<p><strong>***<\/strong><\/p>\n<p><strong>Precios<\/strong>:<\/p>\n<p><strong>Profesionales<\/strong>: 100 euros<\/p>\n<p><strong>J\u00f3venes profesionales (n\u00famero limitado de plazas disponibles para j\u00f3venes profesionales que lleven menos de 2 a\u00f1os trabajando. Se debe adjuntar CV y carta de presentaci\u00f3n)<\/strong>: 25 euros<\/p>\n<p><strong>Estudiantes<\/strong>: 15 euros<\/p>\n<p><strong>Estudiantes de la Universidad de Buenos Aires :<\/strong> gratis<\/p>\n<p>***<\/p>\n<p>La Fundaci\u00f3n Ren\u00e9 Cassin &#8211; Instituto Internacional de Derechos Humanos, la Embajada de Francia en Argentina, la Universidad de Buenos Aires, el Centro Franco-Argentino de Altos Estudios en Ciencias sociales y la Fundaci\u00f3n Friedrich-Naumann organizan conjuntamente la <sup>6ta<\/sup> sesi\u00f3n de formaci\u00f3n de Buenos Aires, <strong>del 14 al 19 de octubre de 2024<\/strong>, cuyo tema es <strong>Derecho humanos y justicia ambiental<\/strong>.<\/p>\n<p>La formaci\u00f3n tendr\u00e1 lugar en la <strong>Universidad de Buenos Aires<\/strong>.<\/p>\n<p>Dicha sesi\u00f3n est\u00e1 dirigida a personas cuya actividad profesional o de investigaci\u00f3n est\u00e9 relacionada con <strong>la promoci\u00f3n y la protecci\u00f3n de los derechos humanos y el derecho ambiental<\/strong>, especialmente a los abogados y magistrados, a los profesores y estudiantes de Derecho, representantes de las autoridades locales y centrales, as\u00ed como a miembros de organismos intergubernamentales y de organizaciones no gubernamentales. El p\u00fablico de este curso generalmente tiene una formaci\u00f3n o experiencia significativa en el campo de los derechos humanos, as\u00ed como un inter\u00e9s genuino en el tema. <\/p>\n<p>La sesi\u00f3n ofrece un contenido rico, con cursos avanzados sobre el derecho internacional de los derechos humanos, las normas para garantizar el derecho a un medio ambiente limpio, saludable y sostenible, as\u00ed como cursos tem\u00e1ticos sobre las problem\u00e1ticas ambientales relacionadas con la explotaci\u00f3n del litio, la justicia ambiental y la resiliencia ante las cat\u00e1strofes clim\u00e1ticas, los defensores de los derechos humanos y ambientales, la protecci\u00f3n y los derechos de los pueblos ind\u00edgenas.<\/p>\n<p>As\u00ed, la meta general de la sesi\u00f3n es adquirir una base de conocimientos en derechos humanos y derecho ambiental, y dominar el marco jur\u00eddico para garantizar el derecho a un medio ambiente limpio, saludable y sostenible, as\u00ed como los derechos de los defensores de los derechos humanos y de los pueblos ind\u00edgenas. El objetivo es promover mejor la protecci\u00f3n del medio ambiente y sus defensores en la regi\u00f3n. <\/p>\n<p>Los cursos ser\u00e1n impartidos por <strong>expertas y expertos internacionales<\/strong>, procedentes del mundo acad\u00e9mico, de organizaciones internacionales, de organizaciones no gubernamentales y de instituciones nacionales.<\/p>\n<p>Un <strong>certificado de logro<\/strong> se entrega al final de la formaci\u00f3n.<\/p>\n<\/div><script type=\"text\/javascript\" src=\"https:\/\/form.jotform.com\/jsform\/242831635066356\"><\/script><\/div><\/div><\/div><\/div>\n","protected":false},"excerpt":{"rendered":"","protected":false},"author":2,"featured_media":4439,"comment_status":"open","ping_status":"closed","sticky":false,"template":"","format":"standard","meta":{"footnotes":""},"categories":[98],"tags":[],"class_list":["post-4914","post","type-post","status-publish","format-standard","has-post-thumbnail","hentry","category-completed-sessions"],"yoast_head":"<!-- This site is optimized with the Yoast SEO plugin v27.5 - https:\/\/yoast.com\/product\/yoast-seo-wordpress\/ -->\n<title>6a sesi\u00f3n de Buenos Aires - Fondation Ren\u00e9 CASSIN<\/title>\n<meta name=\"robots\" content=\"index, follow, max-snippet:-1, max-image-preview:large, max-video-preview:-1\" \/>\n<link rel=\"canonical\" href=\"https:\/\/www.iidh.org\/en\/6a-sesion-de-buenos-aires\/\" \/>\n<meta property=\"og:locale\" content=\"en_US\" \/>\n<meta property=\"og:type\" content=\"article\" \/>\n<meta property=\"og:title\" content=\"6a sesi\u00f3n de Buenos Aires - Fondation Ren\u00e9 CASSIN\" \/>\n<meta property=\"og:url\" content=\"https:\/\/www.iidh.org\/en\/6a-sesion-de-buenos-aires\/\" \/>\n<meta property=\"og:site_name\" content=\"Fondation Ren\u00e9 CASSIN\" \/>\n<meta property=\"article:publisher\" content=\"https:\/\/www.facebook.com\/FondationReneCassin\/\" \/>\n<meta property=\"article:published_time\" content=\"2024-10-08T09:16:31+00:00\" \/>\n<meta property=\"article:modified_time\" content=\"2024-11-08T13:17:20+00:00\" \/>\n<meta property=\"og:image\" content=\"https:\/\/www.iidh.org\/wp-content\/uploads\/2024\/10\/Com-Session-BA-2024-1-600x849.png.webp\" \/>\n\t<meta property=\"og:image:width\" content=\"600\" \/>\n\t<meta property=\"og:image:height\" content=\"849\" \/>\n\t<meta property=\"og:image:type\" content=\"image\/webp\" \/>\n<meta name=\"author\" content=\"iidh\" \/>\n<meta name=\"twitter:card\" content=\"summary_large_image\" \/>\n<meta name=\"twitter:creator\" content=\"@IIDHStrasbourg\" \/>\n<meta name=\"twitter:site\" content=\"@IIDHStrasbourg\" \/>\n<meta name=\"twitter:label1\" content=\"Written by\" \/>\n\t<meta name=\"twitter:data1\" content=\"iidh\" \/>\n\t<meta name=\"twitter:label2\" content=\"Est. reading time\" \/>\n\t<meta name=\"twitter:data2\" content=\"5 minutes\" \/>\n<script type=\"application\/ld+json\" class=\"yoast-schema-graph\">{\"@context\":\"https:\\\/\\\/schema.org\",\"@graph\":[{\"@type\":\"Article\",\"@id\":\"https:\\\/\\\/www.iidh.org\\\/en\\\/6a-sesion-de-buenos-aires\\\/#article\",\"isPartOf\":{\"@id\":\"https:\\\/\\\/www.iidh.org\\\/en\\\/6a-sesion-de-buenos-aires\\\/\"},\"author\":{\"name\":\"iidh\",\"@id\":\"https:\\\/\\\/www.iidh.org\\\/en\\\/#\\\/schema\\\/person\\\/b11ebaff7344b9379adfa42046c36b7b\"},\"headline\":\"6a sesi\u00f3n de Buenos Aires\",\"datePublished\":\"2024-10-08T09:16:31+00:00\",\"dateModified\":\"2024-11-08T13:17:20+00:00\",\"mainEntityOfPage\":{\"@id\":\"https:\\\/\\\/www.iidh.org\\\/en\\\/6a-sesion-de-buenos-aires\\\/\"},\"wordCount\":962,\"commentCount\":0,\"publisher\":{\"@id\":\"https:\\\/\\\/www.iidh.org\\\/en\\\/#organization\"},\"image\":{\"@id\":\"https:\\\/\\\/www.iidh.org\\\/en\\\/6a-sesion-de-buenos-aires\\\/#primaryimage\"},\"thumbnailUrl\":\"https:\\\/\\\/www.iidh.org\\\/wp-content\\\/uploads\\\/2024\\\/10\\\/Com-Session-BA-2024-1-600x849.png.webp\",\"articleSection\":[\"Completed sessions\"],\"inLanguage\":\"en-US\",\"potentialAction\":[{\"@type\":\"CommentAction\",\"name\":\"Comment\",\"target\":[\"https:\\\/\\\/www.iidh.org\\\/en\\\/6a-sesion-de-buenos-aires\\\/#respond\"]}]},{\"@type\":\"WebPage\",\"@id\":\"https:\\\/\\\/www.iidh.org\\\/en\\\/6a-sesion-de-buenos-aires\\\/\",\"url\":\"https:\\\/\\\/www.iidh.org\\\/en\\\/6a-sesion-de-buenos-aires\\\/\",\"name\":\"6a sesi\u00f3n de Buenos Aires - Fondation Ren\u00e9 CASSIN\",\"isPartOf\":{\"@id\":\"https:\\\/\\\/www.iidh.org\\\/en\\\/#website\"},\"primaryImageOfPage\":{\"@id\":\"https:\\\/\\\/www.iidh.org\\\/en\\\/6a-sesion-de-buenos-aires\\\/#primaryimage\"},\"image\":{\"@id\":\"https:\\\/\\\/www.iidh.org\\\/en\\\/6a-sesion-de-buenos-aires\\\/#primaryimage\"},\"thumbnailUrl\":\"https:\\\/\\\/www.iidh.org\\\/wp-content\\\/uploads\\\/2024\\\/10\\\/Com-Session-BA-2024-1-600x849.png.webp\",\"datePublished\":\"2024-10-08T09:16:31+00:00\",\"dateModified\":\"2024-11-08T13:17:20+00:00\",\"breadcrumb\":{\"@id\":\"https:\\\/\\\/www.iidh.org\\\/en\\\/6a-sesion-de-buenos-aires\\\/#breadcrumb\"},\"inLanguage\":\"en-US\",\"potentialAction\":[{\"@type\":\"ReadAction\",\"target\":[\"https:\\\/\\\/www.iidh.org\\\/en\\\/6a-sesion-de-buenos-aires\\\/\"]}]},{\"@type\":\"ImageObject\",\"inLanguage\":\"en-US\",\"@id\":\"https:\\\/\\\/www.iidh.org\\\/en\\\/6a-sesion-de-buenos-aires\\\/#primaryimage\",\"url\":\"https:\\\/\\\/www.iidh.org\\\/wp-content\\\/uploads\\\/2024\\\/10\\\/Com-Session-BA-2024-1-600x849.png.webp\",\"contentUrl\":\"https:\\\/\\\/www.iidh.org\\\/wp-content\\\/uploads\\\/2024\\\/10\\\/Com-Session-BA-2024-1-600x849.png.webp\",\"width\":600,\"height\":849},{\"@type\":\"BreadcrumbList\",\"@id\":\"https:\\\/\\\/www.iidh.org\\\/en\\\/6a-sesion-de-buenos-aires\\\/#breadcrumb\",\"itemListElement\":[{\"@type\":\"ListItem\",\"position\":1,\"name\":\"Accueil\",\"item\":\"https:\\\/\\\/www.iidh.org\\\/en\\\/\"},{\"@type\":\"ListItem\",\"position\":2,\"name\":\"6a sesi\u00f3n de Buenos Aires\"}]},{\"@type\":\"WebSite\",\"@id\":\"https:\\\/\\\/www.iidh.org\\\/en\\\/#website\",\"url\":\"https:\\\/\\\/www.iidh.org\\\/en\\\/\",\"name\":\"Fondation Ren\u00e9 CASSIN\",\"description\":\"\",\"publisher\":{\"@id\":\"https:\\\/\\\/www.iidh.org\\\/en\\\/#organization\"},\"potentialAction\":[{\"@type\":\"SearchAction\",\"target\":{\"@type\":\"EntryPoint\",\"urlTemplate\":\"https:\\\/\\\/www.iidh.org\\\/en\\\/?s={search_term_string}\"},\"query-input\":{\"@type\":\"PropertyValueSpecification\",\"valueRequired\":true,\"valueName\":\"search_term_string\"}}],\"inLanguage\":\"en-US\"},{\"@type\":\"Organization\",\"@id\":\"https:\\\/\\\/www.iidh.org\\\/en\\\/#organization\",\"name\":\"Fondation Ren\u00e9 CASSIN\",\"url\":\"https:\\\/\\\/www.iidh.org\\\/en\\\/\",\"logo\":{\"@type\":\"ImageObject\",\"inLanguage\":\"en-US\",\"@id\":\"https:\\\/\\\/www.iidh.org\\\/en\\\/#\\\/schema\\\/logo\\\/image\\\/\",\"url\":\"https:\\\/\\\/www.iidh.org\\\/wp-content\\\/uploads\\\/2024\\\/09\\\/LOGO_FRC-rouge.svg\",\"contentUrl\":\"https:\\\/\\\/www.iidh.org\\\/wp-content\\\/uploads\\\/2024\\\/09\\\/LOGO_FRC-rouge.svg\",\"width\":699,\"height\":221,\"caption\":\"Fondation Ren\u00e9 CASSIN\"},\"image\":{\"@id\":\"https:\\\/\\\/www.iidh.org\\\/en\\\/#\\\/schema\\\/logo\\\/image\\\/\"},\"sameAs\":[\"https:\\\/\\\/www.facebook.com\\\/FondationReneCassin\\\/\",\"https:\\\/\\\/x.com\\\/IIDHStrasbourg\",\"https:\\\/\\\/www.instagram.com\\\/fondationrenecassin\\\/\"]},{\"@type\":\"Person\",\"@id\":\"https:\\\/\\\/www.iidh.org\\\/en\\\/#\\\/schema\\\/person\\\/b11ebaff7344b9379adfa42046c36b7b\",\"name\":\"iidh\"}]}<\/script>\n<!-- \/ Yoast SEO plugin. -->","yoast_head_json":{"title":"6a sesi\u00f3n de Buenos Aires - Fondation Ren\u00e9 CASSIN","robots":{"index":"index","follow":"follow","max-snippet":"max-snippet:-1","max-image-preview":"max-image-preview:large","max-video-preview":"max-video-preview:-1"},"canonical":"https:\/\/www.iidh.org\/en\/6a-sesion-de-buenos-aires\/","og_locale":"en_US","og_type":"article","og_title":"6a sesi\u00f3n de Buenos Aires - Fondation Ren\u00e9 CASSIN","og_url":"https:\/\/www.iidh.org\/en\/6a-sesion-de-buenos-aires\/","og_site_name":"Fondation Ren\u00e9 CASSIN","article_publisher":"https:\/\/www.facebook.com\/FondationReneCassin\/","article_published_time":"2024-10-08T09:16:31+00:00","article_modified_time":"2024-11-08T13:17:20+00:00","og_image":[{"width":600,"height":849,"url":"https:\/\/www.iidh.org\/wp-content\/uploads\/2024\/10\/Com-Session-BA-2024-1-600x849.png.webp","type":"image\/webp"}],"author":"iidh","twitter_card":"summary_large_image","twitter_creator":"@IIDHStrasbourg","twitter_site":"@IIDHStrasbourg","twitter_misc":{"Written by":"iidh","Est. reading time":"5 minutes"},"schema":{"@context":"https:\/\/schema.org","@graph":[{"@type":"Article","@id":"https:\/\/www.iidh.org\/en\/6a-sesion-de-buenos-aires\/#article","isPartOf":{"@id":"https:\/\/www.iidh.org\/en\/6a-sesion-de-buenos-aires\/"},"author":{"name":"iidh","@id":"https:\/\/www.iidh.org\/en\/#\/schema\/person\/b11ebaff7344b9379adfa42046c36b7b"},"headline":"6a sesi\u00f3n de Buenos Aires","datePublished":"2024-10-08T09:16:31+00:00","dateModified":"2024-11-08T13:17:20+00:00","mainEntityOfPage":{"@id":"https:\/\/www.iidh.org\/en\/6a-sesion-de-buenos-aires\/"},"wordCount":962,"commentCount":0,"publisher":{"@id":"https:\/\/www.iidh.org\/en\/#organization"},"image":{"@id":"https:\/\/www.iidh.org\/en\/6a-sesion-de-buenos-aires\/#primaryimage"},"thumbnailUrl":"https:\/\/www.iidh.org\/wp-content\/uploads\/2024\/10\/Com-Session-BA-2024-1-600x849.png.webp","articleSection":["Completed sessions"],"inLanguage":"en-US","potentialAction":[{"@type":"CommentAction","name":"Comment","target":["https:\/\/www.iidh.org\/en\/6a-sesion-de-buenos-aires\/#respond"]}]},{"@type":"WebPage","@id":"https:\/\/www.iidh.org\/en\/6a-sesion-de-buenos-aires\/","url":"https:\/\/www.iidh.org\/en\/6a-sesion-de-buenos-aires\/","name":"6a sesi\u00f3n de Buenos Aires - Fondation Ren\u00e9 CASSIN","isPartOf":{"@id":"https:\/\/www.iidh.org\/en\/#website"},"primaryImageOfPage":{"@id":"https:\/\/www.iidh.org\/en\/6a-sesion-de-buenos-aires\/#primaryimage"},"image":{"@id":"https:\/\/www.iidh.org\/en\/6a-sesion-de-buenos-aires\/#primaryimage"},"thumbnailUrl":"https:\/\/www.iidh.org\/wp-content\/uploads\/2024\/10\/Com-Session-BA-2024-1-600x849.png.webp","datePublished":"2024-10-08T09:16:31+00:00","dateModified":"2024-11-08T13:17:20+00:00","breadcrumb":{"@id":"https:\/\/www.iidh.org\/en\/6a-sesion-de-buenos-aires\/#breadcrumb"},"inLanguage":"en-US","potentialAction":[{"@type":"ReadAction","target":["https:\/\/www.iidh.org\/en\/6a-sesion-de-buenos-aires\/"]}]},{"@type":"ImageObject","inLanguage":"en-US","@id":"https:\/\/www.iidh.org\/en\/6a-sesion-de-buenos-aires\/#primaryimage","url":"https:\/\/www.iidh.org\/wp-content\/uploads\/2024\/10\/Com-Session-BA-2024-1-600x849.png.webp","contentUrl":"https:\/\/www.iidh.org\/wp-content\/uploads\/2024\/10\/Com-Session-BA-2024-1-600x849.png.webp","width":600,"height":849},{"@type":"BreadcrumbList","@id":"https:\/\/www.iidh.org\/en\/6a-sesion-de-buenos-aires\/#breadcrumb","itemListElement":[{"@type":"ListItem","position":1,"name":"Accueil","item":"https:\/\/www.iidh.org\/en\/"},{"@type":"ListItem","position":2,"name":"6a sesi\u00f3n de Buenos Aires"}]},{"@type":"WebSite","@id":"https:\/\/www.iidh.org\/en\/#website","url":"https:\/\/www.iidh.org\/en\/","name":"Fondation Ren\u00e9 CASSIN","description":"","publisher":{"@id":"https:\/\/www.iidh.org\/en\/#organization"},"potentialAction":[{"@type":"SearchAction","target":{"@type":"EntryPoint","urlTemplate":"https:\/\/www.iidh.org\/en\/?s={search_term_string}"},"query-input":{"@type":"PropertyValueSpecification","valueRequired":true,"valueName":"search_term_string"}}],"inLanguage":"en-US"},{"@type":"Organization","@id":"https:\/\/www.iidh.org\/en\/#organization","name":"Fondation Ren\u00e9 CASSIN","url":"https:\/\/www.iidh.org\/en\/","logo":{"@type":"ImageObject","inLanguage":"en-US","@id":"https:\/\/www.iidh.org\/en\/#\/schema\/logo\/image\/","url":"https:\/\/www.iidh.org\/wp-content\/uploads\/2024\/09\/LOGO_FRC-rouge.svg","contentUrl":"https:\/\/www.iidh.org\/wp-content\/uploads\/2024\/09\/LOGO_FRC-rouge.svg","width":699,"height":221,"caption":"Fondation Ren\u00e9 CASSIN"},"image":{"@id":"https:\/\/www.iidh.org\/en\/#\/schema\/logo\/image\/"},"sameAs":["https:\/\/www.facebook.com\/FondationReneCassin\/","https:\/\/x.com\/IIDHStrasbourg","https:\/\/www.instagram.com\/fondationrenecassin\/"]},{"@type":"Person","@id":"https:\/\/www.iidh.org\/en\/#\/schema\/person\/b11ebaff7344b9379adfa42046c36b7b","name":"iidh"}]}},"_links":{"self":[{"href":"https:\/\/www.iidh.org\/en\/wp-json\/wp\/v2\/posts\/4914","targetHints":{"allow":["GET"]}}],"collection":[{"href":"https:\/\/www.iidh.org\/en\/wp-json\/wp\/v2\/posts"}],"about":[{"href":"https:\/\/www.iidh.org\/en\/wp-json\/wp\/v2\/types\/post"}],"author":[{"embeddable":true,"href":"https:\/\/www.iidh.org\/en\/wp-json\/wp\/v2\/users\/2"}],"replies":[{"embeddable":true,"href":"https:\/\/www.iidh.org\/en\/wp-json\/wp\/v2\/comments?post=4914"}],"version-history":[{"count":1,"href":"https:\/\/www.iidh.org\/en\/wp-json\/wp\/v2\/posts\/4914\/revisions"}],"predecessor-version":[{"id":4918,"href":"https:\/\/www.iidh.org\/en\/wp-json\/wp\/v2\/posts\/4914\/revisions\/4918"}],"wp:featuredmedia":[{"embeddable":true,"href":"https:\/\/www.iidh.org\/en\/wp-json\/wp\/v2\/media\/4439"}],"wp:attachment":[{"href":"https:\/\/www.iidh.org\/en\/wp-json\/wp\/v2\/media?parent=4914"}],"wp:term":[{"taxonomy":"category","embeddable":true,"href":"https:\/\/www.iidh.org\/en\/wp-json\/wp\/v2\/categories?post=4914"},{"taxonomy":"post_tag","embeddable":true,"href":"https:\/\/www.iidh.org\/en\/wp-json\/wp\/v2\/tags?post=4914"}],"curies":[{"name":"wp","href":"https:\/\/api.w.org\/{rel}","templated":true}]}}