{"id":4992,"date":"2023-09-11T07:09:32","date_gmt":"2023-09-11T05:09:32","guid":{"rendered":"https:\/\/www.iidh.org\/transatlantic-dialogue-an-exchange-between-fabian-salvioli-and-sebastien-touze\/"},"modified":"2024-11-08T15:17:24","modified_gmt":"2024-11-08T13:17:24","slug":"transatlantic-dialogue-an-exchange-between-fabian-salvioli-and-sebastien-touze","status":"publish","type":"post","link":"https:\/\/www.iidh.org\/en\/transatlantic-dialogue-an-exchange-between-fabian-salvioli-and-sebastien-touze\/","title":{"rendered":"Transatlantic dialogue &#8211; An exchange between Fabi\u00e1n Salvioli and S\u00e9bastien Touz\u00e9"},"content":{"rendered":"<p>A look back at the high-level dialogue between Professor Fabi\u00e1n Salvioli, human rights lawyer and Special Rapporteur on Truth, Justice and Reparation at the United Nations, and Professor S\u00e9bastien Touz\u00e9, Director of the Ren\u00e9 Cassin Foundation and Vice-Chairman of the United Nations Committee against Torture. This interview in French and Spanish, produced and broadcast by the Argentinian public television channel <em>Canal Encuentro<\/em>, provides an interesting insight into what it means to be &#8220;committed to human rights&#8221;, and looks more specifically at a wide range of issues, such as terrorism and international human rights law, the synergy between private enterprise and human rights, and questions of equality and non-discrimination.<\/p>\n<div class=\"fusion-video fusion-youtube\" style=\"--awb-max-width:600px;--awb-max-height:360px;\"><div class=\"video-shortcode\"><lite-youtube videoid=\"bzvKPreDFSM\" class=\"landscape\" params=\"wmode=transparent&autoplay=1&amp;enablejsapi=1\" title=\"YouTube video player 1\" data-button-label=\"Play Video\" width=\"600\" height=\"360\" data-thumbnail-size=\"auto\" data-no-cookie=\"on\"><\/lite-youtube><\/div><\/div>\n","protected":false},"excerpt":{"rendered":"<p>A look back at the high-level dialogue between Professor Fabi\u00e1n  [&#8230;]<\/p>\n","protected":false},"author":2,"featured_media":0,"comment_status":"open","ping_status":"closed","sticky":false,"template":"","format":"standard","meta":{"footnotes":""},"categories":[100],"tags":[],"class_list":["post-4992","post","type-post","status-publish","format-standard","hentry","category-press-releases-news"],"yoast_head":"<!-- This site is optimized with the Yoast SEO plugin v27.5 - https:\/\/yoast.com\/product\/yoast-seo-wordpress\/ -->\n<title>Transatlantic dialogue - An exchange between Fabi\u00e1n Salvioli and S\u00e9bastien Touz\u00e9 - Fondation Ren\u00e9 CASSIN<\/title>\n<meta name=\"robots\" content=\"index, follow, max-snippet:-1, max-image-preview:large, max-video-preview:-1\" \/>\n<link rel=\"canonical\" href=\"https:\/\/www.iidh.org\/en\/transatlantic-dialogue-an-exchange-between-fabian-salvioli-and-sebastien-touze\/\" \/>\n<meta property=\"og:locale\" content=\"en_US\" \/>\n<meta property=\"og:type\" content=\"article\" \/>\n<meta property=\"og:title\" content=\"Transatlantic dialogue - An exchange between Fabi\u00e1n Salvioli and S\u00e9bastien Touz\u00e9 - Fondation Ren\u00e9 CASSIN\" \/>\n<meta property=\"og:description\" content=\"A look back at the high-level dialogue between Professor Fabi\u00e1n [...]\" \/>\n<meta property=\"og:url\" content=\"https:\/\/www.iidh.org\/en\/transatlantic-dialogue-an-exchange-between-fabian-salvioli-and-sebastien-touze\/\" \/>\n<meta property=\"og:site_name\" content=\"Fondation Ren\u00e9 CASSIN\" \/>\n<meta property=\"article:publisher\" content=\"https:\/\/www.facebook.com\/FondationReneCassin\/\" \/>\n<meta property=\"article:published_time\" content=\"2023-09-11T05:09:32+00:00\" \/>\n<meta property=\"article:modified_time\" content=\"2024-11-08T13:17:24+00:00\" \/>\n<meta property=\"og:image\" content=\"https:\/\/www.iidh.org\/wp-content\/uploads\/2024\/10\/vignette-iidh.jpg\" \/>\n\t<meta property=\"og:image:width\" content=\"1200\" \/>\n\t<meta property=\"og:image:height\" content=\"675\" \/>\n\t<meta property=\"og:image:type\" content=\"image\/jpeg\" \/>\n<meta name=\"author\" content=\"iidh\" \/>\n<meta name=\"twitter:card\" content=\"summary_large_image\" \/>\n<meta name=\"twitter:creator\" content=\"@IIDHStrasbourg\" \/>\n<meta name=\"twitter:site\" content=\"@IIDHStrasbourg\" \/>\n<meta name=\"twitter:label1\" content=\"Written by\" \/>\n\t<meta name=\"twitter:data1\" content=\"iidh\" \/>\n\t<meta name=\"twitter:label2\" content=\"Est. reading time\" \/>\n\t<meta name=\"twitter:data2\" content=\"1 minute\" \/>\n<script type=\"application\/ld+json\" class=\"yoast-schema-graph\">{\"@context\":\"https:\\\/\\\/schema.org\",\"@graph\":[{\"@type\":\"Article\",\"@id\":\"https:\\\/\\\/www.iidh.org\\\/en\\\/transatlantic-dialogue-an-exchange-between-fabian-salvioli-and-sebastien-touze\\\/#article\",\"isPartOf\":{\"@id\":\"https:\\\/\\\/www.iidh.org\\\/en\\\/transatlantic-dialogue-an-exchange-between-fabian-salvioli-and-sebastien-touze\\\/\"},\"author\":{\"name\":\"iidh\",\"@id\":\"https:\\\/\\\/www.iidh.org\\\/en\\\/#\\\/schema\\\/person\\\/b11ebaff7344b9379adfa42046c36b7b\"},\"headline\":\"Transatlantic dialogue &#8211; An exchange between Fabi\u00e1n Salvioli and S\u00e9bastien Touz\u00e9\",\"datePublished\":\"2023-09-11T05:09:32+00:00\",\"dateModified\":\"2024-11-08T13:17:24+00:00\",\"mainEntityOfPage\":{\"@id\":\"https:\\\/\\\/www.iidh.org\\\/en\\\/transatlantic-dialogue-an-exchange-between-fabian-salvioli-and-sebastien-touze\\\/\"},\"wordCount\":184,\"commentCount\":0,\"publisher\":{\"@id\":\"https:\\\/\\\/www.iidh.org\\\/en\\\/#organization\"},\"articleSection\":[\"Press releases \\\/ News\"],\"inLanguage\":\"en-US\",\"potentialAction\":[{\"@type\":\"CommentAction\",\"name\":\"Comment\",\"target\":[\"https:\\\/\\\/www.iidh.org\\\/en\\\/transatlantic-dialogue-an-exchange-between-fabian-salvioli-and-sebastien-touze\\\/#respond\"]}]},{\"@type\":\"WebPage\",\"@id\":\"https:\\\/\\\/www.iidh.org\\\/en\\\/transatlantic-dialogue-an-exchange-between-fabian-salvioli-and-sebastien-touze\\\/\",\"url\":\"https:\\\/\\\/www.iidh.org\\\/en\\\/transatlantic-dialogue-an-exchange-between-fabian-salvioli-and-sebastien-touze\\\/\",\"name\":\"Transatlantic dialogue - An exchange between Fabi\u00e1n Salvioli and S\u00e9bastien Touz\u00e9 - Fondation Ren\u00e9 CASSIN\",\"isPartOf\":{\"@id\":\"https:\\\/\\\/www.iidh.org\\\/en\\\/#website\"},\"datePublished\":\"2023-09-11T05:09:32+00:00\",\"dateModified\":\"2024-11-08T13:17:24+00:00\",\"breadcrumb\":{\"@id\":\"https:\\\/\\\/www.iidh.org\\\/en\\\/transatlantic-dialogue-an-exchange-between-fabian-salvioli-and-sebastien-touze\\\/#breadcrumb\"},\"inLanguage\":\"en-US\",\"potentialAction\":[{\"@type\":\"ReadAction\",\"target\":[\"https:\\\/\\\/www.iidh.org\\\/en\\\/transatlantic-dialogue-an-exchange-between-fabian-salvioli-and-sebastien-touze\\\/\"]}]},{\"@type\":\"BreadcrumbList\",\"@id\":\"https:\\\/\\\/www.iidh.org\\\/en\\\/transatlantic-dialogue-an-exchange-between-fabian-salvioli-and-sebastien-touze\\\/#breadcrumb\",\"itemListElement\":[{\"@type\":\"ListItem\",\"position\":1,\"name\":\"Accueil\",\"item\":\"https:\\\/\\\/www.iidh.org\\\/en\\\/\"},{\"@type\":\"ListItem\",\"position\":2,\"name\":\"Transatlantic dialogue &#8211; An exchange between Fabi\u00e1n Salvioli and S\u00e9bastien Touz\u00e9\"}]},{\"@type\":\"WebSite\",\"@id\":\"https:\\\/\\\/www.iidh.org\\\/en\\\/#website\",\"url\":\"https:\\\/\\\/www.iidh.org\\\/en\\\/\",\"name\":\"Fondation Ren\u00e9 CASSIN\",\"description\":\"\",\"publisher\":{\"@id\":\"https:\\\/\\\/www.iidh.org\\\/en\\\/#organization\"},\"potentialAction\":[{\"@type\":\"SearchAction\",\"target\":{\"@type\":\"EntryPoint\",\"urlTemplate\":\"https:\\\/\\\/www.iidh.org\\\/en\\\/?s={search_term_string}\"},\"query-input\":{\"@type\":\"PropertyValueSpecification\",\"valueRequired\":true,\"valueName\":\"search_term_string\"}}],\"inLanguage\":\"en-US\"},{\"@type\":\"Organization\",\"@id\":\"https:\\\/\\\/www.iidh.org\\\/en\\\/#organization\",\"name\":\"Fondation Ren\u00e9 CASSIN\",\"url\":\"https:\\\/\\\/www.iidh.org\\\/en\\\/\",\"logo\":{\"@type\":\"ImageObject\",\"inLanguage\":\"en-US\",\"@id\":\"https:\\\/\\\/www.iidh.org\\\/en\\\/#\\\/schema\\\/logo\\\/image\\\/\",\"url\":\"https:\\\/\\\/www.iidh.org\\\/wp-content\\\/uploads\\\/2024\\\/09\\\/LOGO_FRC-rouge.svg\",\"contentUrl\":\"https:\\\/\\\/www.iidh.org\\\/wp-content\\\/uploads\\\/2024\\\/09\\\/LOGO_FRC-rouge.svg\",\"width\":699,\"height\":221,\"caption\":\"Fondation Ren\u00e9 CASSIN\"},\"image\":{\"@id\":\"https:\\\/\\\/www.iidh.org\\\/en\\\/#\\\/schema\\\/logo\\\/image\\\/\"},\"sameAs\":[\"https:\\\/\\\/www.facebook.com\\\/FondationReneCassin\\\/\",\"https:\\\/\\\/x.com\\\/IIDHStrasbourg\",\"https:\\\/\\\/www.instagram.com\\\/fondationrenecassin\\\/\"]},{\"@type\":\"Person\",\"@id\":\"https:\\\/\\\/www.iidh.org\\\/en\\\/#\\\/schema\\\/person\\\/b11ebaff7344b9379adfa42046c36b7b\",\"name\":\"iidh\"}]}<\/script>\n<!-- \/ Yoast SEO plugin. -->","yoast_head_json":{"title":"Transatlantic dialogue - An exchange between Fabi\u00e1n Salvioli and S\u00e9bastien Touz\u00e9 - Fondation Ren\u00e9 CASSIN","robots":{"index":"index","follow":"follow","max-snippet":"max-snippet:-1","max-image-preview":"max-image-preview:large","max-video-preview":"max-video-preview:-1"},"canonical":"https:\/\/www.iidh.org\/en\/transatlantic-dialogue-an-exchange-between-fabian-salvioli-and-sebastien-touze\/","og_locale":"en_US","og_type":"article","og_title":"Transatlantic dialogue - An exchange between Fabi\u00e1n Salvioli and S\u00e9bastien Touz\u00e9 - Fondation Ren\u00e9 CASSIN","og_description":"A look back at the high-level dialogue between Professor Fabi\u00e1n [...]","og_url":"https:\/\/www.iidh.org\/en\/transatlantic-dialogue-an-exchange-between-fabian-salvioli-and-sebastien-touze\/","og_site_name":"Fondation Ren\u00e9 CASSIN","article_publisher":"https:\/\/www.facebook.com\/FondationReneCassin\/","article_published_time":"2023-09-11T05:09:32+00:00","article_modified_time":"2024-11-08T13:17:24+00:00","og_image":[{"width":1200,"height":675,"url":"https:\/\/www.iidh.org\/wp-content\/uploads\/2024\/10\/vignette-iidh.jpg","type":"image\/jpeg"}],"author":"iidh","twitter_card":"summary_large_image","twitter_creator":"@IIDHStrasbourg","twitter_site":"@IIDHStrasbourg","twitter_misc":{"Written by":"iidh","Est. reading time":"1 minute"},"schema":{"@context":"https:\/\/schema.org","@graph":[{"@type":"Article","@id":"https:\/\/www.iidh.org\/en\/transatlantic-dialogue-an-exchange-between-fabian-salvioli-and-sebastien-touze\/#article","isPartOf":{"@id":"https:\/\/www.iidh.org\/en\/transatlantic-dialogue-an-exchange-between-fabian-salvioli-and-sebastien-touze\/"},"author":{"name":"iidh","@id":"https:\/\/www.iidh.org\/en\/#\/schema\/person\/b11ebaff7344b9379adfa42046c36b7b"},"headline":"Transatlantic dialogue &#8211; An exchange between Fabi\u00e1n Salvioli and S\u00e9bastien Touz\u00e9","datePublished":"2023-09-11T05:09:32+00:00","dateModified":"2024-11-08T13:17:24+00:00","mainEntityOfPage":{"@id":"https:\/\/www.iidh.org\/en\/transatlantic-dialogue-an-exchange-between-fabian-salvioli-and-sebastien-touze\/"},"wordCount":184,"commentCount":0,"publisher":{"@id":"https:\/\/www.iidh.org\/en\/#organization"},"articleSection":["Press releases \/ News"],"inLanguage":"en-US","potentialAction":[{"@type":"CommentAction","name":"Comment","target":["https:\/\/www.iidh.org\/en\/transatlantic-dialogue-an-exchange-between-fabian-salvioli-and-sebastien-touze\/#respond"]}]},{"@type":"WebPage","@id":"https:\/\/www.iidh.org\/en\/transatlantic-dialogue-an-exchange-between-fabian-salvioli-and-sebastien-touze\/","url":"https:\/\/www.iidh.org\/en\/transatlantic-dialogue-an-exchange-between-fabian-salvioli-and-sebastien-touze\/","name":"Transatlantic dialogue - An exchange between Fabi\u00e1n Salvioli and S\u00e9bastien Touz\u00e9 - Fondation Ren\u00e9 CASSIN","isPartOf":{"@id":"https:\/\/www.iidh.org\/en\/#website"},"datePublished":"2023-09-11T05:09:32+00:00","dateModified":"2024-11-08T13:17:24+00:00","breadcrumb":{"@id":"https:\/\/www.iidh.org\/en\/transatlantic-dialogue-an-exchange-between-fabian-salvioli-and-sebastien-touze\/#breadcrumb"},"inLanguage":"en-US","potentialAction":[{"@type":"ReadAction","target":["https:\/\/www.iidh.org\/en\/transatlantic-dialogue-an-exchange-between-fabian-salvioli-and-sebastien-touze\/"]}]},{"@type":"BreadcrumbList","@id":"https:\/\/www.iidh.org\/en\/transatlantic-dialogue-an-exchange-between-fabian-salvioli-and-sebastien-touze\/#breadcrumb","itemListElement":[{"@type":"ListItem","position":1,"name":"Accueil","item":"https:\/\/www.iidh.org\/en\/"},{"@type":"ListItem","position":2,"name":"Transatlantic dialogue &#8211; An exchange between Fabi\u00e1n Salvioli and S\u00e9bastien Touz\u00e9"}]},{"@type":"WebSite","@id":"https:\/\/www.iidh.org\/en\/#website","url":"https:\/\/www.iidh.org\/en\/","name":"Fondation Ren\u00e9 CASSIN","description":"","publisher":{"@id":"https:\/\/www.iidh.org\/en\/#organization"},"potentialAction":[{"@type":"SearchAction","target":{"@type":"EntryPoint","urlTemplate":"https:\/\/www.iidh.org\/en\/?s={search_term_string}"},"query-input":{"@type":"PropertyValueSpecification","valueRequired":true,"valueName":"search_term_string"}}],"inLanguage":"en-US"},{"@type":"Organization","@id":"https:\/\/www.iidh.org\/en\/#organization","name":"Fondation Ren\u00e9 CASSIN","url":"https:\/\/www.iidh.org\/en\/","logo":{"@type":"ImageObject","inLanguage":"en-US","@id":"https:\/\/www.iidh.org\/en\/#\/schema\/logo\/image\/","url":"https:\/\/www.iidh.org\/wp-content\/uploads\/2024\/09\/LOGO_FRC-rouge.svg","contentUrl":"https:\/\/www.iidh.org\/wp-content\/uploads\/2024\/09\/LOGO_FRC-rouge.svg","width":699,"height":221,"caption":"Fondation Ren\u00e9 CASSIN"},"image":{"@id":"https:\/\/www.iidh.org\/en\/#\/schema\/logo\/image\/"},"sameAs":["https:\/\/www.facebook.com\/FondationReneCassin\/","https:\/\/x.com\/IIDHStrasbourg","https:\/\/www.instagram.com\/fondationrenecassin\/"]},{"@type":"Person","@id":"https:\/\/www.iidh.org\/en\/#\/schema\/person\/b11ebaff7344b9379adfa42046c36b7b","name":"iidh"}]}},"_links":{"self":[{"href":"https:\/\/www.iidh.org\/en\/wp-json\/wp\/v2\/posts\/4992","targetHints":{"allow":["GET"]}}],"collection":[{"href":"https:\/\/www.iidh.org\/en\/wp-json\/wp\/v2\/posts"}],"about":[{"href":"https:\/\/www.iidh.org\/en\/wp-json\/wp\/v2\/types\/post"}],"author":[{"embeddable":true,"href":"https:\/\/www.iidh.org\/en\/wp-json\/wp\/v2\/users\/2"}],"replies":[{"embeddable":true,"href":"https:\/\/www.iidh.org\/en\/wp-json\/wp\/v2\/comments?post=4992"}],"version-history":[{"count":4,"href":"https:\/\/www.iidh.org\/en\/wp-json\/wp\/v2\/posts\/4992\/revisions"}],"predecessor-version":[{"id":5007,"href":"https:\/\/www.iidh.org\/en\/wp-json\/wp\/v2\/posts\/4992\/revisions\/5007"}],"wp:attachment":[{"href":"https:\/\/www.iidh.org\/en\/wp-json\/wp\/v2\/media?parent=4992"}],"wp:term":[{"taxonomy":"category","embeddable":true,"href":"https:\/\/www.iidh.org\/en\/wp-json\/wp\/v2\/categories?post=4992"},{"taxonomy":"post_tag","embeddable":true,"href":"https:\/\/www.iidh.org\/en\/wp-json\/wp\/v2\/tags?post=4992"}],"curies":[{"name":"wp","href":"https:\/\/api.w.org\/{rel}","templated":true}]}}