{"id":5001,"date":"2023-10-17T07:07:51","date_gmt":"2023-10-17T05:07:51","guid":{"rendered":"https:\/\/www.iidh.org\/proceedings-of-the-one-day-tribute-to-rene-cassin-75th-anniversary-of-the-udhr\/"},"modified":"2024-11-08T15:17:23","modified_gmt":"2024-11-08T13:17:23","slug":"proceedings-of-the-one-day-tribute-to-rene-cassin-75th-anniversary-of-the-udhr","status":"publish","type":"post","link":"https:\/\/www.iidh.org\/en\/proceedings-of-the-one-day-tribute-to-rene-cassin-75th-anniversary-of-the-udhr\/","title":{"rendered":"Proceedings of the one-day tribute to Ren\u00e9 Cassin &#8211; 75th anniversary of the UDHR"},"content":{"rendered":"<p>In October 2017, <b>the<i> Revue trimestrielle des droits de l&#8217;homme<\/i><\/b> published in its n\u00b0 112 the proceedings of a one-day Tribute to Ren\u00e9 Cassin, organized in Strasbourg by our Foundation in close collaboration with the Council of Europe and the Commission nationale consultative des droits de l&#8217;homme (CNCDH). We are delighted to be able to make this document available online, <b><a href=\"https:\/\/www.iidh.org\/wp-content\/uploads\/2023\/10\/Tire-a-part-Rev.-trim.-dr.-h.-112-1-octobre-2017-Hommage-a-Rene-Cassin.pdf\">in free access here<\/a><\/b>to mark the <b><sup>75th<\/sup> anniversary of the Universal Declaration of Human Rights<\/b>. We would like to thank <i>Anth\u00e9mis <\/i>Editions <i>, <\/i>and refer you to the RTDH website, which includes an index of all the articles published since the creation of the Revue in 1990. This tribute to Ren\u00e9 Cassin, which brings together exceptional personal accounts with historical and legal studies, comprises several sections that can also be consulted separately:<\/p>\n<p><em><strong>1- Opening speeches<\/strong><\/em><\/p>\n<p>&#8211; Guido RAIMONDI , President of the European Court of Human Rights: &#8220;Ren\u00e9 Cassin, l&#8217;homme de la situation&#8221; &#8211; Jean-Paul COSTA, President of the Ren\u00e9 Cassin Foundation. &#8211; Christine LAZERGES, President of the CNCDH.<\/p>\n<p><em><strong>  2- Personal testimonials  <\/strong><\/em><\/p>\n<p>&#8211; Nicole QUESTIAUX &#8211; Alain BERTHOZ &#8211; Jean WALINE &#8211; Jean-Bernard MARIE<\/p>\n<p><em><strong>  3- Ren\u00e9 Cassin, contemporary capital<\/strong><\/em><\/p>\n<p>&#8211; Claude HENRY: &#8220;Ren\u00e9 Cassin, combattant des deux guerres&#8221; &#8211; Charles LEBEN: &#8220;La place du juda\u00efsme dans la formation du r\u00e9publicain la\u00efc et l&#8217;action de Ren\u00e9 Cassin \u00e0 l&#8217;Alliance isra\u00e9lite universelle&#8221;. &#8211; Valentine ZUBER: &#8220;La dimension philosophique de l&#8217;\u0153uvre de Ren\u00e9 Cassin face \u00e0 la critique des droits de l&#8217;homme&#8221;.<\/p>\n<p><em><b>  4- The topicality of Ren\u00e9 Cassin&#8217;s work<\/b><\/em><\/p>\n<p>&#8211; Emmanuel DECAUX: &#8220;International lessons&#8221;. &#8211; S\u00e9bastien TOUZE: &#8220;European lessons&#8221;. &#8211; Patrick WACHSMANN: &#8220;Ren\u00e9 Cassin constitutionalist&#8221;. &#8211; Catherine TEITGEN-COLLY: &#8220;Administrative lessons&#8221;.<\/p>\n<p><em><strong>  5- General conclusions<\/strong><\/em><\/p>\n<p>&#8211; Laurence BURGORGUE LARSEN: &#8220;The extraordinary destiny of Ren\u00e9 Cassin&#8221;.<\/p>\n","protected":false},"excerpt":{"rendered":"<p>In October 2017, the Revue trimestrielle des droits de l&#8217;homme  [&#8230;]<\/p>\n","protected":false},"author":2,"featured_media":7148,"comment_status":"open","ping_status":"closed","sticky":false,"template":"","format":"standard","meta":{"footnotes":""},"categories":[123,100],"tags":[],"class_list":["post-5001","post","type-post","status-publish","format-standard","has-post-thumbnail","hentry","category-commemoration","category-press-releases-news"],"yoast_head":"<!-- This site is optimized with the Yoast SEO plugin v27.5 - https:\/\/yoast.com\/product\/yoast-seo-wordpress\/ -->\n<title>Proceedings of the one-day tribute to Ren\u00e9 Cassin - 75th anniversary of the UDHR - Fondation Ren\u00e9 CASSIN<\/title>\n<meta name=\"robots\" content=\"index, follow, max-snippet:-1, max-image-preview:large, max-video-preview:-1\" \/>\n<link rel=\"canonical\" href=\"https:\/\/www.iidh.org\/en\/proceedings-of-the-one-day-tribute-to-rene-cassin-75th-anniversary-of-the-udhr\/\" \/>\n<meta property=\"og:locale\" content=\"en_US\" \/>\n<meta property=\"og:type\" content=\"article\" \/>\n<meta property=\"og:title\" content=\"Proceedings of the one-day tribute to Ren\u00e9 Cassin - 75th anniversary of the UDHR - Fondation Ren\u00e9 CASSIN\" \/>\n<meta property=\"og:description\" content=\"In October 2017, the Revue trimestrielle des droits de l&#8217;homme [...]\" \/>\n<meta property=\"og:url\" content=\"https:\/\/www.iidh.org\/en\/proceedings-of-the-one-day-tribute-to-rene-cassin-75th-anniversary-of-the-udhr\/\" \/>\n<meta property=\"og:site_name\" content=\"Fondation Ren\u00e9 CASSIN\" \/>\n<meta property=\"article:publisher\" content=\"https:\/\/www.facebook.com\/FondationReneCassin\/\" \/>\n<meta property=\"article:published_time\" content=\"2023-10-17T05:07:51+00:00\" \/>\n<meta property=\"article:modified_time\" content=\"2024-11-08T13:17:23+00:00\" \/>\n<meta property=\"og:image\" content=\"https:\/\/www.iidh.org\/wp-content\/uploads\/2023\/10\/RTDH.jpg\" \/>\n\t<meta property=\"og:image:width\" content=\"567\" \/>\n\t<meta property=\"og:image:height\" content=\"833\" \/>\n\t<meta property=\"og:image:type\" content=\"image\/jpeg\" \/>\n<meta name=\"author\" content=\"iidh\" \/>\n<meta name=\"twitter:card\" content=\"summary_large_image\" \/>\n<meta name=\"twitter:creator\" content=\"@IIDHStrasbourg\" \/>\n<meta name=\"twitter:site\" content=\"@IIDHStrasbourg\" \/>\n<meta name=\"twitter:label1\" content=\"Written by\" \/>\n\t<meta name=\"twitter:data1\" content=\"iidh\" \/>\n\t<meta name=\"twitter:label2\" content=\"Est. reading time\" \/>\n\t<meta name=\"twitter:data2\" content=\"1 minute\" \/>\n<script type=\"application\/ld+json\" class=\"yoast-schema-graph\">{\"@context\":\"https:\\\/\\\/schema.org\",\"@graph\":[{\"@type\":\"Article\",\"@id\":\"https:\\\/\\\/www.iidh.org\\\/en\\\/proceedings-of-the-one-day-tribute-to-rene-cassin-75th-anniversary-of-the-udhr\\\/#article\",\"isPartOf\":{\"@id\":\"https:\\\/\\\/www.iidh.org\\\/en\\\/proceedings-of-the-one-day-tribute-to-rene-cassin-75th-anniversary-of-the-udhr\\\/\"},\"author\":{\"name\":\"iidh\",\"@id\":\"https:\\\/\\\/www.iidh.org\\\/en\\\/#\\\/schema\\\/person\\\/b11ebaff7344b9379adfa42046c36b7b\"},\"headline\":\"Proceedings of the one-day tribute to Ren\u00e9 Cassin &#8211; 75th anniversary of the UDHR\",\"datePublished\":\"2023-10-17T05:07:51+00:00\",\"dateModified\":\"2024-11-08T13:17:23+00:00\",\"mainEntityOfPage\":{\"@id\":\"https:\\\/\\\/www.iidh.org\\\/en\\\/proceedings-of-the-one-day-tribute-to-rene-cassin-75th-anniversary-of-the-udhr\\\/\"},\"wordCount\":302,\"commentCount\":0,\"publisher\":{\"@id\":\"https:\\\/\\\/www.iidh.org\\\/en\\\/#organization\"},\"image\":{\"@id\":\"https:\\\/\\\/www.iidh.org\\\/en\\\/proceedings-of-the-one-day-tribute-to-rene-cassin-75th-anniversary-of-the-udhr\\\/#primaryimage\"},\"thumbnailUrl\":\"https:\\\/\\\/www.iidh.org\\\/wp-content\\\/uploads\\\/2023\\\/10\\\/RTDH.jpg\",\"articleSection\":[\"Commemoration\",\"Press releases \\\/ News\"],\"inLanguage\":\"en-US\",\"potentialAction\":[{\"@type\":\"CommentAction\",\"name\":\"Comment\",\"target\":[\"https:\\\/\\\/www.iidh.org\\\/en\\\/proceedings-of-the-one-day-tribute-to-rene-cassin-75th-anniversary-of-the-udhr\\\/#respond\"]}]},{\"@type\":\"WebPage\",\"@id\":\"https:\\\/\\\/www.iidh.org\\\/en\\\/proceedings-of-the-one-day-tribute-to-rene-cassin-75th-anniversary-of-the-udhr\\\/\",\"url\":\"https:\\\/\\\/www.iidh.org\\\/en\\\/proceedings-of-the-one-day-tribute-to-rene-cassin-75th-anniversary-of-the-udhr\\\/\",\"name\":\"Proceedings of the one-day tribute to Ren\u00e9 Cassin - 75th anniversary of the UDHR - Fondation Ren\u00e9 CASSIN\",\"isPartOf\":{\"@id\":\"https:\\\/\\\/www.iidh.org\\\/en\\\/#website\"},\"primaryImageOfPage\":{\"@id\":\"https:\\\/\\\/www.iidh.org\\\/en\\\/proceedings-of-the-one-day-tribute-to-rene-cassin-75th-anniversary-of-the-udhr\\\/#primaryimage\"},\"image\":{\"@id\":\"https:\\\/\\\/www.iidh.org\\\/en\\\/proceedings-of-the-one-day-tribute-to-rene-cassin-75th-anniversary-of-the-udhr\\\/#primaryimage\"},\"thumbnailUrl\":\"https:\\\/\\\/www.iidh.org\\\/wp-content\\\/uploads\\\/2023\\\/10\\\/RTDH.jpg\",\"datePublished\":\"2023-10-17T05:07:51+00:00\",\"dateModified\":\"2024-11-08T13:17:23+00:00\",\"breadcrumb\":{\"@id\":\"https:\\\/\\\/www.iidh.org\\\/en\\\/proceedings-of-the-one-day-tribute-to-rene-cassin-75th-anniversary-of-the-udhr\\\/#breadcrumb\"},\"inLanguage\":\"en-US\",\"potentialAction\":[{\"@type\":\"ReadAction\",\"target\":[\"https:\\\/\\\/www.iidh.org\\\/en\\\/proceedings-of-the-one-day-tribute-to-rene-cassin-75th-anniversary-of-the-udhr\\\/\"]}]},{\"@type\":\"ImageObject\",\"inLanguage\":\"en-US\",\"@id\":\"https:\\\/\\\/www.iidh.org\\\/en\\\/proceedings-of-the-one-day-tribute-to-rene-cassin-75th-anniversary-of-the-udhr\\\/#primaryimage\",\"url\":\"https:\\\/\\\/www.iidh.org\\\/wp-content\\\/uploads\\\/2023\\\/10\\\/RTDH.jpg\",\"contentUrl\":\"https:\\\/\\\/www.iidh.org\\\/wp-content\\\/uploads\\\/2023\\\/10\\\/RTDH.jpg\",\"width\":567,\"height\":833,\"caption\":\"RTDH\"},{\"@type\":\"BreadcrumbList\",\"@id\":\"https:\\\/\\\/www.iidh.org\\\/en\\\/proceedings-of-the-one-day-tribute-to-rene-cassin-75th-anniversary-of-the-udhr\\\/#breadcrumb\",\"itemListElement\":[{\"@type\":\"ListItem\",\"position\":1,\"name\":\"Accueil\",\"item\":\"https:\\\/\\\/www.iidh.org\\\/en\\\/\"},{\"@type\":\"ListItem\",\"position\":2,\"name\":\"Proceedings of the one-day tribute to Ren\u00e9 Cassin &#8211; 75th anniversary of the UDHR\"}]},{\"@type\":\"WebSite\",\"@id\":\"https:\\\/\\\/www.iidh.org\\\/en\\\/#website\",\"url\":\"https:\\\/\\\/www.iidh.org\\\/en\\\/\",\"name\":\"Fondation Ren\u00e9 CASSIN\",\"description\":\"\",\"publisher\":{\"@id\":\"https:\\\/\\\/www.iidh.org\\\/en\\\/#organization\"},\"potentialAction\":[{\"@type\":\"SearchAction\",\"target\":{\"@type\":\"EntryPoint\",\"urlTemplate\":\"https:\\\/\\\/www.iidh.org\\\/en\\\/?s={search_term_string}\"},\"query-input\":{\"@type\":\"PropertyValueSpecification\",\"valueRequired\":true,\"valueName\":\"search_term_string\"}}],\"inLanguage\":\"en-US\"},{\"@type\":\"Organization\",\"@id\":\"https:\\\/\\\/www.iidh.org\\\/en\\\/#organization\",\"name\":\"Fondation Ren\u00e9 CASSIN\",\"url\":\"https:\\\/\\\/www.iidh.org\\\/en\\\/\",\"logo\":{\"@type\":\"ImageObject\",\"inLanguage\":\"en-US\",\"@id\":\"https:\\\/\\\/www.iidh.org\\\/en\\\/#\\\/schema\\\/logo\\\/image\\\/\",\"url\":\"https:\\\/\\\/www.iidh.org\\\/wp-content\\\/uploads\\\/2024\\\/09\\\/LOGO_FRC-rouge.svg\",\"contentUrl\":\"https:\\\/\\\/www.iidh.org\\\/wp-content\\\/uploads\\\/2024\\\/09\\\/LOGO_FRC-rouge.svg\",\"width\":699,\"height\":221,\"caption\":\"Fondation Ren\u00e9 CASSIN\"},\"image\":{\"@id\":\"https:\\\/\\\/www.iidh.org\\\/en\\\/#\\\/schema\\\/logo\\\/image\\\/\"},\"sameAs\":[\"https:\\\/\\\/www.facebook.com\\\/FondationReneCassin\\\/\",\"https:\\\/\\\/x.com\\\/IIDHStrasbourg\",\"https:\\\/\\\/www.instagram.com\\\/fondationrenecassin\\\/\"]},{\"@type\":\"Person\",\"@id\":\"https:\\\/\\\/www.iidh.org\\\/en\\\/#\\\/schema\\\/person\\\/b11ebaff7344b9379adfa42046c36b7b\",\"name\":\"iidh\"}]}<\/script>\n<!-- \/ Yoast SEO plugin. -->","yoast_head_json":{"title":"Proceedings of the one-day tribute to Ren\u00e9 Cassin - 75th anniversary of the UDHR - Fondation Ren\u00e9 CASSIN","robots":{"index":"index","follow":"follow","max-snippet":"max-snippet:-1","max-image-preview":"max-image-preview:large","max-video-preview":"max-video-preview:-1"},"canonical":"https:\/\/www.iidh.org\/en\/proceedings-of-the-one-day-tribute-to-rene-cassin-75th-anniversary-of-the-udhr\/","og_locale":"en_US","og_type":"article","og_title":"Proceedings of the one-day tribute to Ren\u00e9 Cassin - 75th anniversary of the UDHR - Fondation Ren\u00e9 CASSIN","og_description":"In October 2017, the Revue trimestrielle des droits de l&#8217;homme [...]","og_url":"https:\/\/www.iidh.org\/en\/proceedings-of-the-one-day-tribute-to-rene-cassin-75th-anniversary-of-the-udhr\/","og_site_name":"Fondation Ren\u00e9 CASSIN","article_publisher":"https:\/\/www.facebook.com\/FondationReneCassin\/","article_published_time":"2023-10-17T05:07:51+00:00","article_modified_time":"2024-11-08T13:17:23+00:00","og_image":[{"width":567,"height":833,"url":"https:\/\/www.iidh.org\/wp-content\/uploads\/2023\/10\/RTDH.jpg","type":"image\/jpeg"}],"author":"iidh","twitter_card":"summary_large_image","twitter_creator":"@IIDHStrasbourg","twitter_site":"@IIDHStrasbourg","twitter_misc":{"Written by":"iidh","Est. reading time":"1 minute"},"schema":{"@context":"https:\/\/schema.org","@graph":[{"@type":"Article","@id":"https:\/\/www.iidh.org\/en\/proceedings-of-the-one-day-tribute-to-rene-cassin-75th-anniversary-of-the-udhr\/#article","isPartOf":{"@id":"https:\/\/www.iidh.org\/en\/proceedings-of-the-one-day-tribute-to-rene-cassin-75th-anniversary-of-the-udhr\/"},"author":{"name":"iidh","@id":"https:\/\/www.iidh.org\/en\/#\/schema\/person\/b11ebaff7344b9379adfa42046c36b7b"},"headline":"Proceedings of the one-day tribute to Ren\u00e9 Cassin &#8211; 75th anniversary of the UDHR","datePublished":"2023-10-17T05:07:51+00:00","dateModified":"2024-11-08T13:17:23+00:00","mainEntityOfPage":{"@id":"https:\/\/www.iidh.org\/en\/proceedings-of-the-one-day-tribute-to-rene-cassin-75th-anniversary-of-the-udhr\/"},"wordCount":302,"commentCount":0,"publisher":{"@id":"https:\/\/www.iidh.org\/en\/#organization"},"image":{"@id":"https:\/\/www.iidh.org\/en\/proceedings-of-the-one-day-tribute-to-rene-cassin-75th-anniversary-of-the-udhr\/#primaryimage"},"thumbnailUrl":"https:\/\/www.iidh.org\/wp-content\/uploads\/2023\/10\/RTDH.jpg","articleSection":["Commemoration","Press releases \/ News"],"inLanguage":"en-US","potentialAction":[{"@type":"CommentAction","name":"Comment","target":["https:\/\/www.iidh.org\/en\/proceedings-of-the-one-day-tribute-to-rene-cassin-75th-anniversary-of-the-udhr\/#respond"]}]},{"@type":"WebPage","@id":"https:\/\/www.iidh.org\/en\/proceedings-of-the-one-day-tribute-to-rene-cassin-75th-anniversary-of-the-udhr\/","url":"https:\/\/www.iidh.org\/en\/proceedings-of-the-one-day-tribute-to-rene-cassin-75th-anniversary-of-the-udhr\/","name":"Proceedings of the one-day tribute to Ren\u00e9 Cassin - 75th anniversary of the UDHR - Fondation Ren\u00e9 CASSIN","isPartOf":{"@id":"https:\/\/www.iidh.org\/en\/#website"},"primaryImageOfPage":{"@id":"https:\/\/www.iidh.org\/en\/proceedings-of-the-one-day-tribute-to-rene-cassin-75th-anniversary-of-the-udhr\/#primaryimage"},"image":{"@id":"https:\/\/www.iidh.org\/en\/proceedings-of-the-one-day-tribute-to-rene-cassin-75th-anniversary-of-the-udhr\/#primaryimage"},"thumbnailUrl":"https:\/\/www.iidh.org\/wp-content\/uploads\/2023\/10\/RTDH.jpg","datePublished":"2023-10-17T05:07:51+00:00","dateModified":"2024-11-08T13:17:23+00:00","breadcrumb":{"@id":"https:\/\/www.iidh.org\/en\/proceedings-of-the-one-day-tribute-to-rene-cassin-75th-anniversary-of-the-udhr\/#breadcrumb"},"inLanguage":"en-US","potentialAction":[{"@type":"ReadAction","target":["https:\/\/www.iidh.org\/en\/proceedings-of-the-one-day-tribute-to-rene-cassin-75th-anniversary-of-the-udhr\/"]}]},{"@type":"ImageObject","inLanguage":"en-US","@id":"https:\/\/www.iidh.org\/en\/proceedings-of-the-one-day-tribute-to-rene-cassin-75th-anniversary-of-the-udhr\/#primaryimage","url":"https:\/\/www.iidh.org\/wp-content\/uploads\/2023\/10\/RTDH.jpg","contentUrl":"https:\/\/www.iidh.org\/wp-content\/uploads\/2023\/10\/RTDH.jpg","width":567,"height":833,"caption":"RTDH"},{"@type":"BreadcrumbList","@id":"https:\/\/www.iidh.org\/en\/proceedings-of-the-one-day-tribute-to-rene-cassin-75th-anniversary-of-the-udhr\/#breadcrumb","itemListElement":[{"@type":"ListItem","position":1,"name":"Accueil","item":"https:\/\/www.iidh.org\/en\/"},{"@type":"ListItem","position":2,"name":"Proceedings of the one-day tribute to Ren\u00e9 Cassin &#8211; 75th anniversary of the UDHR"}]},{"@type":"WebSite","@id":"https:\/\/www.iidh.org\/en\/#website","url":"https:\/\/www.iidh.org\/en\/","name":"Fondation Ren\u00e9 CASSIN","description":"","publisher":{"@id":"https:\/\/www.iidh.org\/en\/#organization"},"potentialAction":[{"@type":"SearchAction","target":{"@type":"EntryPoint","urlTemplate":"https:\/\/www.iidh.org\/en\/?s={search_term_string}"},"query-input":{"@type":"PropertyValueSpecification","valueRequired":true,"valueName":"search_term_string"}}],"inLanguage":"en-US"},{"@type":"Organization","@id":"https:\/\/www.iidh.org\/en\/#organization","name":"Fondation Ren\u00e9 CASSIN","url":"https:\/\/www.iidh.org\/en\/","logo":{"@type":"ImageObject","inLanguage":"en-US","@id":"https:\/\/www.iidh.org\/en\/#\/schema\/logo\/image\/","url":"https:\/\/www.iidh.org\/wp-content\/uploads\/2024\/09\/LOGO_FRC-rouge.svg","contentUrl":"https:\/\/www.iidh.org\/wp-content\/uploads\/2024\/09\/LOGO_FRC-rouge.svg","width":699,"height":221,"caption":"Fondation Ren\u00e9 CASSIN"},"image":{"@id":"https:\/\/www.iidh.org\/en\/#\/schema\/logo\/image\/"},"sameAs":["https:\/\/www.facebook.com\/FondationReneCassin\/","https:\/\/x.com\/IIDHStrasbourg","https:\/\/www.instagram.com\/fondationrenecassin\/"]},{"@type":"Person","@id":"https:\/\/www.iidh.org\/en\/#\/schema\/person\/b11ebaff7344b9379adfa42046c36b7b","name":"iidh"}]}},"_links":{"self":[{"href":"https:\/\/www.iidh.org\/en\/wp-json\/wp\/v2\/posts\/5001","targetHints":{"allow":["GET"]}}],"collection":[{"href":"https:\/\/www.iidh.org\/en\/wp-json\/wp\/v2\/posts"}],"about":[{"href":"https:\/\/www.iidh.org\/en\/wp-json\/wp\/v2\/types\/post"}],"author":[{"embeddable":true,"href":"https:\/\/www.iidh.org\/en\/wp-json\/wp\/v2\/users\/2"}],"replies":[{"embeddable":true,"href":"https:\/\/www.iidh.org\/en\/wp-json\/wp\/v2\/comments?post=5001"}],"version-history":[{"count":1,"href":"https:\/\/www.iidh.org\/en\/wp-json\/wp\/v2\/posts\/5001\/revisions"}],"predecessor-version":[{"id":5607,"href":"https:\/\/www.iidh.org\/en\/wp-json\/wp\/v2\/posts\/5001\/revisions\/5607"}],"wp:featuredmedia":[{"embeddable":true,"href":"https:\/\/www.iidh.org\/en\/wp-json\/wp\/v2\/media\/7148"}],"wp:attachment":[{"href":"https:\/\/www.iidh.org\/en\/wp-json\/wp\/v2\/media?parent=5001"}],"wp:term":[{"taxonomy":"category","embeddable":true,"href":"https:\/\/www.iidh.org\/en\/wp-json\/wp\/v2\/categories?post=5001"},{"taxonomy":"post_tag","embeddable":true,"href":"https:\/\/www.iidh.org\/en\/wp-json\/wp\/v2\/tags?post=5001"}],"curies":[{"name":"wp","href":"https:\/\/api.w.org\/{rel}","templated":true}]}}