{"id":6004,"date":"2024-12-16T17:27:02","date_gmt":"2024-12-16T15:27:02","guid":{"rendered":"https:\/\/www.iidh.org\/jacques-ribs-prize-for-human-rights-2024\/"},"modified":"2025-01-13T17:02:24","modified_gmt":"2025-01-13T15:02:24","slug":"jacques-ribs-prize-for-human-rights-2024","status":"publish","type":"post","link":"https:\/\/www.iidh.org\/en\/jacques-ribs-prize-for-human-rights-2024\/","title":{"rendered":"Jacques Ribs Prize for Human Rights 2024"},"content":{"rendered":"<div class=\"fusion-fullwidth fullwidth-box fusion-builder-row-1 fusion-flex-container nonhundred-percent-fullwidth non-hundred-percent-height-scrolling\" style=\"--awb-border-radius-top-left:0px;--awb-border-radius-top-right:0px;--awb-border-radius-bottom-right:0px;--awb-border-radius-bottom-left:0px;--awb-flex-wrap:wrap;\" ><div class=\"fusion-builder-row fusion-row fusion-flex-align-items-flex-start fusion-flex-content-wrap\" style=\"max-width:1248px;margin-left: calc(-4% \/ 2 );margin-right: calc(-4% \/ 2 );\"><div class=\"fusion-layout-column fusion_builder_column fusion-builder-column-0 fusion_builder_column_1_1 1_1 fusion-flex-column\" style=\"--awb-bg-size:cover;--awb-width-large:100%;--awb-margin-top-large:0px;--awb-spacing-right-large:1.92%;--awb-margin-bottom-large:0px;--awb-spacing-left-large:1.92%;--awb-width-medium:100%;--awb-spacing-right-medium:1.92%;--awb-spacing-left-medium:1.92%;--awb-width-small:100%;--awb-spacing-right-small:1.92%;--awb-spacing-left-small:1.92%;\"><div class=\"fusion-column-wrapper fusion-flex-justify-content-flex-start fusion-content-layout-column\"><div class=\"fusion-text fusion-text-1\"><h1>Jacques Ribs Prize for Human Rights 2024 ceremony<\/h1>\n<p style=\"text-align: justify;\">The Ren\u00e9 Cassin Foundation &#8211; International Institute of Human Rights organized the first Jacques Ribs Prize for Human Rights, made possible thanks to the generosity of Mr. Jacques Ribs, on Friday December 13, 2024 at the Villa Quai Sturm in Strasbourg.<\/p>\n<p style=\"text-align: justify;\">The prize is awarded in memory of Jacques Ribs, former director of the France Terre d&#8217;Asile association, who devoted his life to defending rights and freedoms. To honor the memory of this eminent defender of rights, S\u00e9bastien Touz\u00e9, Director of the same foundation, supported by the Foundation&#8217;s team, proceeded, over several months, to select major personalities working for human rights throughout the world, in order to submit them to the jury of the Prize. <\/p>\n<p style=\"text-align: justify;\">The jury, chaired by Emmanuel Decaux, President of the Ren\u00e9 Cassin Foundation, and including Vincent Berger, former jurisconsult of the European Court of Human Rights, Jean-Marie Delarue, former Contr\u00f4leur g\u00e9n\u00e9ral des lieux de privation de libert\u00e9, Martine Denis-Linton, former President of the Cour nationale du droit d&#8217;asile, Nicole Questiaux, former Minister of National Solidarity, and Pinar Selek, teacher-researcher, met several times to deliberate.<\/p>\n<p style=\"text-align: justify;\">The first edition of the Prix Jacques Ribs honored two winners with exceptional careers. Ms \u015eebnem Korur Fincanc\u0131, human rights defender, was honored for her more than 30 years of commitment, during which she has put her expertise in forensic medicine at the service of the defense of human rights. Her work has focused in particular on combating inhumane treatment and the use of chemical weapons, with a view to promoting justice. The Prison Insider association, meanwhile, was rewarded for its remarkable actions. Founded in 2015 by Mr. Bernard Bolzer and headed by Ms. Fran\u00e7oise Laufeur, it works by disseminating information on prison conditions around the world, assessing them against the yardstick of fundamental rights. Thanks to their research, their efforts contribute significantly to the fight against torture and the prevention of human rights violations.     <\/p>\n<p style=\"text-align: justify;\">The ceremony was punctuated by a number of high points, and provided an opportunity to bring together many of the major players working to promote fundamental rights around key issues&#8230;<\/p>\n<p style=\"text-align: justify;\">For further information on the Prix Jacques Ribs and the various activities of the Ren\u00e9 Cassin Foundation, please visit our dedicated page: https: <a href=\"https:\/\/www.iidh.org\/autres-actions\/prix-jacques-ribs\/\">\/\/www.iidh.org\/autres-actions\/prix-jacques-ribs\/<\/a><\/p>\n<\/div><div class=\"awb-gallery-wrapper awb-gallery-wrapper-1 button-span-no\" style=\"--more-btn-alignment:center;\"><div style=\"margin:-5px;--awb-bordersize:0px;\" class=\"fusion-gallery fusion-gallery-container fusion-grid-2 fusion-columns-total-2 fusion-gallery-layout-grid fusion-gallery-1\"><div style=\"padding:5px;\" class=\"fusion-grid-column fusion-gallery-column fusion-gallery-column-2 hover-type-none\"><div class=\"fusion-gallery-image\"><a href=\"https:\/\/www.iidh.org\/wp-content\/uploads\/2024\/12\/Affiches-A5-FR_page-0001.jpg\" rel=\"noreferrer\" data-rel=\"iLightbox[gallery_image_1]\" class=\"fusion-lightbox\" target=\"_self\"><img decoding=\"async\" src=\"https:\/\/www.iidh.org\/wp-content\/uploads\/2024\/12\/Affiches-A5-FR_page-0001.jpg\" data-orig-src=\"https:\/\/www.iidh.org\/wp-content\/uploads\/2024\/12\/Affiches-A5-FR_page-0001.jpg\" width=\"874\" height=\"1241\" alt=\"\" title=\"Affiches A5 FR_page-0001\" aria-label=\"Affiches A5 FR_page-0001\" class=\"lazyload img-responsive wp-image-5779\" srcset=\"data:image\/svg+xml,%3Csvg%20xmlns%3D%27http%3A%2F%2Fwww.w3.org%2F2000%2Fsvg%27%20width%3D%27874%27%20height%3D%271241%27%20viewBox%3D%270%200%20874%201241%27%3E%3Crect%20width%3D%27874%27%20height%3D%271241%27%20fill-opacity%3D%220%22%2F%3E%3C%2Fsvg%3E\" data-srcset=\"https:\/\/www.iidh.org\/wp-content\/uploads\/2024\/12\/Affiches-A5-FR_page-0001-200x284.jpg 200w, https:\/\/www.iidh.org\/wp-content\/uploads\/2024\/12\/Affiches-A5-FR_page-0001-400x568.jpg 400w, https:\/\/www.iidh.org\/wp-content\/uploads\/2024\/12\/Affiches-A5-FR_page-0001-600x852.jpg 600w, https:\/\/www.iidh.org\/wp-content\/uploads\/2024\/12\/Affiches-A5-FR_page-0001-800x1136.jpg 800w, https:\/\/www.iidh.org\/wp-content\/uploads\/2024\/12\/Affiches-A5-FR_page-0001.jpg 874w\" data-sizes=\"auto\" data-orig-sizes=\"(min-width: 2200px) 100vw, (min-width: 732px) 598px, (min-width: 640px) 732px, \" \/><\/a><\/div><\/div><div style=\"padding:5px;\" class=\"fusion-grid-column fusion-gallery-column fusion-gallery-column-2 hover-type-none\"><div class=\"fusion-gallery-image\"><a href=\"https:\/\/www.iidh.org\/wp-content\/uploads\/2024\/12\/Affiches-A5-FR_page-0002.jpg\" rel=\"noreferrer\" data-rel=\"iLightbox[gallery_image_1]\" class=\"fusion-lightbox\" target=\"_self\"><img decoding=\"async\" src=\"https:\/\/www.iidh.org\/wp-content\/uploads\/2024\/12\/Affiches-A5-FR_page-0002.jpg\" data-orig-src=\"https:\/\/www.iidh.org\/wp-content\/uploads\/2024\/12\/Affiches-A5-FR_page-0002.jpg\" width=\"874\" height=\"1241\" alt=\"\" title=\"Affiches A5 FR_page-0002\" aria-label=\"Affiches A5 FR_page-0002\" class=\"lazyload img-responsive wp-image-5776\" srcset=\"data:image\/svg+xml,%3Csvg%20xmlns%3D%27http%3A%2F%2Fwww.w3.org%2F2000%2Fsvg%27%20width%3D%27874%27%20height%3D%271241%27%20viewBox%3D%270%200%20874%201241%27%3E%3Crect%20width%3D%27874%27%20height%3D%271241%27%20fill-opacity%3D%220%22%2F%3E%3C%2Fsvg%3E\" data-srcset=\"https:\/\/www.iidh.org\/wp-content\/uploads\/2024\/12\/Affiches-A5-FR_page-0002-200x284.jpg 200w, https:\/\/www.iidh.org\/wp-content\/uploads\/2024\/12\/Affiches-A5-FR_page-0002-400x568.jpg 400w, https:\/\/www.iidh.org\/wp-content\/uploads\/2024\/12\/Affiches-A5-FR_page-0002-600x852.jpg 600w, https:\/\/www.iidh.org\/wp-content\/uploads\/2024\/12\/Affiches-A5-FR_page-0002-800x1136.jpg 800w, https:\/\/www.iidh.org\/wp-content\/uploads\/2024\/12\/Affiches-A5-FR_page-0002.jpg 874w\" data-sizes=\"auto\" data-orig-sizes=\"(min-width: 2200px) 100vw, (min-width: 732px) 598px, (min-width: 640px) 732px, \" \/><\/a><\/div><\/div><div class=\"clearfix\"><\/div><\/div><\/div><\/div><\/div><\/div><\/div>\n","protected":false},"excerpt":{"rendered":"","protected":false},"author":2,"featured_media":5787,"comment_status":"closed","ping_status":"closed","sticky":false,"template":"","format":"standard","meta":{"footnotes":""},"categories":[100],"tags":[],"class_list":["post-6004","post","type-post","status-publish","format-standard","has-post-thumbnail","hentry","category-press-releases-news"],"yoast_head":"<!-- This site is optimized with the Yoast SEO plugin v27.5 - https:\/\/yoast.com\/product\/yoast-seo-wordpress\/ -->\n<title>Jacques Ribs Prize for Human Rights 2024 - Fondation Ren\u00e9 CASSIN<\/title>\n<meta name=\"description\" content=\"On December 13, 2024, the Ren\u00e9 Cassin Foundation organized the Jacques Ribs Prize for Human Rights award ceremony.\" \/>\n<meta name=\"robots\" content=\"index, follow, max-snippet:-1, max-image-preview:large, max-video-preview:-1\" \/>\n<link rel=\"canonical\" href=\"https:\/\/www.iidh.org\/en\/jacques-ribs-prize-for-human-rights-2024\/\" \/>\n<meta property=\"og:locale\" content=\"en_US\" \/>\n<meta property=\"og:type\" content=\"article\" \/>\n<meta property=\"og:title\" content=\"Jacques Ribs Prize for Human Rights 2024 - Fondation Ren\u00e9 CASSIN\" \/>\n<meta property=\"og:description\" content=\"On December 13, 2024, the Ren\u00e9 Cassin Foundation organized the Jacques Ribs Prize for Human Rights award ceremony.\" \/>\n<meta property=\"og:url\" content=\"https:\/\/www.iidh.org\/en\/jacques-ribs-prize-for-human-rights-2024\/\" \/>\n<meta property=\"og:site_name\" content=\"Fondation Ren\u00e9 CASSIN\" \/>\n<meta property=\"article:publisher\" content=\"https:\/\/www.facebook.com\/FondationReneCassin\/\" \/>\n<meta property=\"article:published_time\" content=\"2024-12-16T15:27:02+00:00\" \/>\n<meta property=\"article:modified_time\" content=\"2025-01-13T15:02:24+00:00\" \/>\n<meta property=\"og:image\" content=\"https:\/\/www.iidh.org\/wp-content\/uploads\/2024\/12\/DSC07230-min-1-scaled.jpg\" \/>\n\t<meta property=\"og:image:width\" content=\"2560\" \/>\n\t<meta property=\"og:image:height\" content=\"1707\" \/>\n\t<meta property=\"og:image:type\" content=\"image\/jpeg\" \/>\n<meta name=\"author\" content=\"iidh\" \/>\n<meta name=\"twitter:card\" content=\"summary_large_image\" \/>\n<meta name=\"twitter:creator\" content=\"@IIDHStrasbourg\" \/>\n<meta name=\"twitter:site\" content=\"@IIDHStrasbourg\" \/>\n<meta name=\"twitter:label1\" content=\"Written by\" \/>\n\t<meta name=\"twitter:data1\" content=\"iidh\" \/>\n\t<meta name=\"twitter:label2\" content=\"Est. reading time\" \/>\n\t<meta name=\"twitter:data2\" content=\"3 minutes\" \/>\n<script type=\"application\/ld+json\" class=\"yoast-schema-graph\">{\"@context\":\"https:\\\/\\\/schema.org\",\"@graph\":[{\"@type\":\"Article\",\"@id\":\"https:\\\/\\\/www.iidh.org\\\/en\\\/jacques-ribs-prize-for-human-rights-2024\\\/#article\",\"isPartOf\":{\"@id\":\"https:\\\/\\\/www.iidh.org\\\/en\\\/jacques-ribs-prize-for-human-rights-2024\\\/\"},\"author\":{\"name\":\"iidh\",\"@id\":\"https:\\\/\\\/www.iidh.org\\\/en\\\/#\\\/schema\\\/person\\\/b11ebaff7344b9379adfa42046c36b7b\"},\"headline\":\"Jacques Ribs Prize for Human Rights 2024\",\"datePublished\":\"2024-12-16T15:27:02+00:00\",\"dateModified\":\"2025-01-13T15:02:24+00:00\",\"mainEntityOfPage\":{\"@id\":\"https:\\\/\\\/www.iidh.org\\\/en\\\/jacques-ribs-prize-for-human-rights-2024\\\/\"},\"wordCount\":602,\"publisher\":{\"@id\":\"https:\\\/\\\/www.iidh.org\\\/en\\\/#organization\"},\"image\":{\"@id\":\"https:\\\/\\\/www.iidh.org\\\/en\\\/jacques-ribs-prize-for-human-rights-2024\\\/#primaryimage\"},\"thumbnailUrl\":\"https:\\\/\\\/www.iidh.org\\\/wp-content\\\/uploads\\\/2024\\\/12\\\/DSC07230-min-1-scaled.jpg\",\"articleSection\":[\"Press releases \\\/ News\"],\"inLanguage\":\"en-US\"},{\"@type\":\"WebPage\",\"@id\":\"https:\\\/\\\/www.iidh.org\\\/en\\\/jacques-ribs-prize-for-human-rights-2024\\\/\",\"url\":\"https:\\\/\\\/www.iidh.org\\\/en\\\/jacques-ribs-prize-for-human-rights-2024\\\/\",\"name\":\"Jacques Ribs Prize for Human Rights 2024 - Fondation Ren\u00e9 CASSIN\",\"isPartOf\":{\"@id\":\"https:\\\/\\\/www.iidh.org\\\/en\\\/#website\"},\"primaryImageOfPage\":{\"@id\":\"https:\\\/\\\/www.iidh.org\\\/en\\\/jacques-ribs-prize-for-human-rights-2024\\\/#primaryimage\"},\"image\":{\"@id\":\"https:\\\/\\\/www.iidh.org\\\/en\\\/jacques-ribs-prize-for-human-rights-2024\\\/#primaryimage\"},\"thumbnailUrl\":\"https:\\\/\\\/www.iidh.org\\\/wp-content\\\/uploads\\\/2024\\\/12\\\/DSC07230-min-1-scaled.jpg\",\"datePublished\":\"2024-12-16T15:27:02+00:00\",\"dateModified\":\"2025-01-13T15:02:24+00:00\",\"description\":\"On December 13, 2024, the Ren\u00e9 Cassin Foundation organized the Jacques Ribs Prize for Human Rights award ceremony.\",\"breadcrumb\":{\"@id\":\"https:\\\/\\\/www.iidh.org\\\/en\\\/jacques-ribs-prize-for-human-rights-2024\\\/#breadcrumb\"},\"inLanguage\":\"en-US\",\"potentialAction\":[{\"@type\":\"ReadAction\",\"target\":[\"https:\\\/\\\/www.iidh.org\\\/en\\\/jacques-ribs-prize-for-human-rights-2024\\\/\"]}]},{\"@type\":\"ImageObject\",\"inLanguage\":\"en-US\",\"@id\":\"https:\\\/\\\/www.iidh.org\\\/en\\\/jacques-ribs-prize-for-human-rights-2024\\\/#primaryimage\",\"url\":\"https:\\\/\\\/www.iidh.org\\\/wp-content\\\/uploads\\\/2024\\\/12\\\/DSC07230-min-1-scaled.jpg\",\"contentUrl\":\"https:\\\/\\\/www.iidh.org\\\/wp-content\\\/uploads\\\/2024\\\/12\\\/DSC07230-min-1-scaled.jpg\",\"width\":2560,\"height\":1707,\"caption\":\"Laur\u00e9ats du Prix Jacques Ribs pour les droits de l'homme 2024\"},{\"@type\":\"BreadcrumbList\",\"@id\":\"https:\\\/\\\/www.iidh.org\\\/en\\\/jacques-ribs-prize-for-human-rights-2024\\\/#breadcrumb\",\"itemListElement\":[{\"@type\":\"ListItem\",\"position\":1,\"name\":\"Accueil\",\"item\":\"https:\\\/\\\/www.iidh.org\\\/en\\\/\"},{\"@type\":\"ListItem\",\"position\":2,\"name\":\"Jacques Ribs Prize for Human Rights 2024\"}]},{\"@type\":\"WebSite\",\"@id\":\"https:\\\/\\\/www.iidh.org\\\/en\\\/#website\",\"url\":\"https:\\\/\\\/www.iidh.org\\\/en\\\/\",\"name\":\"Fondation Ren\u00e9 CASSIN\",\"description\":\"\",\"publisher\":{\"@id\":\"https:\\\/\\\/www.iidh.org\\\/en\\\/#organization\"},\"potentialAction\":[{\"@type\":\"SearchAction\",\"target\":{\"@type\":\"EntryPoint\",\"urlTemplate\":\"https:\\\/\\\/www.iidh.org\\\/en\\\/?s={search_term_string}\"},\"query-input\":{\"@type\":\"PropertyValueSpecification\",\"valueRequired\":true,\"valueName\":\"search_term_string\"}}],\"inLanguage\":\"en-US\"},{\"@type\":\"Organization\",\"@id\":\"https:\\\/\\\/www.iidh.org\\\/en\\\/#organization\",\"name\":\"Fondation Ren\u00e9 CASSIN\",\"url\":\"https:\\\/\\\/www.iidh.org\\\/en\\\/\",\"logo\":{\"@type\":\"ImageObject\",\"inLanguage\":\"en-US\",\"@id\":\"https:\\\/\\\/www.iidh.org\\\/en\\\/#\\\/schema\\\/logo\\\/image\\\/\",\"url\":\"https:\\\/\\\/www.iidh.org\\\/wp-content\\\/uploads\\\/2024\\\/09\\\/LOGO_FRC-rouge.svg\",\"contentUrl\":\"https:\\\/\\\/www.iidh.org\\\/wp-content\\\/uploads\\\/2024\\\/09\\\/LOGO_FRC-rouge.svg\",\"width\":699,\"height\":221,\"caption\":\"Fondation Ren\u00e9 CASSIN\"},\"image\":{\"@id\":\"https:\\\/\\\/www.iidh.org\\\/en\\\/#\\\/schema\\\/logo\\\/image\\\/\"},\"sameAs\":[\"https:\\\/\\\/www.facebook.com\\\/FondationReneCassin\\\/\",\"https:\\\/\\\/x.com\\\/IIDHStrasbourg\",\"https:\\\/\\\/www.instagram.com\\\/fondationrenecassin\\\/\"]},{\"@type\":\"Person\",\"@id\":\"https:\\\/\\\/www.iidh.org\\\/en\\\/#\\\/schema\\\/person\\\/b11ebaff7344b9379adfa42046c36b7b\",\"name\":\"iidh\"}]}<\/script>\n<!-- \/ Yoast SEO plugin. -->","yoast_head_json":{"title":"Jacques Ribs Prize for Human Rights 2024 - Fondation Ren\u00e9 CASSIN","description":"On December 13, 2024, the Ren\u00e9 Cassin Foundation organized the Jacques Ribs Prize for Human Rights award ceremony.","robots":{"index":"index","follow":"follow","max-snippet":"max-snippet:-1","max-image-preview":"max-image-preview:large","max-video-preview":"max-video-preview:-1"},"canonical":"https:\/\/www.iidh.org\/en\/jacques-ribs-prize-for-human-rights-2024\/","og_locale":"en_US","og_type":"article","og_title":"Jacques Ribs Prize for Human Rights 2024 - Fondation Ren\u00e9 CASSIN","og_description":"On December 13, 2024, the Ren\u00e9 Cassin Foundation organized the Jacques Ribs Prize for Human Rights award ceremony.","og_url":"https:\/\/www.iidh.org\/en\/jacques-ribs-prize-for-human-rights-2024\/","og_site_name":"Fondation Ren\u00e9 CASSIN","article_publisher":"https:\/\/www.facebook.com\/FondationReneCassin\/","article_published_time":"2024-12-16T15:27:02+00:00","article_modified_time":"2025-01-13T15:02:24+00:00","og_image":[{"width":2560,"height":1707,"url":"https:\/\/www.iidh.org\/wp-content\/uploads\/2024\/12\/DSC07230-min-1-scaled.jpg","type":"image\/jpeg"}],"author":"iidh","twitter_card":"summary_large_image","twitter_creator":"@IIDHStrasbourg","twitter_site":"@IIDHStrasbourg","twitter_misc":{"Written by":"iidh","Est. reading time":"3 minutes"},"schema":{"@context":"https:\/\/schema.org","@graph":[{"@type":"Article","@id":"https:\/\/www.iidh.org\/en\/jacques-ribs-prize-for-human-rights-2024\/#article","isPartOf":{"@id":"https:\/\/www.iidh.org\/en\/jacques-ribs-prize-for-human-rights-2024\/"},"author":{"name":"iidh","@id":"https:\/\/www.iidh.org\/en\/#\/schema\/person\/b11ebaff7344b9379adfa42046c36b7b"},"headline":"Jacques Ribs Prize for Human Rights 2024","datePublished":"2024-12-16T15:27:02+00:00","dateModified":"2025-01-13T15:02:24+00:00","mainEntityOfPage":{"@id":"https:\/\/www.iidh.org\/en\/jacques-ribs-prize-for-human-rights-2024\/"},"wordCount":602,"publisher":{"@id":"https:\/\/www.iidh.org\/en\/#organization"},"image":{"@id":"https:\/\/www.iidh.org\/en\/jacques-ribs-prize-for-human-rights-2024\/#primaryimage"},"thumbnailUrl":"https:\/\/www.iidh.org\/wp-content\/uploads\/2024\/12\/DSC07230-min-1-scaled.jpg","articleSection":["Press releases \/ News"],"inLanguage":"en-US"},{"@type":"WebPage","@id":"https:\/\/www.iidh.org\/en\/jacques-ribs-prize-for-human-rights-2024\/","url":"https:\/\/www.iidh.org\/en\/jacques-ribs-prize-for-human-rights-2024\/","name":"Jacques Ribs Prize for Human Rights 2024 - Fondation Ren\u00e9 CASSIN","isPartOf":{"@id":"https:\/\/www.iidh.org\/en\/#website"},"primaryImageOfPage":{"@id":"https:\/\/www.iidh.org\/en\/jacques-ribs-prize-for-human-rights-2024\/#primaryimage"},"image":{"@id":"https:\/\/www.iidh.org\/en\/jacques-ribs-prize-for-human-rights-2024\/#primaryimage"},"thumbnailUrl":"https:\/\/www.iidh.org\/wp-content\/uploads\/2024\/12\/DSC07230-min-1-scaled.jpg","datePublished":"2024-12-16T15:27:02+00:00","dateModified":"2025-01-13T15:02:24+00:00","description":"On December 13, 2024, the Ren\u00e9 Cassin Foundation organized the Jacques Ribs Prize for Human Rights award ceremony.","breadcrumb":{"@id":"https:\/\/www.iidh.org\/en\/jacques-ribs-prize-for-human-rights-2024\/#breadcrumb"},"inLanguage":"en-US","potentialAction":[{"@type":"ReadAction","target":["https:\/\/www.iidh.org\/en\/jacques-ribs-prize-for-human-rights-2024\/"]}]},{"@type":"ImageObject","inLanguage":"en-US","@id":"https:\/\/www.iidh.org\/en\/jacques-ribs-prize-for-human-rights-2024\/#primaryimage","url":"https:\/\/www.iidh.org\/wp-content\/uploads\/2024\/12\/DSC07230-min-1-scaled.jpg","contentUrl":"https:\/\/www.iidh.org\/wp-content\/uploads\/2024\/12\/DSC07230-min-1-scaled.jpg","width":2560,"height":1707,"caption":"Laur\u00e9ats du Prix Jacques Ribs pour les droits de l'homme 2024"},{"@type":"BreadcrumbList","@id":"https:\/\/www.iidh.org\/en\/jacques-ribs-prize-for-human-rights-2024\/#breadcrumb","itemListElement":[{"@type":"ListItem","position":1,"name":"Accueil","item":"https:\/\/www.iidh.org\/en\/"},{"@type":"ListItem","position":2,"name":"Jacques Ribs Prize for Human Rights 2024"}]},{"@type":"WebSite","@id":"https:\/\/www.iidh.org\/en\/#website","url":"https:\/\/www.iidh.org\/en\/","name":"Fondation Ren\u00e9 CASSIN","description":"","publisher":{"@id":"https:\/\/www.iidh.org\/en\/#organization"},"potentialAction":[{"@type":"SearchAction","target":{"@type":"EntryPoint","urlTemplate":"https:\/\/www.iidh.org\/en\/?s={search_term_string}"},"query-input":{"@type":"PropertyValueSpecification","valueRequired":true,"valueName":"search_term_string"}}],"inLanguage":"en-US"},{"@type":"Organization","@id":"https:\/\/www.iidh.org\/en\/#organization","name":"Fondation Ren\u00e9 CASSIN","url":"https:\/\/www.iidh.org\/en\/","logo":{"@type":"ImageObject","inLanguage":"en-US","@id":"https:\/\/www.iidh.org\/en\/#\/schema\/logo\/image\/","url":"https:\/\/www.iidh.org\/wp-content\/uploads\/2024\/09\/LOGO_FRC-rouge.svg","contentUrl":"https:\/\/www.iidh.org\/wp-content\/uploads\/2024\/09\/LOGO_FRC-rouge.svg","width":699,"height":221,"caption":"Fondation Ren\u00e9 CASSIN"},"image":{"@id":"https:\/\/www.iidh.org\/en\/#\/schema\/logo\/image\/"},"sameAs":["https:\/\/www.facebook.com\/FondationReneCassin\/","https:\/\/x.com\/IIDHStrasbourg","https:\/\/www.instagram.com\/fondationrenecassin\/"]},{"@type":"Person","@id":"https:\/\/www.iidh.org\/en\/#\/schema\/person\/b11ebaff7344b9379adfa42046c36b7b","name":"iidh"}]}},"_links":{"self":[{"href":"https:\/\/www.iidh.org\/en\/wp-json\/wp\/v2\/posts\/6004","targetHints":{"allow":["GET"]}}],"collection":[{"href":"https:\/\/www.iidh.org\/en\/wp-json\/wp\/v2\/posts"}],"about":[{"href":"https:\/\/www.iidh.org\/en\/wp-json\/wp\/v2\/types\/post"}],"author":[{"embeddable":true,"href":"https:\/\/www.iidh.org\/en\/wp-json\/wp\/v2\/users\/2"}],"replies":[{"embeddable":true,"href":"https:\/\/www.iidh.org\/en\/wp-json\/wp\/v2\/comments?post=6004"}],"version-history":[{"count":2,"href":"https:\/\/www.iidh.org\/en\/wp-json\/wp\/v2\/posts\/6004\/revisions"}],"predecessor-version":[{"id":6008,"href":"https:\/\/www.iidh.org\/en\/wp-json\/wp\/v2\/posts\/6004\/revisions\/6008"}],"wp:featuredmedia":[{"embeddable":true,"href":"https:\/\/www.iidh.org\/en\/wp-json\/wp\/v2\/media\/5787"}],"wp:attachment":[{"href":"https:\/\/www.iidh.org\/en\/wp-json\/wp\/v2\/media?parent=6004"}],"wp:term":[{"taxonomy":"category","embeddable":true,"href":"https:\/\/www.iidh.org\/en\/wp-json\/wp\/v2\/categories?post=6004"},{"taxonomy":"post_tag","embeddable":true,"href":"https:\/\/www.iidh.org\/en\/wp-json\/wp\/v2\/tags?post=6004"}],"curies":[{"name":"wp","href":"https:\/\/api.w.org\/{rel}","templated":true}]}}