{"id":6882,"date":"2025-09-30T11:57:36","date_gmt":"2025-09-30T09:57:36","guid":{"rendered":"https:\/\/www.iidh.org\/continuing-vocational-training-new-reforms-in-asylum-and-migration-law\/"},"modified":"2025-12-22T12:25:02","modified_gmt":"2025-12-22T10:25:02","slug":"continuing-vocational-training-new-reforms-in-asylum-and-migration-law","status":"publish","type":"post","link":"https:\/\/www.iidh.org\/en\/continuing-vocational-training-new-reforms-in-asylum-and-migration-law\/","title":{"rendered":"Continuing vocational training &#8211; New reforms in asylum and migration law"},"content":{"rendered":"<div class=\"fusion-fullwidth fullwidth-box fusion-builder-row-1 fusion-flex-container nonhundred-percent-fullwidth non-hundred-percent-height-scrolling\" style=\"--awb-border-radius-top-left:0px;--awb-border-radius-top-right:0px;--awb-border-radius-bottom-right:0px;--awb-border-radius-bottom-left:0px;--awb-flex-wrap:wrap;\" ><div class=\"fusion-builder-row fusion-row fusion-flex-align-items-flex-start fusion-flex-content-wrap\" style=\"max-width:1248px;margin-left: calc(-4% \/ 2 );margin-right: calc(-4% \/ 2 );\"><div class=\"fusion-layout-column fusion_builder_column fusion-builder-column-0 fusion_builder_column_1_1 1_1 fusion-flex-column\" style=\"--awb-bg-size:cover;--awb-width-large:100%;--awb-margin-top-large:0px;--awb-spacing-right-large:1.92%;--awb-margin-bottom-large:0px;--awb-spacing-left-large:1.92%;--awb-width-medium:100%;--awb-spacing-right-medium:1.92%;--awb-spacing-left-medium:1.92%;--awb-width-small:100%;--awb-spacing-right-small:1.92%;--awb-spacing-left-small:1.92%;\"><div class=\"fusion-column-wrapper fusion-flex-justify-content-flex-start fusion-content-layout-column\"><div class=\"fusion-text fusion-text-1\"><p style=\"text-align: justify\" data-start=\"391\" data-end=\"904\">The <strong data-start=\"909\" data-end=\"981\">Fondation Ren\u00e9 Cassin &#8211; Institut international des droits de l&#8217;homme <\/strong>is offering a training course to present the latest European reforms in asylum and migration law, which will come into force in 2026 and have direct effect in French law, as well as practical aspects of asylum litigation and support for asylum seekers throughout the procedure. Delivered by Professors Marie and Fleury Graff, both academics and practitioners in the field, the course will be structured around the questions and expectations of participants, in an interactive format. <\/p>\n<p>For further information, please consult our <span style=\"text-decoration: underline\"><strong><strong><a href=\"https:\/\/www.iidh.org\/wp-content\/uploads\/2025\/09\/Plaquette-formation-droit-dasile-24-novembre-2025-3-1.pdf\">Presentation brochure.<\/a><\/strong><\/strong><\/span><\/p>\n<h3><strong>WHEN AND HOW?<\/strong><\/h3>\n<p>The proposed training will take place in HYBRID format <strong>on November 24, 2025<\/strong>,   <strong>from 1:30 pm to 5:00 pm.<\/strong><\/p>\n<p>It can be followed by :<\/p>\n<ul>\n<li>On the premises of the Ren\u00e9 Cassin Foundation, 2 all\u00e9e Ren\u00e9 Cassin 67000 Strasbourg. A coffee break will be offered on site from 3:00 pm to 3:30 pm. <\/li>\n<li>By videoconference, on the Teams platform.<\/li>\n<\/ul>\n<p>The various presentations will also be available for <strong>replay<\/strong> (with the courses made available within a maximum of 48 hours).<\/p>\n<p>An <strong>online assessment of prior learning<\/strong>, in the form of a multiple-choice questionnaire, will be offered on <strong>November 26, 2025, from 10:00 to 10:30 am. <\/strong>It is compulsory for people registered via their skills operator (OPCO).<\/p>\n<p>A<strong> certificate of attendance<\/strong> will be issued to all participants.<\/p>\n<h3><strong>FOR WHOM?<\/strong><\/h3>\n<p>This training course is aimed particularly at lawyers and people working with asylum seekers, but is also open to students and anyone else interested in the subject.<\/p>\n<h3><strong>WHAT RATE?<\/strong><\/h3>\n<p>The registration fee for this course is <strong>\u20ac200<\/strong>, whether taken by videoconference or in person. The fee for students and young lawyers (less than two years at the bar) is <strong>\u20ac140<\/strong>. <\/p>\n<p>Payments are made directly below via our website by credit card or Paypal (in the event of difficulty with these methods of payment, please contact us so that we can offer you a solution).<\/p>\n<p>Registration is now closed.<\/p>\n<\/div><script type=\"text\/javascript\" src=\"https:\/\/pci.jotform.com\/jsform\/252714026171348\"><\/script><\/div><\/div><\/div><\/div>\n","protected":false},"excerpt":{"rendered":"","protected":false},"author":2,"featured_media":6633,"comment_status":"open","ping_status":"closed","sticky":false,"template":"","format":"standard","meta":{"footnotes":""},"categories":[98],"tags":[],"class_list":["post-6882","post","type-post","status-publish","format-standard","has-post-thumbnail","hentry","category-completed-sessions"],"yoast_head":"<!-- This site is optimized with the Yoast SEO plugin v27.5 - https:\/\/yoast.com\/product\/yoast-seo-wordpress\/ -->\n<title>International Criminal Law 2025<\/title>\n<meta name=\"description\" content=\"Refugee law training to present the latest European reforms in asylum and migration law.\" \/>\n<meta name=\"robots\" content=\"index, follow, max-snippet:-1, max-image-preview:large, max-video-preview:-1\" \/>\n<link rel=\"canonical\" href=\"https:\/\/www.iidh.org\/en\/continuing-vocational-training-new-reforms-in-asylum-and-migration-law\/\" \/>\n<meta property=\"og:locale\" content=\"en_US\" \/>\n<meta property=\"og:type\" content=\"article\" \/>\n<meta property=\"og:title\" content=\"International Criminal Law 2025\" \/>\n<meta property=\"og:description\" content=\"Refugee law training to present the latest European reforms in asylum and migration law.\" \/>\n<meta property=\"og:url\" content=\"https:\/\/www.iidh.org\/en\/continuing-vocational-training-new-reforms-in-asylum-and-migration-law\/\" \/>\n<meta property=\"og:site_name\" content=\"Fondation Ren\u00e9 CASSIN\" \/>\n<meta property=\"article:publisher\" content=\"https:\/\/www.facebook.com\/FondationReneCassin\/\" \/>\n<meta property=\"article:published_time\" content=\"2025-09-30T09:57:36+00:00\" \/>\n<meta property=\"article:modified_time\" content=\"2025-12-22T10:25:02+00:00\" \/>\n<meta property=\"og:image\" content=\"https:\/\/www.iidh.org\/wp-content\/uploads\/2024\/10\/vignette-iidh.jpg\" \/>\n\t<meta property=\"og:image:width\" content=\"1200\" \/>\n\t<meta property=\"og:image:height\" content=\"675\" \/>\n\t<meta property=\"og:image:type\" content=\"image\/jpeg\" \/>\n<meta name=\"author\" content=\"iidh\" \/>\n<meta name=\"twitter:card\" content=\"summary_large_image\" \/>\n<meta name=\"twitter:creator\" content=\"@IIDHStrasbourg\" \/>\n<meta name=\"twitter:site\" content=\"@IIDHStrasbourg\" \/>\n<meta name=\"twitter:label1\" content=\"Written by\" \/>\n\t<meta name=\"twitter:data1\" content=\"iidh\" \/>\n\t<meta name=\"twitter:label2\" content=\"Est. reading time\" \/>\n\t<meta name=\"twitter:data2\" content=\"3 minutes\" \/>\n<script type=\"application\/ld+json\" class=\"yoast-schema-graph\">{\"@context\":\"https:\\\/\\\/schema.org\",\"@graph\":[{\"@type\":\"Article\",\"@id\":\"https:\\\/\\\/www.iidh.org\\\/en\\\/continuing-vocational-training-new-reforms-in-asylum-and-migration-law\\\/#article\",\"isPartOf\":{\"@id\":\"https:\\\/\\\/www.iidh.org\\\/en\\\/continuing-vocational-training-new-reforms-in-asylum-and-migration-law\\\/\"},\"author\":{\"name\":\"iidh\",\"@id\":\"https:\\\/\\\/www.iidh.org\\\/en\\\/#\\\/schema\\\/person\\\/b11ebaff7344b9379adfa42046c36b7b\"},\"headline\":\"Continuing vocational training &#8211; New reforms in asylum and migration law\",\"datePublished\":\"2025-09-30T09:57:36+00:00\",\"dateModified\":\"2025-12-22T10:25:02+00:00\",\"mainEntityOfPage\":{\"@id\":\"https:\\\/\\\/www.iidh.org\\\/en\\\/continuing-vocational-training-new-reforms-in-asylum-and-migration-law\\\/\"},\"wordCount\":649,\"commentCount\":0,\"publisher\":{\"@id\":\"https:\\\/\\\/www.iidh.org\\\/en\\\/#organization\"},\"image\":{\"@id\":\"https:\\\/\\\/www.iidh.org\\\/en\\\/continuing-vocational-training-new-reforms-in-asylum-and-migration-law\\\/#primaryimage\"},\"thumbnailUrl\":\"https:\\\/\\\/www.iidh.org\\\/wp-content\\\/uploads\\\/2025\\\/09\\\/Copie-de-Plaquette-formation-droit-dasile-24-novembre-2025-1-pdf.jpg\",\"articleSection\":[\"Completed sessions\"],\"inLanguage\":\"en-US\",\"potentialAction\":[{\"@type\":\"CommentAction\",\"name\":\"Comment\",\"target\":[\"https:\\\/\\\/www.iidh.org\\\/en\\\/continuing-vocational-training-new-reforms-in-asylum-and-migration-law\\\/#respond\"]}]},{\"@type\":\"WebPage\",\"@id\":\"https:\\\/\\\/www.iidh.org\\\/en\\\/continuing-vocational-training-new-reforms-in-asylum-and-migration-law\\\/\",\"url\":\"https:\\\/\\\/www.iidh.org\\\/en\\\/continuing-vocational-training-new-reforms-in-asylum-and-migration-law\\\/\",\"name\":\"International Criminal Law 2025\",\"isPartOf\":{\"@id\":\"https:\\\/\\\/www.iidh.org\\\/en\\\/#website\"},\"primaryImageOfPage\":{\"@id\":\"https:\\\/\\\/www.iidh.org\\\/en\\\/continuing-vocational-training-new-reforms-in-asylum-and-migration-law\\\/#primaryimage\"},\"image\":{\"@id\":\"https:\\\/\\\/www.iidh.org\\\/en\\\/continuing-vocational-training-new-reforms-in-asylum-and-migration-law\\\/#primaryimage\"},\"thumbnailUrl\":\"https:\\\/\\\/www.iidh.org\\\/wp-content\\\/uploads\\\/2025\\\/09\\\/Copie-de-Plaquette-formation-droit-dasile-24-novembre-2025-1-pdf.jpg\",\"datePublished\":\"2025-09-30T09:57:36+00:00\",\"dateModified\":\"2025-12-22T10:25:02+00:00\",\"description\":\"Refugee law training to present the latest European reforms in asylum and migration law.\",\"breadcrumb\":{\"@id\":\"https:\\\/\\\/www.iidh.org\\\/en\\\/continuing-vocational-training-new-reforms-in-asylum-and-migration-law\\\/#breadcrumb\"},\"inLanguage\":\"en-US\",\"potentialAction\":[{\"@type\":\"ReadAction\",\"target\":[\"https:\\\/\\\/www.iidh.org\\\/en\\\/continuing-vocational-training-new-reforms-in-asylum-and-migration-law\\\/\"]}]},{\"@type\":\"ImageObject\",\"inLanguage\":\"en-US\",\"@id\":\"https:\\\/\\\/www.iidh.org\\\/en\\\/continuing-vocational-training-new-reforms-in-asylum-and-migration-law\\\/#primaryimage\",\"url\":\"https:\\\/\\\/www.iidh.org\\\/wp-content\\\/uploads\\\/2025\\\/09\\\/Copie-de-Plaquette-formation-droit-dasile-24-novembre-2025-1-pdf.jpg\",\"contentUrl\":\"https:\\\/\\\/www.iidh.org\\\/wp-content\\\/uploads\\\/2025\\\/09\\\/Copie-de-Plaquette-formation-droit-dasile-24-novembre-2025-1-pdf.jpg\"},{\"@type\":\"BreadcrumbList\",\"@id\":\"https:\\\/\\\/www.iidh.org\\\/en\\\/continuing-vocational-training-new-reforms-in-asylum-and-migration-law\\\/#breadcrumb\",\"itemListElement\":[{\"@type\":\"ListItem\",\"position\":1,\"name\":\"Accueil\",\"item\":\"https:\\\/\\\/www.iidh.org\\\/en\\\/\"},{\"@type\":\"ListItem\",\"position\":2,\"name\":\"Continuing vocational training &#8211; New reforms in asylum and migration law\"}]},{\"@type\":\"WebSite\",\"@id\":\"https:\\\/\\\/www.iidh.org\\\/en\\\/#website\",\"url\":\"https:\\\/\\\/www.iidh.org\\\/en\\\/\",\"name\":\"Fondation Ren\u00e9 CASSIN\",\"description\":\"\",\"publisher\":{\"@id\":\"https:\\\/\\\/www.iidh.org\\\/en\\\/#organization\"},\"potentialAction\":[{\"@type\":\"SearchAction\",\"target\":{\"@type\":\"EntryPoint\",\"urlTemplate\":\"https:\\\/\\\/www.iidh.org\\\/en\\\/?s={search_term_string}\"},\"query-input\":{\"@type\":\"PropertyValueSpecification\",\"valueRequired\":true,\"valueName\":\"search_term_string\"}}],\"inLanguage\":\"en-US\"},{\"@type\":\"Organization\",\"@id\":\"https:\\\/\\\/www.iidh.org\\\/en\\\/#organization\",\"name\":\"Fondation Ren\u00e9 CASSIN\",\"url\":\"https:\\\/\\\/www.iidh.org\\\/en\\\/\",\"logo\":{\"@type\":\"ImageObject\",\"inLanguage\":\"en-US\",\"@id\":\"https:\\\/\\\/www.iidh.org\\\/en\\\/#\\\/schema\\\/logo\\\/image\\\/\",\"url\":\"https:\\\/\\\/www.iidh.org\\\/wp-content\\\/uploads\\\/2024\\\/09\\\/LOGO_FRC-rouge.svg\",\"contentUrl\":\"https:\\\/\\\/www.iidh.org\\\/wp-content\\\/uploads\\\/2024\\\/09\\\/LOGO_FRC-rouge.svg\",\"width\":699,\"height\":221,\"caption\":\"Fondation Ren\u00e9 CASSIN\"},\"image\":{\"@id\":\"https:\\\/\\\/www.iidh.org\\\/en\\\/#\\\/schema\\\/logo\\\/image\\\/\"},\"sameAs\":[\"https:\\\/\\\/www.facebook.com\\\/FondationReneCassin\\\/\",\"https:\\\/\\\/x.com\\\/IIDHStrasbourg\",\"https:\\\/\\\/www.instagram.com\\\/fondationrenecassin\\\/\"]},{\"@type\":\"Person\",\"@id\":\"https:\\\/\\\/www.iidh.org\\\/en\\\/#\\\/schema\\\/person\\\/b11ebaff7344b9379adfa42046c36b7b\",\"name\":\"iidh\"}]}<\/script>\n<!-- \/ Yoast SEO plugin. -->","yoast_head_json":{"title":"International Criminal Law 2025","description":"Refugee law training to present the latest European reforms in asylum and migration law.","robots":{"index":"index","follow":"follow","max-snippet":"max-snippet:-1","max-image-preview":"max-image-preview:large","max-video-preview":"max-video-preview:-1"},"canonical":"https:\/\/www.iidh.org\/en\/continuing-vocational-training-new-reforms-in-asylum-and-migration-law\/","og_locale":"en_US","og_type":"article","og_title":"International Criminal Law 2025","og_description":"Refugee law training to present the latest European reforms in asylum and migration law.","og_url":"https:\/\/www.iidh.org\/en\/continuing-vocational-training-new-reforms-in-asylum-and-migration-law\/","og_site_name":"Fondation Ren\u00e9 CASSIN","article_publisher":"https:\/\/www.facebook.com\/FondationReneCassin\/","article_published_time":"2025-09-30T09:57:36+00:00","article_modified_time":"2025-12-22T10:25:02+00:00","og_image":[{"width":1200,"height":675,"url":"https:\/\/www.iidh.org\/wp-content\/uploads\/2024\/10\/vignette-iidh.jpg","type":"image\/jpeg"}],"author":"iidh","twitter_card":"summary_large_image","twitter_creator":"@IIDHStrasbourg","twitter_site":"@IIDHStrasbourg","twitter_misc":{"Written by":"iidh","Est. reading time":"3 minutes"},"schema":{"@context":"https:\/\/schema.org","@graph":[{"@type":"Article","@id":"https:\/\/www.iidh.org\/en\/continuing-vocational-training-new-reforms-in-asylum-and-migration-law\/#article","isPartOf":{"@id":"https:\/\/www.iidh.org\/en\/continuing-vocational-training-new-reforms-in-asylum-and-migration-law\/"},"author":{"name":"iidh","@id":"https:\/\/www.iidh.org\/en\/#\/schema\/person\/b11ebaff7344b9379adfa42046c36b7b"},"headline":"Continuing vocational training &#8211; New reforms in asylum and migration law","datePublished":"2025-09-30T09:57:36+00:00","dateModified":"2025-12-22T10:25:02+00:00","mainEntityOfPage":{"@id":"https:\/\/www.iidh.org\/en\/continuing-vocational-training-new-reforms-in-asylum-and-migration-law\/"},"wordCount":649,"commentCount":0,"publisher":{"@id":"https:\/\/www.iidh.org\/en\/#organization"},"image":{"@id":"https:\/\/www.iidh.org\/en\/continuing-vocational-training-new-reforms-in-asylum-and-migration-law\/#primaryimage"},"thumbnailUrl":"https:\/\/www.iidh.org\/wp-content\/uploads\/2025\/09\/Copie-de-Plaquette-formation-droit-dasile-24-novembre-2025-1-pdf.jpg","articleSection":["Completed sessions"],"inLanguage":"en-US","potentialAction":[{"@type":"CommentAction","name":"Comment","target":["https:\/\/www.iidh.org\/en\/continuing-vocational-training-new-reforms-in-asylum-and-migration-law\/#respond"]}]},{"@type":"WebPage","@id":"https:\/\/www.iidh.org\/en\/continuing-vocational-training-new-reforms-in-asylum-and-migration-law\/","url":"https:\/\/www.iidh.org\/en\/continuing-vocational-training-new-reforms-in-asylum-and-migration-law\/","name":"International Criminal Law 2025","isPartOf":{"@id":"https:\/\/www.iidh.org\/en\/#website"},"primaryImageOfPage":{"@id":"https:\/\/www.iidh.org\/en\/continuing-vocational-training-new-reforms-in-asylum-and-migration-law\/#primaryimage"},"image":{"@id":"https:\/\/www.iidh.org\/en\/continuing-vocational-training-new-reforms-in-asylum-and-migration-law\/#primaryimage"},"thumbnailUrl":"https:\/\/www.iidh.org\/wp-content\/uploads\/2025\/09\/Copie-de-Plaquette-formation-droit-dasile-24-novembre-2025-1-pdf.jpg","datePublished":"2025-09-30T09:57:36+00:00","dateModified":"2025-12-22T10:25:02+00:00","description":"Refugee law training to present the latest European reforms in asylum and migration law.","breadcrumb":{"@id":"https:\/\/www.iidh.org\/en\/continuing-vocational-training-new-reforms-in-asylum-and-migration-law\/#breadcrumb"},"inLanguage":"en-US","potentialAction":[{"@type":"ReadAction","target":["https:\/\/www.iidh.org\/en\/continuing-vocational-training-new-reforms-in-asylum-and-migration-law\/"]}]},{"@type":"ImageObject","inLanguage":"en-US","@id":"https:\/\/www.iidh.org\/en\/continuing-vocational-training-new-reforms-in-asylum-and-migration-law\/#primaryimage","url":"https:\/\/www.iidh.org\/wp-content\/uploads\/2025\/09\/Copie-de-Plaquette-formation-droit-dasile-24-novembre-2025-1-pdf.jpg","contentUrl":"https:\/\/www.iidh.org\/wp-content\/uploads\/2025\/09\/Copie-de-Plaquette-formation-droit-dasile-24-novembre-2025-1-pdf.jpg"},{"@type":"BreadcrumbList","@id":"https:\/\/www.iidh.org\/en\/continuing-vocational-training-new-reforms-in-asylum-and-migration-law\/#breadcrumb","itemListElement":[{"@type":"ListItem","position":1,"name":"Accueil","item":"https:\/\/www.iidh.org\/en\/"},{"@type":"ListItem","position":2,"name":"Continuing vocational training &#8211; New reforms in asylum and migration law"}]},{"@type":"WebSite","@id":"https:\/\/www.iidh.org\/en\/#website","url":"https:\/\/www.iidh.org\/en\/","name":"Fondation Ren\u00e9 CASSIN","description":"","publisher":{"@id":"https:\/\/www.iidh.org\/en\/#organization"},"potentialAction":[{"@type":"SearchAction","target":{"@type":"EntryPoint","urlTemplate":"https:\/\/www.iidh.org\/en\/?s={search_term_string}"},"query-input":{"@type":"PropertyValueSpecification","valueRequired":true,"valueName":"search_term_string"}}],"inLanguage":"en-US"},{"@type":"Organization","@id":"https:\/\/www.iidh.org\/en\/#organization","name":"Fondation Ren\u00e9 CASSIN","url":"https:\/\/www.iidh.org\/en\/","logo":{"@type":"ImageObject","inLanguage":"en-US","@id":"https:\/\/www.iidh.org\/en\/#\/schema\/logo\/image\/","url":"https:\/\/www.iidh.org\/wp-content\/uploads\/2024\/09\/LOGO_FRC-rouge.svg","contentUrl":"https:\/\/www.iidh.org\/wp-content\/uploads\/2024\/09\/LOGO_FRC-rouge.svg","width":699,"height":221,"caption":"Fondation Ren\u00e9 CASSIN"},"image":{"@id":"https:\/\/www.iidh.org\/en\/#\/schema\/logo\/image\/"},"sameAs":["https:\/\/www.facebook.com\/FondationReneCassin\/","https:\/\/x.com\/IIDHStrasbourg","https:\/\/www.instagram.com\/fondationrenecassin\/"]},{"@type":"Person","@id":"https:\/\/www.iidh.org\/en\/#\/schema\/person\/b11ebaff7344b9379adfa42046c36b7b","name":"iidh"}]}},"_links":{"self":[{"href":"https:\/\/www.iidh.org\/en\/wp-json\/wp\/v2\/posts\/6882","targetHints":{"allow":["GET"]}}],"collection":[{"href":"https:\/\/www.iidh.org\/en\/wp-json\/wp\/v2\/posts"}],"about":[{"href":"https:\/\/www.iidh.org\/en\/wp-json\/wp\/v2\/types\/post"}],"author":[{"embeddable":true,"href":"https:\/\/www.iidh.org\/en\/wp-json\/wp\/v2\/users\/2"}],"replies":[{"embeddable":true,"href":"https:\/\/www.iidh.org\/en\/wp-json\/wp\/v2\/comments?post=6882"}],"version-history":[{"count":4,"href":"https:\/\/www.iidh.org\/en\/wp-json\/wp\/v2\/posts\/6882\/revisions"}],"predecessor-version":[{"id":6886,"href":"https:\/\/www.iidh.org\/en\/wp-json\/wp\/v2\/posts\/6882\/revisions\/6886"}],"wp:featuredmedia":[{"embeddable":true,"href":"https:\/\/www.iidh.org\/en\/wp-json\/wp\/v2\/media\/6633"}],"wp:attachment":[{"href":"https:\/\/www.iidh.org\/en\/wp-json\/wp\/v2\/media?parent=6882"}],"wp:term":[{"taxonomy":"category","embeddable":true,"href":"https:\/\/www.iidh.org\/en\/wp-json\/wp\/v2\/categories?post=6882"},{"taxonomy":"post_tag","embeddable":true,"href":"https:\/\/www.iidh.org\/en\/wp-json\/wp\/v2\/tags?post=6882"}],"curies":[{"name":"wp","href":"https:\/\/api.w.org\/{rel}","templated":true}]}}