{"id":7097,"date":"2026-01-26T18:35:31","date_gmt":"2026-01-26T16:35:31","guid":{"rendered":"https:\/\/www.iidh.org\/tribute-day-to-rene-cassin-1887-1976-20-february-2026\/"},"modified":"2026-01-26T18:35:31","modified_gmt":"2026-01-26T16:35:31","slug":"tribute-day-to-rene-cassin-1887-1976-20-february-2026","status":"publish","type":"post","link":"https:\/\/www.iidh.org\/en\/tribute-day-to-rene-cassin-1887-1976-20-february-2026\/","title":{"rendered":"Tribute Day to Ren\u00e9 Cassin (1887\u20131976) (20 February 2026)"},"content":{"rendered":"<h2 data-start=\"0\" data-end=\"48\">Tribute Day to Ren\u00e9 Cassin (1887\u20131976)<\/h2>\n<h3 data-start=\"49\" data-end=\"115\">50th anniversary of his death \u2014 Institut de France, Paris<\/h3>\n<p data-start=\"117\" data-end=\"367\">On Friday, <strong data-start=\"129\" data-end=\"148\">20 February 2026<\/strong>, the Institut de France will host a tribute day to <strong data-start=\"207\" data-end=\"222\">Ren\u00e9 Cassin<\/strong> (1887\u20131976): a symbolic date to recall, fifty years after his death, the strength of a legacy that continues to shed light on our time.<\/p>\n<p data-start=\"369\" data-end=\"839\">An exceptional jurist, a key architect of Free France, and a patient builder of fundamental guarantees, Ren\u00e9 Cassin did not merely defend principles: he helped give them <strong data-start=\"552\" data-end=\"571\">legal form<\/strong><strong data-start=\"577\" data-end=\"599\">, universal scope,<\/strong> and, above all, <strong data-start=\"616\" data-end=\"630\">effectiveness<\/strong>. Through him, a certain vision of<strong data-start=\"675\" data-end=\"696\"> human rights <\/strong>is being honored\u2014one in which law protects, limits arbitrariness, and transforms moral indignation into enforceable obligations. <\/p>\n<h2 data-start=\"846\" data-end=\"895\">A day supported by major institutions<\/h2>\n<p data-start=\"897\" data-end=\"1253\">Organized jointly by the <strong data-start=\"925\" data-end=\"974\">Academy of Moral and Political Sciences<\/strong>, the<strong data-start=\"979\" data-end=\"997\"> Council of State, <\/strong>the <strong data-start=\"1002\" data-end=\"1043\">European Court of Human Rights<\/strong>, and the <strong data-start=\"1050\" data-end=\"1122\">Ren\u00e9 Cassin Foundation \u2013 International Institute of Human Rights,<\/strong> this day will take place in Paris, at the <strong data-start=\"1163\" data-end=\"1208\">Andr\u00e9 and Liliane Bettencourt Auditorium <\/strong>(Institut de France, 3 rue Mazarine, 75006).<\/p>\n<p data-start=\"1255\" data-end=\"1383\">Elle sera plac\u00e9e sous la pr\u00e9sidence de <strong data-start=\"1294\" data-end=\"1311\">Bernard Stirn<\/strong>, Secr\u00e9taire perp\u00e9tuel de l\u2019Acad\u00e9mie des sciences morales et politiques.<\/p>\n<h2 data-start=\"1390\" data-end=\"1438\">Pourquoi comm\u00e9morer Ren\u00e9 Cassin aujourd\u2019hui ?<\/h2>\n<p data-start=\"1440\" data-end=\"1568\">L\u2019ambition de ce rendez-vous n\u2019est pas de figer Cassin dans une comm\u00e9moration : elle est d\u2019ouvrir un <strong data-start=\"1541\" data-end=\"1567\">espace de transmission<\/strong>.<\/p>\n<p data-start=\"1570\" data-end=\"1892\">Ren\u00e9 Cassin appartient \u00e0 ces rares figures dont l\u2019\u0153uvre oblige \u00e0 penser le pr\u00e9sent. De la guerre \u00e0 la paix, de l\u2019engagement \u00e0 l\u2019institution, de la fid\u00e9lit\u00e9 \u00e0 la R\u00e9publique \u00e0 l\u2019invention d\u2019outils internationaux de protection, son parcours dessine une trajectoire o\u00f9 l\u2019exigence du droit rencontre la n\u00e9cessit\u00e9 de l\u2019histoire. <\/p>\n<p data-start=\"1894\" data-end=\"2280\">At a time when human rights are being tested by violence, disinformation, the temptation of permanent exception, or the weakening of the rule of law, returning to Cassin means reaffirming a simple conviction: t<strong data-start=\"2126\" data-end=\"2280\">here is no lasting peace without guarantees, no living democracy without oversight, and no genuine freedom without institutions capable of defending it<\/strong>.<\/p>\n<h2 data-start=\"2287\" data-end=\"2359\">A programme linking history to the contemporary challenges of human rights<\/h2>\n<p data-start=\"2361\" data-end=\"2549\">Throughout the afternoon, the presentations will highlight several facets of Ren\u00e9 Cassin, and the coherence of a single struggle: <strong data-start=\"2498\" data-end=\"2548\">that of making human dignity justiciable<\/strong>.<\/p>\n<p data-start=\"2551\" data-end=\"2822\">The sessions devoted to \u201c<strong data-start=\"2578\" data-end=\"2615\">Ren\u00e9 Cassin in the face of History<\/strong>\u201d and \u201c<strong data-start=\"2619\" data-end=\"2653\">Ren\u00e9 Cassin in his time<\/strong>\u201d will recall his role in Free France, his intellectual and public action, and the way his work is embedded in the upheavals of the 20th century.<\/p>\n<p data-start=\"2824\" data-end=\"3021\">The screening of <strong data-start=\"2840\" data-end=\"2867\">archival footage (INA)<\/strong> will give substance to this narrative: not a mere illustration, but a living memory that conveys the depth of a commitment and the gravity of an era.<\/p>\n<p data-start=\"2824\" data-end=\"3021\">For more information, we invite you to consult the<a href=\"https:\/\/www.iidh.org\/wp-content\/uploads\/2026\/01\/Journee-dhommage-a-Rene-Cassin-Programme-definitif.pdf\"><strong> detailed programme.<\/strong><\/a><\/p>\n<h2 data-start=\"3028\" data-end=\"3087\">Cassin\u2019s legacy: a method, a course, a standard of rigor<\/h2>\n<p data-start=\"3089\" data-end=\"3234\">The day will then lead to what constitutes the core of Cassin\u2019s message:<strong data-start=\"3167\" data-end=\"3233\"> the rule of law as the practical condition for human rights.<\/strong><\/p>\n<p data-start=\"3236\" data-end=\"3395\">By bringing together voices from major institutions and academic reflection, it will connect Cassin\u2019s experience to decisive contemporary challenges:<\/p>\n<ul data-start=\"3396\" data-end=\"3594\">\n<li data-start=\"3396\" data-end=\"3448\">\n<p data-start=\"3398\" data-end=\"3448\">the robustness of <strong data-start=\"3414\" data-end=\"3445\">judicial guarantees<\/strong>,<\/p>\n<\/li>\n<li data-start=\"3449\" data-end=\"3510\">\n<p data-start=\"3451\" data-end=\"3510\">the value of <strong data-start=\"3465\" data-end=\"3492\">archives and sources<\/strong> for truth,<\/p>\n<\/li>\n<li data-start=\"3511\" data-end=\"3594\">\n<p data-start=\"3513\" data-end=\"3594\"><strong data-start=\"3515\" data-end=\"3550\">education in human rights <\/strong>as a culture of peace and responsibility.<\/p>\n<\/li>\n<\/ul>\n<p data-start=\"3596\" data-end=\"3881\">Through these themes, a thread emerges: Ren\u00e9 Cassin\u2019s legacy cannot be reduced either to a prestigious biography or to a symbol. It is a <strong data-start=\"3738\" data-end=\"3749\">method<\/strong>\u2014rigorous, patient, and demanding\u2014for building concrete protections and making law a <strong data-start=\"3849\" data-end=\"3880\">bulwark against arbitrariness<\/strong>. <\/p>\n<h2 data-start=\"3888\" data-end=\"3913\">Practical informations<\/h2>\n<ul data-start=\"3915\" data-end=\"4188\">\n<li data-start=\"3915\" data-end=\"3954\">\n<p data-start=\"3917\" data-end=\"3954\"><strong data-start=\"3917\" data-end=\"3927\">Date<\/strong>: Friday, 20 February 2026<\/p>\n<\/li>\n<li data-start=\"3955\" data-end=\"4067\">\n<p data-start=\"3957\" data-end=\"4067\"><strong data-start=\"3957\" data-end=\"3967\">Location<\/strong>: Institut de France \u2014 Andr\u00e9 and Liliane Bettencourt Auditorium<br data-start=\"4028\" data-end=\"4031\"><strong data-start=\"4033\" data-end=\"4065\">3, rue Mazarine, 75006 Paris<\/strong><\/p>\n<\/li>\n<li data-start=\"4068\" data-end=\"4188\">\n<p data-start=\"4070\" data-end=\"4188\"><strong data-start=\"4070\" data-end=\"4089\">Organizers<\/strong>: Academy of Moral and Political Sciences \u00b7 Council of State \u00b7 European Court of Human Rights (ECtHR) \u00b7 Ren\u00e9 Cassin Foundation \u2013 IIDH<\/p>\n<\/li>\n<\/ul>\n<h2 data-start=\"4195\" data-end=\"4223\">Registration (required)<\/h2>\n<p data-start=\"4225\" data-end=\"4342\" data-is-last-node=\"\" data-is-only-node=\"\">Registration link:<br data-start=\"4249\" data-end=\"4252\"><strong data-start=\"4225\" data-end=\"4249\"><br \/><a class=\"decorated-link\" href=\"https:\/\/www.eventbrite.fr\/e\/billets-journee-dhommage-a-rene-cassin-1887-1976-1978146170446\" target=\"_new\" rel=\"noopener\" data-start=\"4252\" data-end=\"4342\" data-is-last-node=\"\">https:\/\/www.eventbrite.fr\/e\/billets-journee-dhommage-a-rene-cassin-1887-1976-1978146170446<\/a><\/strong><\/p>\n","protected":false},"excerpt":{"rendered":"<p>Tribute Day to Ren\u00e9 Cassin (1887\u20131976) 50th anniversary of his  [&#8230;]<\/p>\n","protected":false},"author":2,"featured_media":7095,"comment_status":"closed","ping_status":"closed","sticky":false,"template":"","format":"standard","meta":{"footnotes":""},"categories":[123],"tags":[],"class_list":["post-7097","post","type-post","status-publish","format-standard","has-post-thumbnail","hentry","category-commemoration"],"yoast_head":"<!-- This site is optimized with the Yoast SEO plugin v27.5 - https:\/\/yoast.com\/product\/yoast-seo-wordpress\/ -->\n<title>Tribute Day to Ren\u00e9 Cassin (1887\u20131976) (20 February 2026) - Fondation Ren\u00e9 CASSIN<\/title>\n<meta name=\"robots\" content=\"index, follow, max-snippet:-1, max-image-preview:large, max-video-preview:-1\" \/>\n<link rel=\"canonical\" href=\"https:\/\/www.iidh.org\/en\/tribute-day-to-rene-cassin-1887-1976-20-february-2026\/\" \/>\n<meta property=\"og:locale\" content=\"en_US\" \/>\n<meta property=\"og:type\" content=\"article\" \/>\n<meta property=\"og:title\" content=\"Tribute Day to Ren\u00e9 Cassin (1887\u20131976) (20 February 2026) - Fondation Ren\u00e9 CASSIN\" \/>\n<meta property=\"og:description\" content=\"Tribute Day to Ren\u00e9 Cassin (1887\u20131976) 50th anniversary of his [...]\" \/>\n<meta property=\"og:url\" content=\"https:\/\/www.iidh.org\/en\/tribute-day-to-rene-cassin-1887-1976-20-february-2026\/\" \/>\n<meta property=\"og:site_name\" content=\"Fondation Ren\u00e9 CASSIN\" \/>\n<meta property=\"article:publisher\" content=\"https:\/\/www.facebook.com\/FondationReneCassin\/\" \/>\n<meta property=\"article:published_time\" content=\"2026-01-26T16:35:31+00:00\" \/>\n<meta property=\"og:image\" content=\"https:\/\/www.iidh.org\/wp-content\/uploads\/2026\/01\/Journee-dhommage-a-Rene-Cassin-.png\" \/>\n\t<meta property=\"og:image:width\" content=\"1587\" \/>\n\t<meta property=\"og:image:height\" content=\"2245\" \/>\n\t<meta property=\"og:image:type\" content=\"image\/png\" \/>\n<meta name=\"author\" content=\"iidh\" \/>\n<meta name=\"twitter:card\" content=\"summary_large_image\" \/>\n<meta name=\"twitter:creator\" content=\"@IIDHStrasbourg\" \/>\n<meta name=\"twitter:site\" content=\"@IIDHStrasbourg\" \/>\n<meta name=\"twitter:label1\" content=\"Written by\" \/>\n\t<meta name=\"twitter:data1\" content=\"iidh\" \/>\n\t<meta name=\"twitter:label2\" content=\"Est. reading time\" \/>\n\t<meta name=\"twitter:data2\" content=\"3 minutes\" \/>\n<script type=\"application\/ld+json\" class=\"yoast-schema-graph\">{\"@context\":\"https:\\\/\\\/schema.org\",\"@graph\":[{\"@type\":\"Article\",\"@id\":\"https:\\\/\\\/www.iidh.org\\\/en\\\/tribute-day-to-rene-cassin-1887-1976-20-february-2026\\\/#article\",\"isPartOf\":{\"@id\":\"https:\\\/\\\/www.iidh.org\\\/en\\\/tribute-day-to-rene-cassin-1887-1976-20-february-2026\\\/\"},\"author\":{\"name\":\"iidh\",\"@id\":\"https:\\\/\\\/www.iidh.org\\\/en\\\/#\\\/schema\\\/person\\\/b11ebaff7344b9379adfa42046c36b7b\"},\"headline\":\"Tribute Day to Ren\u00e9 Cassin (1887\u20131976) (20 February 2026)\",\"datePublished\":\"2026-01-26T16:35:31+00:00\",\"mainEntityOfPage\":{\"@id\":\"https:\\\/\\\/www.iidh.org\\\/en\\\/tribute-day-to-rene-cassin-1887-1976-20-february-2026\\\/\"},\"wordCount\":630,\"publisher\":{\"@id\":\"https:\\\/\\\/www.iidh.org\\\/en\\\/#organization\"},\"image\":{\"@id\":\"https:\\\/\\\/www.iidh.org\\\/en\\\/tribute-day-to-rene-cassin-1887-1976-20-february-2026\\\/#primaryimage\"},\"thumbnailUrl\":\"https:\\\/\\\/www.iidh.org\\\/wp-content\\\/uploads\\\/2026\\\/01\\\/Journee-dhommage-a-Rene-Cassin-.png\",\"articleSection\":[\"Commemoration\"],\"inLanguage\":\"en-US\"},{\"@type\":\"WebPage\",\"@id\":\"https:\\\/\\\/www.iidh.org\\\/en\\\/tribute-day-to-rene-cassin-1887-1976-20-february-2026\\\/\",\"url\":\"https:\\\/\\\/www.iidh.org\\\/en\\\/tribute-day-to-rene-cassin-1887-1976-20-february-2026\\\/\",\"name\":\"Tribute Day to Ren\u00e9 Cassin (1887\u20131976) (20 February 2026) - Fondation Ren\u00e9 CASSIN\",\"isPartOf\":{\"@id\":\"https:\\\/\\\/www.iidh.org\\\/en\\\/#website\"},\"primaryImageOfPage\":{\"@id\":\"https:\\\/\\\/www.iidh.org\\\/en\\\/tribute-day-to-rene-cassin-1887-1976-20-february-2026\\\/#primaryimage\"},\"image\":{\"@id\":\"https:\\\/\\\/www.iidh.org\\\/en\\\/tribute-day-to-rene-cassin-1887-1976-20-february-2026\\\/#primaryimage\"},\"thumbnailUrl\":\"https:\\\/\\\/www.iidh.org\\\/wp-content\\\/uploads\\\/2026\\\/01\\\/Journee-dhommage-a-Rene-Cassin-.png\",\"datePublished\":\"2026-01-26T16:35:31+00:00\",\"breadcrumb\":{\"@id\":\"https:\\\/\\\/www.iidh.org\\\/en\\\/tribute-day-to-rene-cassin-1887-1976-20-february-2026\\\/#breadcrumb\"},\"inLanguage\":\"en-US\",\"potentialAction\":[{\"@type\":\"ReadAction\",\"target\":[\"https:\\\/\\\/www.iidh.org\\\/en\\\/tribute-day-to-rene-cassin-1887-1976-20-february-2026\\\/\"]}]},{\"@type\":\"ImageObject\",\"inLanguage\":\"en-US\",\"@id\":\"https:\\\/\\\/www.iidh.org\\\/en\\\/tribute-day-to-rene-cassin-1887-1976-20-february-2026\\\/#primaryimage\",\"url\":\"https:\\\/\\\/www.iidh.org\\\/wp-content\\\/uploads\\\/2026\\\/01\\\/Journee-dhommage-a-Rene-Cassin-.png\",\"contentUrl\":\"https:\\\/\\\/www.iidh.org\\\/wp-content\\\/uploads\\\/2026\\\/01\\\/Journee-dhommage-a-Rene-Cassin-.png\",\"width\":1587,\"height\":2245},{\"@type\":\"BreadcrumbList\",\"@id\":\"https:\\\/\\\/www.iidh.org\\\/en\\\/tribute-day-to-rene-cassin-1887-1976-20-february-2026\\\/#breadcrumb\",\"itemListElement\":[{\"@type\":\"ListItem\",\"position\":1,\"name\":\"Accueil\",\"item\":\"https:\\\/\\\/www.iidh.org\\\/en\\\/\"},{\"@type\":\"ListItem\",\"position\":2,\"name\":\"Tribute Day to Ren\u00e9 Cassin (1887\u20131976) (20 February 2026)\"}]},{\"@type\":\"WebSite\",\"@id\":\"https:\\\/\\\/www.iidh.org\\\/en\\\/#website\",\"url\":\"https:\\\/\\\/www.iidh.org\\\/en\\\/\",\"name\":\"Fondation Ren\u00e9 CASSIN\",\"description\":\"\",\"publisher\":{\"@id\":\"https:\\\/\\\/www.iidh.org\\\/en\\\/#organization\"},\"potentialAction\":[{\"@type\":\"SearchAction\",\"target\":{\"@type\":\"EntryPoint\",\"urlTemplate\":\"https:\\\/\\\/www.iidh.org\\\/en\\\/?s={search_term_string}\"},\"query-input\":{\"@type\":\"PropertyValueSpecification\",\"valueRequired\":true,\"valueName\":\"search_term_string\"}}],\"inLanguage\":\"en-US\"},{\"@type\":\"Organization\",\"@id\":\"https:\\\/\\\/www.iidh.org\\\/en\\\/#organization\",\"name\":\"Fondation Ren\u00e9 CASSIN\",\"url\":\"https:\\\/\\\/www.iidh.org\\\/en\\\/\",\"logo\":{\"@type\":\"ImageObject\",\"inLanguage\":\"en-US\",\"@id\":\"https:\\\/\\\/www.iidh.org\\\/en\\\/#\\\/schema\\\/logo\\\/image\\\/\",\"url\":\"https:\\\/\\\/www.iidh.org\\\/wp-content\\\/uploads\\\/2024\\\/09\\\/LOGO_FRC-rouge.svg\",\"contentUrl\":\"https:\\\/\\\/www.iidh.org\\\/wp-content\\\/uploads\\\/2024\\\/09\\\/LOGO_FRC-rouge.svg\",\"width\":699,\"height\":221,\"caption\":\"Fondation Ren\u00e9 CASSIN\"},\"image\":{\"@id\":\"https:\\\/\\\/www.iidh.org\\\/en\\\/#\\\/schema\\\/logo\\\/image\\\/\"},\"sameAs\":[\"https:\\\/\\\/www.facebook.com\\\/FondationReneCassin\\\/\",\"https:\\\/\\\/x.com\\\/IIDHStrasbourg\",\"https:\\\/\\\/www.instagram.com\\\/fondationrenecassin\\\/\"]},{\"@type\":\"Person\",\"@id\":\"https:\\\/\\\/www.iidh.org\\\/en\\\/#\\\/schema\\\/person\\\/b11ebaff7344b9379adfa42046c36b7b\",\"name\":\"iidh\"}]}<\/script>\n<!-- \/ Yoast SEO plugin. -->","yoast_head_json":{"title":"Tribute Day to Ren\u00e9 Cassin (1887\u20131976) (20 February 2026) - Fondation Ren\u00e9 CASSIN","robots":{"index":"index","follow":"follow","max-snippet":"max-snippet:-1","max-image-preview":"max-image-preview:large","max-video-preview":"max-video-preview:-1"},"canonical":"https:\/\/www.iidh.org\/en\/tribute-day-to-rene-cassin-1887-1976-20-february-2026\/","og_locale":"en_US","og_type":"article","og_title":"Tribute Day to Ren\u00e9 Cassin (1887\u20131976) (20 February 2026) - Fondation Ren\u00e9 CASSIN","og_description":"Tribute Day to Ren\u00e9 Cassin (1887\u20131976) 50th anniversary of his [...]","og_url":"https:\/\/www.iidh.org\/en\/tribute-day-to-rene-cassin-1887-1976-20-february-2026\/","og_site_name":"Fondation Ren\u00e9 CASSIN","article_publisher":"https:\/\/www.facebook.com\/FondationReneCassin\/","article_published_time":"2026-01-26T16:35:31+00:00","og_image":[{"width":1587,"height":2245,"url":"https:\/\/www.iidh.org\/wp-content\/uploads\/2026\/01\/Journee-dhommage-a-Rene-Cassin-.png","type":"image\/png"}],"author":"iidh","twitter_card":"summary_large_image","twitter_creator":"@IIDHStrasbourg","twitter_site":"@IIDHStrasbourg","twitter_misc":{"Written by":"iidh","Est. reading time":"3 minutes"},"schema":{"@context":"https:\/\/schema.org","@graph":[{"@type":"Article","@id":"https:\/\/www.iidh.org\/en\/tribute-day-to-rene-cassin-1887-1976-20-february-2026\/#article","isPartOf":{"@id":"https:\/\/www.iidh.org\/en\/tribute-day-to-rene-cassin-1887-1976-20-february-2026\/"},"author":{"name":"iidh","@id":"https:\/\/www.iidh.org\/en\/#\/schema\/person\/b11ebaff7344b9379adfa42046c36b7b"},"headline":"Tribute Day to Ren\u00e9 Cassin (1887\u20131976) (20 February 2026)","datePublished":"2026-01-26T16:35:31+00:00","mainEntityOfPage":{"@id":"https:\/\/www.iidh.org\/en\/tribute-day-to-rene-cassin-1887-1976-20-february-2026\/"},"wordCount":630,"publisher":{"@id":"https:\/\/www.iidh.org\/en\/#organization"},"image":{"@id":"https:\/\/www.iidh.org\/en\/tribute-day-to-rene-cassin-1887-1976-20-february-2026\/#primaryimage"},"thumbnailUrl":"https:\/\/www.iidh.org\/wp-content\/uploads\/2026\/01\/Journee-dhommage-a-Rene-Cassin-.png","articleSection":["Commemoration"],"inLanguage":"en-US"},{"@type":"WebPage","@id":"https:\/\/www.iidh.org\/en\/tribute-day-to-rene-cassin-1887-1976-20-february-2026\/","url":"https:\/\/www.iidh.org\/en\/tribute-day-to-rene-cassin-1887-1976-20-february-2026\/","name":"Tribute Day to Ren\u00e9 Cassin (1887\u20131976) (20 February 2026) - Fondation Ren\u00e9 CASSIN","isPartOf":{"@id":"https:\/\/www.iidh.org\/en\/#website"},"primaryImageOfPage":{"@id":"https:\/\/www.iidh.org\/en\/tribute-day-to-rene-cassin-1887-1976-20-february-2026\/#primaryimage"},"image":{"@id":"https:\/\/www.iidh.org\/en\/tribute-day-to-rene-cassin-1887-1976-20-february-2026\/#primaryimage"},"thumbnailUrl":"https:\/\/www.iidh.org\/wp-content\/uploads\/2026\/01\/Journee-dhommage-a-Rene-Cassin-.png","datePublished":"2026-01-26T16:35:31+00:00","breadcrumb":{"@id":"https:\/\/www.iidh.org\/en\/tribute-day-to-rene-cassin-1887-1976-20-february-2026\/#breadcrumb"},"inLanguage":"en-US","potentialAction":[{"@type":"ReadAction","target":["https:\/\/www.iidh.org\/en\/tribute-day-to-rene-cassin-1887-1976-20-february-2026\/"]}]},{"@type":"ImageObject","inLanguage":"en-US","@id":"https:\/\/www.iidh.org\/en\/tribute-day-to-rene-cassin-1887-1976-20-february-2026\/#primaryimage","url":"https:\/\/www.iidh.org\/wp-content\/uploads\/2026\/01\/Journee-dhommage-a-Rene-Cassin-.png","contentUrl":"https:\/\/www.iidh.org\/wp-content\/uploads\/2026\/01\/Journee-dhommage-a-Rene-Cassin-.png","width":1587,"height":2245},{"@type":"BreadcrumbList","@id":"https:\/\/www.iidh.org\/en\/tribute-day-to-rene-cassin-1887-1976-20-february-2026\/#breadcrumb","itemListElement":[{"@type":"ListItem","position":1,"name":"Accueil","item":"https:\/\/www.iidh.org\/en\/"},{"@type":"ListItem","position":2,"name":"Tribute Day to Ren\u00e9 Cassin (1887\u20131976) (20 February 2026)"}]},{"@type":"WebSite","@id":"https:\/\/www.iidh.org\/en\/#website","url":"https:\/\/www.iidh.org\/en\/","name":"Fondation Ren\u00e9 CASSIN","description":"","publisher":{"@id":"https:\/\/www.iidh.org\/en\/#organization"},"potentialAction":[{"@type":"SearchAction","target":{"@type":"EntryPoint","urlTemplate":"https:\/\/www.iidh.org\/en\/?s={search_term_string}"},"query-input":{"@type":"PropertyValueSpecification","valueRequired":true,"valueName":"search_term_string"}}],"inLanguage":"en-US"},{"@type":"Organization","@id":"https:\/\/www.iidh.org\/en\/#organization","name":"Fondation Ren\u00e9 CASSIN","url":"https:\/\/www.iidh.org\/en\/","logo":{"@type":"ImageObject","inLanguage":"en-US","@id":"https:\/\/www.iidh.org\/en\/#\/schema\/logo\/image\/","url":"https:\/\/www.iidh.org\/wp-content\/uploads\/2024\/09\/LOGO_FRC-rouge.svg","contentUrl":"https:\/\/www.iidh.org\/wp-content\/uploads\/2024\/09\/LOGO_FRC-rouge.svg","width":699,"height":221,"caption":"Fondation Ren\u00e9 CASSIN"},"image":{"@id":"https:\/\/www.iidh.org\/en\/#\/schema\/logo\/image\/"},"sameAs":["https:\/\/www.facebook.com\/FondationReneCassin\/","https:\/\/x.com\/IIDHStrasbourg","https:\/\/www.instagram.com\/fondationrenecassin\/"]},{"@type":"Person","@id":"https:\/\/www.iidh.org\/en\/#\/schema\/person\/b11ebaff7344b9379adfa42046c36b7b","name":"iidh"}]}},"_links":{"self":[{"href":"https:\/\/www.iidh.org\/en\/wp-json\/wp\/v2\/posts\/7097","targetHints":{"allow":["GET"]}}],"collection":[{"href":"https:\/\/www.iidh.org\/en\/wp-json\/wp\/v2\/posts"}],"about":[{"href":"https:\/\/www.iidh.org\/en\/wp-json\/wp\/v2\/types\/post"}],"author":[{"embeddable":true,"href":"https:\/\/www.iidh.org\/en\/wp-json\/wp\/v2\/users\/2"}],"replies":[{"embeddable":true,"href":"https:\/\/www.iidh.org\/en\/wp-json\/wp\/v2\/comments?post=7097"}],"version-history":[{"count":0,"href":"https:\/\/www.iidh.org\/en\/wp-json\/wp\/v2\/posts\/7097\/revisions"}],"wp:featuredmedia":[{"embeddable":true,"href":"https:\/\/www.iidh.org\/en\/wp-json\/wp\/v2\/media\/7095"}],"wp:attachment":[{"href":"https:\/\/www.iidh.org\/en\/wp-json\/wp\/v2\/media?parent=7097"}],"wp:term":[{"taxonomy":"category","embeddable":true,"href":"https:\/\/www.iidh.org\/en\/wp-json\/wp\/v2\/categories?post=7097"},{"taxonomy":"post_tag","embeddable":true,"href":"https:\/\/www.iidh.org\/en\/wp-json\/wp\/v2\/tags?post=7097"}],"curies":[{"name":"wp","href":"https:\/\/api.w.org\/{rel}","templated":true}]}}