{"id":4920,"date":"2024-10-08T11:06:39","date_gmt":"2024-10-08T09:06:39","guid":{"rendered":"https:\/\/www.iidh.org\/desarrollo-profesional-continuo-para-abogados-nuevas-reformas-en-el-derecho-de-asilo-e-inmigracion-presencial-o-por-videoconferencia\/"},"modified":"2024-11-08T15:17:21","modified_gmt":"2024-11-08T13:17:21","slug":"desarrollo-profesional-continuo-para-abogados-nuevas-reformas-en-el-derecho-de-asilo-e-inmigracion-presencial-o-por-videoconferencia","status":"publish","type":"post","link":"https:\/\/www.iidh.org\/es\/desarrollo-profesional-continuo-para-abogados-nuevas-reformas-en-el-derecho-de-asilo-e-inmigracion-presencial-o-por-videoconferencia\/","title":{"rendered":"Desarrollo profesional continuo para abogados: \u00abNuevas reformas en el derecho de asilo e inmigraci\u00f3n\u00bb &#8211; presencial o por videoconferencia"},"content":{"rendered":"<div class=\"fusion-fullwidth fullwidth-box fusion-builder-row-1 fusion-flex-container nonhundred-percent-fullwidth non-hundred-percent-height-scrolling\" style=\"--awb-border-radius-top-left:0px;--awb-border-radius-top-right:0px;--awb-border-radius-bottom-right:0px;--awb-border-radius-bottom-left:0px;--awb-flex-wrap:wrap;\" ><div class=\"fusion-builder-row fusion-row fusion-flex-align-items-flex-start fusion-flex-content-wrap\" style=\"max-width:1248px;margin-left: calc(-4% \/ 2 );margin-right: calc(-4% \/ 2 );\"><div class=\"fusion-layout-column fusion_builder_column fusion-builder-column-0 fusion_builder_column_1_1 1_1 fusion-flex-column\" style=\"--awb-bg-blend:overlay;--awb-bg-size:cover;--awb-width-large:100%;--awb-margin-top-large:0px;--awb-spacing-right-large:1.92%;--awb-margin-bottom-large:0px;--awb-spacing-left-large:1.92%;--awb-width-medium:100%;--awb-spacing-right-medium:1.92%;--awb-spacing-left-medium:1.92%;--awb-width-small:100%;--awb-spacing-right-small:1.92%;--awb-spacing-left-small:1.92%;\"><div class=\"fusion-column-wrapper fusion-flex-justify-content-flex-start fusion-content-layout-column\"><div class=\"fusion-text fusion-text-1\"><p><strong>Desarrollo profesional continuo para abogados sobre \u00abNuevas reformas en el derecho de asilo e inmigraci\u00f3n\u00bb.  <\/strong>  CARA A CARA O POR VIDEOCONFERENCIA (EN DIRECTO O EN DIFERIDO)  <\/p>\n<p class=\"cvGsUA direction-ltr align-center para-style-body\"><span class=\"OYPEnA text-decoration-none text-strikethrough-none\">El curso tendr\u00e1 lugar el martes 8 de octubre de 2024<\/span><\/p>\n<p class=\"cvGsUA direction-ltr align-center para-style-body\"><span class=\"OYPEnA text-decoration-none text-strikethrough-none\">De 9.00 a 10.30 h y de 11.00 a 12.30 h, con una pausa caf\u00e9 presencial<\/span><\/p>\n<p class=\"cvGsUA direction-ltr align-center para-style-body\"><span class=\"OYPEnA text-decoration-none text-strikethrough-none\">3 horas de desarrollo profesional continuo validado<\/span><\/p>\n<p>  El curso tambi\u00e9n tendr\u00e1 lugar por videoconferencia en la plataforma ZOOM. Los cursos ser\u00e1n accesibles en directo o como repetici\u00f3n, con la posibilidad de verlos durante un periodo ilimitado.   <strong>Oradores:  <\/strong><\/p>\n<p class=\"cvGsUA direction-ltr align-center para-style-body\"><strong><span class=\"OYPEnA text-decoration-none text-strikethrough-none\">Thibaut FLEURY-GRAFF<\/span><\/strong><\/p>\n<p class=\"cvGsUA direction-ltr align-center para-style-body\"><span class=\"OYPEnA text-decoration-none text-strikethrough-none\">Thibaut Fleury-Graff es Catedr\u00e1tico de Derecho Internacional P\u00fablico en la Universidad de Versalles St-Quentin (Par\u00eds-Saclay), especializado en fronteras, migraci\u00f3n, asilo y derechos humanos. Tambi\u00e9n es Director de la Escuela Superior de Derecho y codirector del M\u00e1ster 2 en Derecho Internacional y de los Derechos Fundamentales Europeos de esta Universidad. Thibaut Fleury-Graff tambi\u00e9n trabaja como consultor para la Oficina del Alto Comisionado de las Naciones Unidas para los Refugiados (ACNUR &#8211; Asilo y Migraci\u00f3n) y el Consejo de Europa (Articulaci\u00f3n de los sistemas nacionales con el derecho internacional y europeo de los derechos humanos).  <\/span><\/p>\n<p class=\"cvGsUA direction-ltr align-center para-style-body\"><strong><span class=\"OYPEnA text-decoration-none text-strikethrough-none\">Alexis MARIE<\/span><\/strong><\/p>\n<p class=\"cvGsUA direction-ltr align-center para-style-body\"><span class=\"OYPEnA text-decoration-none text-strikethrough-none\">Alexis Marie es catedr\u00e1tico de Derecho P\u00fablico en la Universidad de Burdeos y asesor designado por el Alto Comisionado de las Naciones Unidas para los Refugiados en la Cour nationale du droit d&#8217;asile. Est\u00e1 especializado en Derecho Internacional P\u00fablico y Derecho de Asilo.<\/span><\/p>\n<p class=\"cvGsUA direction-ltr align-center para-style-body\"><span class=\"OYPEnA text-decoration-none text-strikethrough-none\">Alexis MARIE y Thibaut FLEURY-GRAFF son coautores del Manual \u00abDroit de l&#8217;asile\u00bb (PUF 2019), y son copatrocinadores, con el profesor Julian FERNANDEZ, del proyecto \u00abRefWar &#8211; Protection en France des exil\u00e9s de guerre\u00bb, financiado por la Agencia Nacional de Investigaci\u00f3n francesa (ANR, 2019-2023).<\/span><\/p>\n<p>  Fecha l\u00edmite de inscripci\u00f3n y pago: 1 de octubre de 2024 &#8211; medianoche hora francesa (GMT+1)  <strong>Para la formaci\u00f3n presencial:<\/strong><strong>Tarifa completa:<\/strong><strong>250<\/strong><strong>eurosPrecio<\/strong><strong>reducido: 175 \u20ac<\/strong> para abogados con menos de dos a\u00f1os de antig\u00fcedad (puede solicitarse un justificante de antig\u00fcedad) <strong>Para la formaci\u00f3n por videoconferencia:<\/strong><strong>Tarifa completa:<\/strong><strong>200<\/strong><strong>\u20acTarifa<\/strong><strong>reducida: 140 \u20ac<\/strong> para abogados con menos de dos a\u00f1os de antig\u00fcedad (puede solicitarse un justificante de antig\u00fcedad) Esta formaci\u00f3n profesional puede estar cubierta por la FIFPL. La Fondation Ren\u00e9 Cassin es un organismo de formaci\u00f3n registrado con el n\u00famero 44670634667 ante el prefecto de la regi\u00f3n de Grand Est. Es un organismo de formaci\u00f3n homologado por QALIOPI con el n\u00famero 44670634667. <strong>Objetivos de la formaci\u00f3n<\/strong> Nivel 2. Avanzado    <\/p>\n<p class=\"cvGsUA direction-ltr align-justify para-style-body\"><span class=\"OYPEnA text-decoration-none text-strikethrough-none\">Al finalizar este curso, los abogados habr\u00e1n actualizado sus conocimientos sobre los cambios introducidos en el derecho de asilo e inmigraci\u00f3n por la <\/span><span class=\"OYPEnA text-decoration-none text-strikethrough-none\">Ley de 26 de enero de 2024 para controlar la inmigraci\u00f3n, mejorar la integraci\u00f3n <\/span><span class=\"OYPEnA text-decoration-none text-strikethrough-none\">y el <\/span><span class=\"OYPEnA text-decoration-none text-strikethrough-none\">Reglamento sobre la gesti\u00f3n del asilo y la migraci\u00f3n en la Uni\u00f3n Europea<\/span> <span class=\"OYPEnA text-decoration-none text-strikethrough-none\">de 10 de abril de 2024.<\/span><\/p>\n<p class=\"cvGsUA direction-ltr align-justify para-style-body\"><span class=\"OYPEnA text-decoration-none text-strikethrough-none\">La atenci\u00f3n se centrar\u00e1 en<\/span> <span class=\"OYPEnA text-decoration-none text-strikethrough-none\">las consecuencias directas de estas reformas sobre los litigios en materia de asilo: nuevos procedimientos fronterizos, territorializaci\u00f3n de la Oficina Francesa de Protecci\u00f3n de los Refugiados y Ap\u00e1tridas y del Tribunal Nacional de Asilo, salas unipersonales, nuevos plazos, etc.<\/span><\/p>\n<p>  Si tienes alguna pregunta, ponte en contacto con Elsa Zimmer, Responsable de Programas de la Fundaci\u00f3n Ren\u00e9 Cassin:  <a href=\"mailto:elsa.zimmer@iidh.org\">elsa.zimmer@iidh.org<\/a><\/p>\n<\/div><script type=\"text\/javascript\" src=\"https:\/\/form.jotform.com\/jsform\/242831992707364\"><\/script><\/div><\/div><\/div><\/div>\n","protected":false},"excerpt":{"rendered":"","protected":false},"author":2,"featured_media":4354,"comment_status":"open","ping_status":"closed","sticky":false,"template":"","format":"standard","meta":{"footnotes":""},"categories":[99],"tags":[],"class_list":["post-4920","post","type-post","status-publish","format-standard","has-post-thumbnail","hentry","category-sesiones-completadas"],"yoast_head":"<!-- This site is optimized with the Yoast SEO plugin v27.5 - https:\/\/yoast.com\/product\/yoast-seo-wordpress\/ -->\n<title>Desarrollo profesional continuo para abogados: &quot;Nuevas reformas en el derecho de asilo e inmigraci\u00f3n&quot; - presencial o por videoconferencia - Fondation Ren\u00e9 CASSIN<\/title>\n<meta name=\"robots\" content=\"index, follow, max-snippet:-1, max-image-preview:large, max-video-preview:-1\" \/>\n<link rel=\"canonical\" href=\"https:\/\/www.iidh.org\/es\/desarrollo-profesional-continuo-para-abogados-nuevas-reformas-en-el-derecho-de-asilo-e-inmigracion-presencial-o-por-videoconferencia\/\" \/>\n<meta property=\"og:locale\" content=\"es_ES\" \/>\n<meta property=\"og:type\" content=\"article\" \/>\n<meta property=\"og:title\" content=\"Desarrollo profesional continuo para abogados: &quot;Nuevas reformas en el derecho de asilo e inmigraci\u00f3n&quot; - presencial o por videoconferencia - Fondation Ren\u00e9 CASSIN\" \/>\n<meta property=\"og:url\" content=\"https:\/\/www.iidh.org\/es\/desarrollo-profesional-continuo-para-abogados-nuevas-reformas-en-el-derecho-de-asilo-e-inmigracion-presencial-o-por-videoconferencia\/\" \/>\n<meta property=\"og:site_name\" content=\"Fondation Ren\u00e9 CASSIN\" \/>\n<meta property=\"article:publisher\" content=\"https:\/\/www.facebook.com\/FondationReneCassin\/\" \/>\n<meta property=\"article:published_time\" content=\"2024-10-08T09:06:39+00:00\" \/>\n<meta property=\"article:modified_time\" content=\"2024-11-08T13:17:21+00:00\" \/>\n<meta property=\"og:image\" content=\"https:\/\/www.iidh.org\/wp-content\/uploads\/2024\/10\/Default.png\" \/>\n\t<meta property=\"og:image:width\" content=\"720\" \/>\n\t<meta property=\"og:image:height\" content=\"585\" \/>\n\t<meta property=\"og:image:type\" content=\"image\/png\" \/>\n<meta name=\"author\" content=\"iidh\" \/>\n<meta name=\"twitter:card\" content=\"summary_large_image\" \/>\n<meta name=\"twitter:creator\" content=\"@IIDHStrasbourg\" \/>\n<meta name=\"twitter:site\" content=\"@IIDHStrasbourg\" \/>\n<meta name=\"twitter:label1\" content=\"Escrito por\" \/>\n\t<meta name=\"twitter:data1\" content=\"iidh\" \/>\n\t<meta name=\"twitter:label2\" content=\"Tiempo de lectura\" \/>\n\t<meta name=\"twitter:data2\" content=\"3 minutos\" \/>\n<script type=\"application\/ld+json\" class=\"yoast-schema-graph\">{\"@context\":\"https:\\\/\\\/schema.org\",\"@graph\":[{\"@type\":\"Article\",\"@id\":\"https:\\\/\\\/www.iidh.org\\\/es\\\/desarrollo-profesional-continuo-para-abogados-nuevas-reformas-en-el-derecho-de-asilo-e-inmigracion-presencial-o-por-videoconferencia\\\/#article\",\"isPartOf\":{\"@id\":\"https:\\\/\\\/www.iidh.org\\\/es\\\/desarrollo-profesional-continuo-para-abogados-nuevas-reformas-en-el-derecho-de-asilo-e-inmigracion-presencial-o-por-videoconferencia\\\/\"},\"author\":{\"name\":\"iidh\",\"@id\":\"https:\\\/\\\/www.iidh.org\\\/es\\\/#\\\/schema\\\/person\\\/b11ebaff7344b9379adfa42046c36b7b\"},\"headline\":\"Desarrollo profesional continuo para abogados: \u00abNuevas reformas en el derecho de asilo e inmigraci\u00f3n\u00bb &#8211; presencial o por videoconferencia\",\"datePublished\":\"2024-10-08T09:06:39+00:00\",\"dateModified\":\"2024-11-08T13:17:21+00:00\",\"mainEntityOfPage\":{\"@id\":\"https:\\\/\\\/www.iidh.org\\\/es\\\/desarrollo-profesional-continuo-para-abogados-nuevas-reformas-en-el-derecho-de-asilo-e-inmigracion-presencial-o-por-videoconferencia\\\/\"},\"wordCount\":680,\"commentCount\":0,\"publisher\":{\"@id\":\"https:\\\/\\\/www.iidh.org\\\/es\\\/#organization\"},\"image\":{\"@id\":\"https:\\\/\\\/www.iidh.org\\\/es\\\/desarrollo-profesional-continuo-para-abogados-nuevas-reformas-en-el-derecho-de-asilo-e-inmigracion-presencial-o-por-videoconferencia\\\/#primaryimage\"},\"thumbnailUrl\":\"https:\\\/\\\/www.iidh.org\\\/wp-content\\\/uploads\\\/2024\\\/10\\\/Default.png\",\"articleSection\":[\"Sesiones completadas\"],\"inLanguage\":\"es\",\"potentialAction\":[{\"@type\":\"CommentAction\",\"name\":\"Comment\",\"target\":[\"https:\\\/\\\/www.iidh.org\\\/es\\\/desarrollo-profesional-continuo-para-abogados-nuevas-reformas-en-el-derecho-de-asilo-e-inmigracion-presencial-o-por-videoconferencia\\\/#respond\"]}]},{\"@type\":\"WebPage\",\"@id\":\"https:\\\/\\\/www.iidh.org\\\/es\\\/desarrollo-profesional-continuo-para-abogados-nuevas-reformas-en-el-derecho-de-asilo-e-inmigracion-presencial-o-por-videoconferencia\\\/\",\"url\":\"https:\\\/\\\/www.iidh.org\\\/es\\\/desarrollo-profesional-continuo-para-abogados-nuevas-reformas-en-el-derecho-de-asilo-e-inmigracion-presencial-o-por-videoconferencia\\\/\",\"name\":\"Desarrollo profesional continuo para abogados: \\\"Nuevas reformas en el derecho de asilo e inmigraci\u00f3n\\\" - presencial o por videoconferencia - Fondation Ren\u00e9 CASSIN\",\"isPartOf\":{\"@id\":\"https:\\\/\\\/www.iidh.org\\\/es\\\/#website\"},\"primaryImageOfPage\":{\"@id\":\"https:\\\/\\\/www.iidh.org\\\/es\\\/desarrollo-profesional-continuo-para-abogados-nuevas-reformas-en-el-derecho-de-asilo-e-inmigracion-presencial-o-por-videoconferencia\\\/#primaryimage\"},\"image\":{\"@id\":\"https:\\\/\\\/www.iidh.org\\\/es\\\/desarrollo-profesional-continuo-para-abogados-nuevas-reformas-en-el-derecho-de-asilo-e-inmigracion-presencial-o-por-videoconferencia\\\/#primaryimage\"},\"thumbnailUrl\":\"https:\\\/\\\/www.iidh.org\\\/wp-content\\\/uploads\\\/2024\\\/10\\\/Default.png\",\"datePublished\":\"2024-10-08T09:06:39+00:00\",\"dateModified\":\"2024-11-08T13:17:21+00:00\",\"breadcrumb\":{\"@id\":\"https:\\\/\\\/www.iidh.org\\\/es\\\/desarrollo-profesional-continuo-para-abogados-nuevas-reformas-en-el-derecho-de-asilo-e-inmigracion-presencial-o-por-videoconferencia\\\/#breadcrumb\"},\"inLanguage\":\"es\",\"potentialAction\":[{\"@type\":\"ReadAction\",\"target\":[\"https:\\\/\\\/www.iidh.org\\\/es\\\/desarrollo-profesional-continuo-para-abogados-nuevas-reformas-en-el-derecho-de-asilo-e-inmigracion-presencial-o-por-videoconferencia\\\/\"]}]},{\"@type\":\"ImageObject\",\"inLanguage\":\"es\",\"@id\":\"https:\\\/\\\/www.iidh.org\\\/es\\\/desarrollo-profesional-continuo-para-abogados-nuevas-reformas-en-el-derecho-de-asilo-e-inmigracion-presencial-o-por-videoconferencia\\\/#primaryimage\",\"url\":\"https:\\\/\\\/www.iidh.org\\\/wp-content\\\/uploads\\\/2024\\\/10\\\/Default.png\",\"contentUrl\":\"https:\\\/\\\/www.iidh.org\\\/wp-content\\\/uploads\\\/2024\\\/10\\\/Default.png\",\"width\":720,\"height\":585},{\"@type\":\"BreadcrumbList\",\"@id\":\"https:\\\/\\\/www.iidh.org\\\/es\\\/desarrollo-profesional-continuo-para-abogados-nuevas-reformas-en-el-derecho-de-asilo-e-inmigracion-presencial-o-por-videoconferencia\\\/#breadcrumb\",\"itemListElement\":[{\"@type\":\"ListItem\",\"position\":1,\"name\":\"Accueil\",\"item\":\"https:\\\/\\\/www.iidh.org\\\/es\\\/\"},{\"@type\":\"ListItem\",\"position\":2,\"name\":\"Desarrollo profesional continuo para abogados: \u00ab\u00a0Nuevas reformas en el derecho de asilo e inmigraci\u00f3n\u00a0\u00bb &#8211; presencial o por videoconferencia\"}]},{\"@type\":\"WebSite\",\"@id\":\"https:\\\/\\\/www.iidh.org\\\/es\\\/#website\",\"url\":\"https:\\\/\\\/www.iidh.org\\\/es\\\/\",\"name\":\"Fondation Ren\u00e9 CASSIN\",\"description\":\"\",\"publisher\":{\"@id\":\"https:\\\/\\\/www.iidh.org\\\/es\\\/#organization\"},\"potentialAction\":[{\"@type\":\"SearchAction\",\"target\":{\"@type\":\"EntryPoint\",\"urlTemplate\":\"https:\\\/\\\/www.iidh.org\\\/es\\\/?s={search_term_string}\"},\"query-input\":{\"@type\":\"PropertyValueSpecification\",\"valueRequired\":true,\"valueName\":\"search_term_string\"}}],\"inLanguage\":\"es\"},{\"@type\":\"Organization\",\"@id\":\"https:\\\/\\\/www.iidh.org\\\/es\\\/#organization\",\"name\":\"Fondation Ren\u00e9 CASSIN\",\"url\":\"https:\\\/\\\/www.iidh.org\\\/es\\\/\",\"logo\":{\"@type\":\"ImageObject\",\"inLanguage\":\"es\",\"@id\":\"https:\\\/\\\/www.iidh.org\\\/es\\\/#\\\/schema\\\/logo\\\/image\\\/\",\"url\":\"https:\\\/\\\/www.iidh.org\\\/wp-content\\\/uploads\\\/2024\\\/09\\\/LOGO_FRC-rouge.svg\",\"contentUrl\":\"https:\\\/\\\/www.iidh.org\\\/wp-content\\\/uploads\\\/2024\\\/09\\\/LOGO_FRC-rouge.svg\",\"width\":699,\"height\":221,\"caption\":\"Fondation Ren\u00e9 CASSIN\"},\"image\":{\"@id\":\"https:\\\/\\\/www.iidh.org\\\/es\\\/#\\\/schema\\\/logo\\\/image\\\/\"},\"sameAs\":[\"https:\\\/\\\/www.facebook.com\\\/FondationReneCassin\\\/\",\"https:\\\/\\\/x.com\\\/IIDHStrasbourg\",\"https:\\\/\\\/www.instagram.com\\\/fondationrenecassin\\\/\"]},{\"@type\":\"Person\",\"@id\":\"https:\\\/\\\/www.iidh.org\\\/es\\\/#\\\/schema\\\/person\\\/b11ebaff7344b9379adfa42046c36b7b\",\"name\":\"iidh\"}]}<\/script>\n<!-- \/ Yoast SEO plugin. -->","yoast_head_json":{"title":"Desarrollo profesional continuo para abogados: \"Nuevas reformas en el derecho de asilo e inmigraci\u00f3n\" - presencial o por videoconferencia - Fondation Ren\u00e9 CASSIN","robots":{"index":"index","follow":"follow","max-snippet":"max-snippet:-1","max-image-preview":"max-image-preview:large","max-video-preview":"max-video-preview:-1"},"canonical":"https:\/\/www.iidh.org\/es\/desarrollo-profesional-continuo-para-abogados-nuevas-reformas-en-el-derecho-de-asilo-e-inmigracion-presencial-o-por-videoconferencia\/","og_locale":"es_ES","og_type":"article","og_title":"Desarrollo profesional continuo para abogados: \"Nuevas reformas en el derecho de asilo e inmigraci\u00f3n\" - presencial o por videoconferencia - Fondation Ren\u00e9 CASSIN","og_url":"https:\/\/www.iidh.org\/es\/desarrollo-profesional-continuo-para-abogados-nuevas-reformas-en-el-derecho-de-asilo-e-inmigracion-presencial-o-por-videoconferencia\/","og_site_name":"Fondation Ren\u00e9 CASSIN","article_publisher":"https:\/\/www.facebook.com\/FondationReneCassin\/","article_published_time":"2024-10-08T09:06:39+00:00","article_modified_time":"2024-11-08T13:17:21+00:00","og_image":[{"width":720,"height":585,"url":"https:\/\/www.iidh.org\/wp-content\/uploads\/2024\/10\/Default.png","type":"image\/png"}],"author":"iidh","twitter_card":"summary_large_image","twitter_creator":"@IIDHStrasbourg","twitter_site":"@IIDHStrasbourg","twitter_misc":{"Escrito por":"iidh","Tiempo de lectura":"3 minutos"},"schema":{"@context":"https:\/\/schema.org","@graph":[{"@type":"Article","@id":"https:\/\/www.iidh.org\/es\/desarrollo-profesional-continuo-para-abogados-nuevas-reformas-en-el-derecho-de-asilo-e-inmigracion-presencial-o-por-videoconferencia\/#article","isPartOf":{"@id":"https:\/\/www.iidh.org\/es\/desarrollo-profesional-continuo-para-abogados-nuevas-reformas-en-el-derecho-de-asilo-e-inmigracion-presencial-o-por-videoconferencia\/"},"author":{"name":"iidh","@id":"https:\/\/www.iidh.org\/es\/#\/schema\/person\/b11ebaff7344b9379adfa42046c36b7b"},"headline":"Desarrollo profesional continuo para abogados: \u00abNuevas reformas en el derecho de asilo e inmigraci\u00f3n\u00bb &#8211; presencial o por videoconferencia","datePublished":"2024-10-08T09:06:39+00:00","dateModified":"2024-11-08T13:17:21+00:00","mainEntityOfPage":{"@id":"https:\/\/www.iidh.org\/es\/desarrollo-profesional-continuo-para-abogados-nuevas-reformas-en-el-derecho-de-asilo-e-inmigracion-presencial-o-por-videoconferencia\/"},"wordCount":680,"commentCount":0,"publisher":{"@id":"https:\/\/www.iidh.org\/es\/#organization"},"image":{"@id":"https:\/\/www.iidh.org\/es\/desarrollo-profesional-continuo-para-abogados-nuevas-reformas-en-el-derecho-de-asilo-e-inmigracion-presencial-o-por-videoconferencia\/#primaryimage"},"thumbnailUrl":"https:\/\/www.iidh.org\/wp-content\/uploads\/2024\/10\/Default.png","articleSection":["Sesiones completadas"],"inLanguage":"es","potentialAction":[{"@type":"CommentAction","name":"Comment","target":["https:\/\/www.iidh.org\/es\/desarrollo-profesional-continuo-para-abogados-nuevas-reformas-en-el-derecho-de-asilo-e-inmigracion-presencial-o-por-videoconferencia\/#respond"]}]},{"@type":"WebPage","@id":"https:\/\/www.iidh.org\/es\/desarrollo-profesional-continuo-para-abogados-nuevas-reformas-en-el-derecho-de-asilo-e-inmigracion-presencial-o-por-videoconferencia\/","url":"https:\/\/www.iidh.org\/es\/desarrollo-profesional-continuo-para-abogados-nuevas-reformas-en-el-derecho-de-asilo-e-inmigracion-presencial-o-por-videoconferencia\/","name":"Desarrollo profesional continuo para abogados: \"Nuevas reformas en el derecho de asilo e inmigraci\u00f3n\" - presencial o por videoconferencia - Fondation Ren\u00e9 CASSIN","isPartOf":{"@id":"https:\/\/www.iidh.org\/es\/#website"},"primaryImageOfPage":{"@id":"https:\/\/www.iidh.org\/es\/desarrollo-profesional-continuo-para-abogados-nuevas-reformas-en-el-derecho-de-asilo-e-inmigracion-presencial-o-por-videoconferencia\/#primaryimage"},"image":{"@id":"https:\/\/www.iidh.org\/es\/desarrollo-profesional-continuo-para-abogados-nuevas-reformas-en-el-derecho-de-asilo-e-inmigracion-presencial-o-por-videoconferencia\/#primaryimage"},"thumbnailUrl":"https:\/\/www.iidh.org\/wp-content\/uploads\/2024\/10\/Default.png","datePublished":"2024-10-08T09:06:39+00:00","dateModified":"2024-11-08T13:17:21+00:00","breadcrumb":{"@id":"https:\/\/www.iidh.org\/es\/desarrollo-profesional-continuo-para-abogados-nuevas-reformas-en-el-derecho-de-asilo-e-inmigracion-presencial-o-por-videoconferencia\/#breadcrumb"},"inLanguage":"es","potentialAction":[{"@type":"ReadAction","target":["https:\/\/www.iidh.org\/es\/desarrollo-profesional-continuo-para-abogados-nuevas-reformas-en-el-derecho-de-asilo-e-inmigracion-presencial-o-por-videoconferencia\/"]}]},{"@type":"ImageObject","inLanguage":"es","@id":"https:\/\/www.iidh.org\/es\/desarrollo-profesional-continuo-para-abogados-nuevas-reformas-en-el-derecho-de-asilo-e-inmigracion-presencial-o-por-videoconferencia\/#primaryimage","url":"https:\/\/www.iidh.org\/wp-content\/uploads\/2024\/10\/Default.png","contentUrl":"https:\/\/www.iidh.org\/wp-content\/uploads\/2024\/10\/Default.png","width":720,"height":585},{"@type":"BreadcrumbList","@id":"https:\/\/www.iidh.org\/es\/desarrollo-profesional-continuo-para-abogados-nuevas-reformas-en-el-derecho-de-asilo-e-inmigracion-presencial-o-por-videoconferencia\/#breadcrumb","itemListElement":[{"@type":"ListItem","position":1,"name":"Accueil","item":"https:\/\/www.iidh.org\/es\/"},{"@type":"ListItem","position":2,"name":"Desarrollo profesional continuo para abogados: \u00ab\u00a0Nuevas reformas en el derecho de asilo e inmigraci\u00f3n\u00a0\u00bb &#8211; presencial o por videoconferencia"}]},{"@type":"WebSite","@id":"https:\/\/www.iidh.org\/es\/#website","url":"https:\/\/www.iidh.org\/es\/","name":"Fondation Ren\u00e9 CASSIN","description":"","publisher":{"@id":"https:\/\/www.iidh.org\/es\/#organization"},"potentialAction":[{"@type":"SearchAction","target":{"@type":"EntryPoint","urlTemplate":"https:\/\/www.iidh.org\/es\/?s={search_term_string}"},"query-input":{"@type":"PropertyValueSpecification","valueRequired":true,"valueName":"search_term_string"}}],"inLanguage":"es"},{"@type":"Organization","@id":"https:\/\/www.iidh.org\/es\/#organization","name":"Fondation Ren\u00e9 CASSIN","url":"https:\/\/www.iidh.org\/es\/","logo":{"@type":"ImageObject","inLanguage":"es","@id":"https:\/\/www.iidh.org\/es\/#\/schema\/logo\/image\/","url":"https:\/\/www.iidh.org\/wp-content\/uploads\/2024\/09\/LOGO_FRC-rouge.svg","contentUrl":"https:\/\/www.iidh.org\/wp-content\/uploads\/2024\/09\/LOGO_FRC-rouge.svg","width":699,"height":221,"caption":"Fondation Ren\u00e9 CASSIN"},"image":{"@id":"https:\/\/www.iidh.org\/es\/#\/schema\/logo\/image\/"},"sameAs":["https:\/\/www.facebook.com\/FondationReneCassin\/","https:\/\/x.com\/IIDHStrasbourg","https:\/\/www.instagram.com\/fondationrenecassin\/"]},{"@type":"Person","@id":"https:\/\/www.iidh.org\/es\/#\/schema\/person\/b11ebaff7344b9379adfa42046c36b7b","name":"iidh"}]}},"_links":{"self":[{"href":"https:\/\/www.iidh.org\/es\/wp-json\/wp\/v2\/posts\/4920","targetHints":{"allow":["GET"]}}],"collection":[{"href":"https:\/\/www.iidh.org\/es\/wp-json\/wp\/v2\/posts"}],"about":[{"href":"https:\/\/www.iidh.org\/es\/wp-json\/wp\/v2\/types\/post"}],"author":[{"embeddable":true,"href":"https:\/\/www.iidh.org\/es\/wp-json\/wp\/v2\/users\/2"}],"replies":[{"embeddable":true,"href":"https:\/\/www.iidh.org\/es\/wp-json\/wp\/v2\/comments?post=4920"}],"version-history":[{"count":2,"href":"https:\/\/www.iidh.org\/es\/wp-json\/wp\/v2\/posts\/4920\/revisions"}],"predecessor-version":[{"id":5590,"href":"https:\/\/www.iidh.org\/es\/wp-json\/wp\/v2\/posts\/4920\/revisions\/5590"}],"wp:featuredmedia":[{"embeddable":true,"href":"https:\/\/www.iidh.org\/es\/wp-json\/wp\/v2\/media\/4354"}],"wp:attachment":[{"href":"https:\/\/www.iidh.org\/es\/wp-json\/wp\/v2\/media?parent=4920"}],"wp:term":[{"taxonomy":"category","embeddable":true,"href":"https:\/\/www.iidh.org\/es\/wp-json\/wp\/v2\/categories?post=4920"},{"taxonomy":"post_tag","embeddable":true,"href":"https:\/\/www.iidh.org\/es\/wp-json\/wp\/v2\/tags?post=4920"}],"curies":[{"name":"wp","href":"https:\/\/api.w.org\/{rel}","templated":true}]}}