{"id":4944,"date":"2024-10-08T11:00:42","date_gmt":"2024-10-08T09:00:42","guid":{"rendered":"https:\/\/www.iidh.org\/2a-sesion-de-brazzaville-justicia-reparadora\/"},"modified":"2024-11-08T15:17:21","modified_gmt":"2024-11-08T13:17:21","slug":"2a-sesion-de-brazzaville-justicia-reparadora","status":"publish","type":"post","link":"https:\/\/www.iidh.org\/es\/2a-sesion-de-brazzaville-justicia-reparadora\/","title":{"rendered":"2\u00aa Sesi\u00f3n de Brazzaville &#8211; Justicia Reparadora"},"content":{"rendered":"<div class=\"fusion-fullwidth fullwidth-box fusion-builder-row-1 fusion-flex-container nonhundred-percent-fullwidth non-hundred-percent-height-scrolling\" style=\"--awb-border-radius-top-left:0px;--awb-border-radius-top-right:0px;--awb-border-radius-bottom-right:0px;--awb-border-radius-bottom-left:0px;--awb-flex-wrap:wrap;\" ><div class=\"fusion-builder-row fusion-row fusion-flex-align-items-flex-start fusion-flex-content-wrap\" style=\"max-width:1248px;margin-left: calc(-4% \/ 2 );margin-right: calc(-4% \/ 2 );\"><div class=\"fusion-layout-column fusion_builder_column fusion-builder-column-0 fusion_builder_column_1_1 1_1 fusion-flex-column\" style=\"--awb-bg-blend:overlay;--awb-bg-size:cover;--awb-width-large:100%;--awb-margin-top-large:0px;--awb-spacing-right-large:1.92%;--awb-margin-bottom-large:0px;--awb-spacing-left-large:1.92%;--awb-width-medium:100%;--awb-spacing-right-medium:1.92%;--awb-spacing-left-medium:1.92%;--awb-width-small:100%;--awb-spacing-right-small:1.92%;--awb-spacing-left-small:1.92%;\"><div class=\"fusion-column-wrapper fusion-flex-justify-content-flex-start fusion-content-layout-column\"><div class=\"fusion-text fusion-text-1\"><div class=\"woocommerce-product-details__short-description\">\n<p>La<sup>2\u00aa<\/sup> sesi\u00f3n de Brazzaville, organizada conjuntamente por la Fundaci\u00f3n Ren\u00e9 Cassin, el Institut de Formation aux M\u00e9tiers de la Ville y la Comisi\u00f3n Nacional de Derechos Humanos del Congo Brazzaville, se celebrar\u00e1 del <strong>28 de octubre al 2 de noviembre de 2024 <\/strong>sobre <strong>\u00abJusticia Restaurativa\u00bb.<\/strong><\/p>\n<p>El objetivo de esta sesi\u00f3n <strong>presencial<\/strong> es ofrecer a un p\u00fablico franc\u00f3fono, que incluye a miembros de la familia judicial, agentes del orden y funcionarios gubernamentales, acceso a <strong>una ense\u00f1anza de excelencia<\/strong> en el \u00e1mbito de la <strong>justicia<\/strong> reparadora y <strong>contribuir a un intercambio de conocimientos. <\/strong>El objetivo del programa es reforzar las competencias de los profesionales y desarrollar una comprensi\u00f3n com\u00fan de los nuevos retos que afectan a la justicia reparadora, tanto entre los profesionales del derecho y la justicia como entre los profesionales de la protecci\u00f3n de la juventud.<\/p>\n<p>Permitir\u00e1 :<\/p>\n<ul>\n<li>Reforzar los contactos entre redes y los intercambios de informaci\u00f3n entre las autoridades judiciales, penitenciarias, de protecci\u00f3n de menores y administrativas y las profesiones jur\u00eddicas, con el fin de mejorar la comprensi\u00f3n mutua;<\/li>\n<li>Promover la justicia reparadora y los procedimientos relacionados con ella entre los funcionarios del gobierno y permitir el intercambio de opiniones entre los distintos agentes;<\/li>\n<\/ul>\n<p>Te invitamos a descubrir el <strong><a href=\"https:\/\/www.iidh.org\/wp-content\/uploads\/2024\/09\/Programme-Brazzaville-Justice-restaurative-28oct2nov24.pdf\">programa detallado al lado<\/a>.<\/strong><\/p>\n<p>Este curso de formaci\u00f3n est\u00e1 dirigido a representantes de las autoridades locales y centrales, abogados y magistrados, secretarios judiciales y otros miembros de la familia judicial, incluido el servicio penitenciario, funcionarios p\u00fablicos, fuerzas del orden (ej\u00e9rcito, gendarmer\u00eda, polic\u00eda), profesionales de la protecci\u00f3n de la juventud y soci\u00f3logos, y miembros de la sociedad civil.<\/p>\n<p><strong><u>Requisitos de admisi\u00f3n<\/u><\/strong><\/p>\n<ol>\n<li>tener al menos un t\u00edtulo universitario de cuatro (4) a\u00f1os o equivalente en derecho, ciencias pol\u00edticas o ciencias sociales<\/li>\n<li>Profesionales y profesionales que trabajan con el grupo destinatario ;<\/li>\n<\/ol>\n<p>La cuota de inscripci\u00f3n es de 170 euros (no reembolsables)\/ 111.512 FCFA (XAF)<\/p>\n<p><strong>Los derechos de inscripci\u00f3n se pagar\u00e1n preferentemente en l\u00ednea a trav\u00e9s del sitio web de la Fundaci\u00f3n Ren\u00e9 Cassin o in situ en efectivo en francos CFA.  <\/strong><\/p>\n<p>Los gastos de viaje y alojamiento corren a cargo del participante.<\/p>\n<p>Para m\u00e1s informaci\u00f3n: <strong><a href=\"mailto:anne-laure.sene@iidh.org\">anne-laure.sene@iidh.org<\/a><\/strong><\/p>\n<\/div>\n<\/div><script type=\"text\/javascript\" src=\"https:\/\/form.jotform.com\/jsform\/242813946212354\"><\/script><\/div><\/div><\/div><\/div>\n","protected":false},"excerpt":{"rendered":"","protected":false},"author":2,"featured_media":5406,"comment_status":"open","ping_status":"closed","sticky":false,"template":"","format":"standard","meta":{"footnotes":""},"categories":[99],"tags":[],"class_list":["post-4944","post","type-post","status-publish","format-standard","has-post-thumbnail","hentry","category-sesiones-completadas"],"yoast_head":"<!-- This site is optimized with the Yoast SEO plugin v27.5 - https:\/\/yoast.com\/product\/yoast-seo-wordpress\/ -->\n<title>2\u00aa Sesi\u00f3n de Brazzaville - Justicia Reparadora - Fondation Ren\u00e9 CASSIN<\/title>\n<meta name=\"robots\" content=\"index, follow, max-snippet:-1, max-image-preview:large, max-video-preview:-1\" \/>\n<link rel=\"canonical\" href=\"https:\/\/www.iidh.org\/es\/2a-sesion-de-brazzaville-justicia-reparadora\/\" \/>\n<meta property=\"og:locale\" content=\"es_ES\" \/>\n<meta property=\"og:type\" content=\"article\" \/>\n<meta property=\"og:title\" content=\"2\u00aa Sesi\u00f3n de Brazzaville - Justicia Reparadora - Fondation Ren\u00e9 CASSIN\" \/>\n<meta property=\"og:url\" content=\"https:\/\/www.iidh.org\/es\/2a-sesion-de-brazzaville-justicia-reparadora\/\" \/>\n<meta property=\"og:site_name\" content=\"Fondation Ren\u00e9 CASSIN\" \/>\n<meta property=\"article:publisher\" content=\"https:\/\/www.facebook.com\/FondationReneCassin\/\" \/>\n<meta property=\"article:published_time\" content=\"2024-10-08T09:00:42+00:00\" \/>\n<meta property=\"article:modified_time\" content=\"2024-11-08T13:17:21+00:00\" \/>\n<meta property=\"og:image\" content=\"https:\/\/www.iidh.org\/wp-content\/uploads\/2024\/10\/Session-de-Brazzaville-annulee.png\" \/>\n\t<meta property=\"og:image:width\" content=\"1080\" \/>\n\t<meta property=\"og:image:height\" content=\"1080\" \/>\n\t<meta property=\"og:image:type\" content=\"image\/png\" \/>\n<meta name=\"author\" content=\"iidh\" \/>\n<meta name=\"twitter:card\" content=\"summary_large_image\" \/>\n<meta name=\"twitter:creator\" content=\"@IIDHStrasbourg\" \/>\n<meta name=\"twitter:site\" content=\"@IIDHStrasbourg\" \/>\n<meta name=\"twitter:label1\" content=\"Escrito por\" \/>\n\t<meta name=\"twitter:data1\" content=\"iidh\" \/>\n\t<meta name=\"twitter:label2\" content=\"Tiempo de lectura\" \/>\n\t<meta name=\"twitter:data2\" content=\"2 minutos\" \/>\n<script type=\"application\/ld+json\" class=\"yoast-schema-graph\">{\"@context\":\"https:\\\/\\\/schema.org\",\"@graph\":[{\"@type\":\"Article\",\"@id\":\"https:\\\/\\\/www.iidh.org\\\/es\\\/2a-sesion-de-brazzaville-justicia-reparadora\\\/#article\",\"isPartOf\":{\"@id\":\"https:\\\/\\\/www.iidh.org\\\/es\\\/2a-sesion-de-brazzaville-justicia-reparadora\\\/\"},\"author\":{\"name\":\"iidh\",\"@id\":\"https:\\\/\\\/www.iidh.org\\\/es\\\/#\\\/schema\\\/person\\\/b11ebaff7344b9379adfa42046c36b7b\"},\"headline\":\"2\u00aa Sesi\u00f3n de Brazzaville &#8211; Justicia Reparadora\",\"datePublished\":\"2024-10-08T09:00:42+00:00\",\"dateModified\":\"2024-11-08T13:17:21+00:00\",\"mainEntityOfPage\":{\"@id\":\"https:\\\/\\\/www.iidh.org\\\/es\\\/2a-sesion-de-brazzaville-justicia-reparadora\\\/\"},\"wordCount\":499,\"commentCount\":0,\"publisher\":{\"@id\":\"https:\\\/\\\/www.iidh.org\\\/es\\\/#organization\"},\"image\":{\"@id\":\"https:\\\/\\\/www.iidh.org\\\/es\\\/2a-sesion-de-brazzaville-justicia-reparadora\\\/#primaryimage\"},\"thumbnailUrl\":\"https:\\\/\\\/www.iidh.org\\\/wp-content\\\/uploads\\\/2024\\\/10\\\/Session-de-Brazzaville-annulee.png\",\"articleSection\":[\"Sesiones completadas\"],\"inLanguage\":\"es\",\"potentialAction\":[{\"@type\":\"CommentAction\",\"name\":\"Comment\",\"target\":[\"https:\\\/\\\/www.iidh.org\\\/es\\\/2a-sesion-de-brazzaville-justicia-reparadora\\\/#respond\"]}]},{\"@type\":\"WebPage\",\"@id\":\"https:\\\/\\\/www.iidh.org\\\/es\\\/2a-sesion-de-brazzaville-justicia-reparadora\\\/\",\"url\":\"https:\\\/\\\/www.iidh.org\\\/es\\\/2a-sesion-de-brazzaville-justicia-reparadora\\\/\",\"name\":\"2\u00aa Sesi\u00f3n de Brazzaville - Justicia Reparadora - Fondation Ren\u00e9 CASSIN\",\"isPartOf\":{\"@id\":\"https:\\\/\\\/www.iidh.org\\\/es\\\/#website\"},\"primaryImageOfPage\":{\"@id\":\"https:\\\/\\\/www.iidh.org\\\/es\\\/2a-sesion-de-brazzaville-justicia-reparadora\\\/#primaryimage\"},\"image\":{\"@id\":\"https:\\\/\\\/www.iidh.org\\\/es\\\/2a-sesion-de-brazzaville-justicia-reparadora\\\/#primaryimage\"},\"thumbnailUrl\":\"https:\\\/\\\/www.iidh.org\\\/wp-content\\\/uploads\\\/2024\\\/10\\\/Session-de-Brazzaville-annulee.png\",\"datePublished\":\"2024-10-08T09:00:42+00:00\",\"dateModified\":\"2024-11-08T13:17:21+00:00\",\"breadcrumb\":{\"@id\":\"https:\\\/\\\/www.iidh.org\\\/es\\\/2a-sesion-de-brazzaville-justicia-reparadora\\\/#breadcrumb\"},\"inLanguage\":\"es\",\"potentialAction\":[{\"@type\":\"ReadAction\",\"target\":[\"https:\\\/\\\/www.iidh.org\\\/es\\\/2a-sesion-de-brazzaville-justicia-reparadora\\\/\"]}]},{\"@type\":\"ImageObject\",\"inLanguage\":\"es\",\"@id\":\"https:\\\/\\\/www.iidh.org\\\/es\\\/2a-sesion-de-brazzaville-justicia-reparadora\\\/#primaryimage\",\"url\":\"https:\\\/\\\/www.iidh.org\\\/wp-content\\\/uploads\\\/2024\\\/10\\\/Session-de-Brazzaville-annulee.png\",\"contentUrl\":\"https:\\\/\\\/www.iidh.org\\\/wp-content\\\/uploads\\\/2024\\\/10\\\/Session-de-Brazzaville-annulee.png\",\"width\":1080,\"height\":1080},{\"@type\":\"BreadcrumbList\",\"@id\":\"https:\\\/\\\/www.iidh.org\\\/es\\\/2a-sesion-de-brazzaville-justicia-reparadora\\\/#breadcrumb\",\"itemListElement\":[{\"@type\":\"ListItem\",\"position\":1,\"name\":\"Accueil\",\"item\":\"https:\\\/\\\/www.iidh.org\\\/es\\\/\"},{\"@type\":\"ListItem\",\"position\":2,\"name\":\"2\u00aa Sesi\u00f3n de Brazzaville &#8211; Justicia Reparadora\"}]},{\"@type\":\"WebSite\",\"@id\":\"https:\\\/\\\/www.iidh.org\\\/es\\\/#website\",\"url\":\"https:\\\/\\\/www.iidh.org\\\/es\\\/\",\"name\":\"Fondation Ren\u00e9 CASSIN\",\"description\":\"\",\"publisher\":{\"@id\":\"https:\\\/\\\/www.iidh.org\\\/es\\\/#organization\"},\"potentialAction\":[{\"@type\":\"SearchAction\",\"target\":{\"@type\":\"EntryPoint\",\"urlTemplate\":\"https:\\\/\\\/www.iidh.org\\\/es\\\/?s={search_term_string}\"},\"query-input\":{\"@type\":\"PropertyValueSpecification\",\"valueRequired\":true,\"valueName\":\"search_term_string\"}}],\"inLanguage\":\"es\"},{\"@type\":\"Organization\",\"@id\":\"https:\\\/\\\/www.iidh.org\\\/es\\\/#organization\",\"name\":\"Fondation Ren\u00e9 CASSIN\",\"url\":\"https:\\\/\\\/www.iidh.org\\\/es\\\/\",\"logo\":{\"@type\":\"ImageObject\",\"inLanguage\":\"es\",\"@id\":\"https:\\\/\\\/www.iidh.org\\\/es\\\/#\\\/schema\\\/logo\\\/image\\\/\",\"url\":\"https:\\\/\\\/www.iidh.org\\\/wp-content\\\/uploads\\\/2024\\\/09\\\/LOGO_FRC-rouge.svg\",\"contentUrl\":\"https:\\\/\\\/www.iidh.org\\\/wp-content\\\/uploads\\\/2024\\\/09\\\/LOGO_FRC-rouge.svg\",\"width\":699,\"height\":221,\"caption\":\"Fondation Ren\u00e9 CASSIN\"},\"image\":{\"@id\":\"https:\\\/\\\/www.iidh.org\\\/es\\\/#\\\/schema\\\/logo\\\/image\\\/\"},\"sameAs\":[\"https:\\\/\\\/www.facebook.com\\\/FondationReneCassin\\\/\",\"https:\\\/\\\/x.com\\\/IIDHStrasbourg\",\"https:\\\/\\\/www.instagram.com\\\/fondationrenecassin\\\/\"]},{\"@type\":\"Person\",\"@id\":\"https:\\\/\\\/www.iidh.org\\\/es\\\/#\\\/schema\\\/person\\\/b11ebaff7344b9379adfa42046c36b7b\",\"name\":\"iidh\"}]}<\/script>\n<!-- \/ Yoast SEO plugin. -->","yoast_head_json":{"title":"2\u00aa Sesi\u00f3n de Brazzaville - Justicia Reparadora - Fondation Ren\u00e9 CASSIN","robots":{"index":"index","follow":"follow","max-snippet":"max-snippet:-1","max-image-preview":"max-image-preview:large","max-video-preview":"max-video-preview:-1"},"canonical":"https:\/\/www.iidh.org\/es\/2a-sesion-de-brazzaville-justicia-reparadora\/","og_locale":"es_ES","og_type":"article","og_title":"2\u00aa Sesi\u00f3n de Brazzaville - Justicia Reparadora - Fondation Ren\u00e9 CASSIN","og_url":"https:\/\/www.iidh.org\/es\/2a-sesion-de-brazzaville-justicia-reparadora\/","og_site_name":"Fondation Ren\u00e9 CASSIN","article_publisher":"https:\/\/www.facebook.com\/FondationReneCassin\/","article_published_time":"2024-10-08T09:00:42+00:00","article_modified_time":"2024-11-08T13:17:21+00:00","og_image":[{"width":1080,"height":1080,"url":"https:\/\/www.iidh.org\/wp-content\/uploads\/2024\/10\/Session-de-Brazzaville-annulee.png","type":"image\/png"}],"author":"iidh","twitter_card":"summary_large_image","twitter_creator":"@IIDHStrasbourg","twitter_site":"@IIDHStrasbourg","twitter_misc":{"Escrito por":"iidh","Tiempo de lectura":"2 minutos"},"schema":{"@context":"https:\/\/schema.org","@graph":[{"@type":"Article","@id":"https:\/\/www.iidh.org\/es\/2a-sesion-de-brazzaville-justicia-reparadora\/#article","isPartOf":{"@id":"https:\/\/www.iidh.org\/es\/2a-sesion-de-brazzaville-justicia-reparadora\/"},"author":{"name":"iidh","@id":"https:\/\/www.iidh.org\/es\/#\/schema\/person\/b11ebaff7344b9379adfa42046c36b7b"},"headline":"2\u00aa Sesi\u00f3n de Brazzaville &#8211; Justicia Reparadora","datePublished":"2024-10-08T09:00:42+00:00","dateModified":"2024-11-08T13:17:21+00:00","mainEntityOfPage":{"@id":"https:\/\/www.iidh.org\/es\/2a-sesion-de-brazzaville-justicia-reparadora\/"},"wordCount":499,"commentCount":0,"publisher":{"@id":"https:\/\/www.iidh.org\/es\/#organization"},"image":{"@id":"https:\/\/www.iidh.org\/es\/2a-sesion-de-brazzaville-justicia-reparadora\/#primaryimage"},"thumbnailUrl":"https:\/\/www.iidh.org\/wp-content\/uploads\/2024\/10\/Session-de-Brazzaville-annulee.png","articleSection":["Sesiones completadas"],"inLanguage":"es","potentialAction":[{"@type":"CommentAction","name":"Comment","target":["https:\/\/www.iidh.org\/es\/2a-sesion-de-brazzaville-justicia-reparadora\/#respond"]}]},{"@type":"WebPage","@id":"https:\/\/www.iidh.org\/es\/2a-sesion-de-brazzaville-justicia-reparadora\/","url":"https:\/\/www.iidh.org\/es\/2a-sesion-de-brazzaville-justicia-reparadora\/","name":"2\u00aa Sesi\u00f3n de Brazzaville - Justicia Reparadora - Fondation Ren\u00e9 CASSIN","isPartOf":{"@id":"https:\/\/www.iidh.org\/es\/#website"},"primaryImageOfPage":{"@id":"https:\/\/www.iidh.org\/es\/2a-sesion-de-brazzaville-justicia-reparadora\/#primaryimage"},"image":{"@id":"https:\/\/www.iidh.org\/es\/2a-sesion-de-brazzaville-justicia-reparadora\/#primaryimage"},"thumbnailUrl":"https:\/\/www.iidh.org\/wp-content\/uploads\/2024\/10\/Session-de-Brazzaville-annulee.png","datePublished":"2024-10-08T09:00:42+00:00","dateModified":"2024-11-08T13:17:21+00:00","breadcrumb":{"@id":"https:\/\/www.iidh.org\/es\/2a-sesion-de-brazzaville-justicia-reparadora\/#breadcrumb"},"inLanguage":"es","potentialAction":[{"@type":"ReadAction","target":["https:\/\/www.iidh.org\/es\/2a-sesion-de-brazzaville-justicia-reparadora\/"]}]},{"@type":"ImageObject","inLanguage":"es","@id":"https:\/\/www.iidh.org\/es\/2a-sesion-de-brazzaville-justicia-reparadora\/#primaryimage","url":"https:\/\/www.iidh.org\/wp-content\/uploads\/2024\/10\/Session-de-Brazzaville-annulee.png","contentUrl":"https:\/\/www.iidh.org\/wp-content\/uploads\/2024\/10\/Session-de-Brazzaville-annulee.png","width":1080,"height":1080},{"@type":"BreadcrumbList","@id":"https:\/\/www.iidh.org\/es\/2a-sesion-de-brazzaville-justicia-reparadora\/#breadcrumb","itemListElement":[{"@type":"ListItem","position":1,"name":"Accueil","item":"https:\/\/www.iidh.org\/es\/"},{"@type":"ListItem","position":2,"name":"2\u00aa Sesi\u00f3n de Brazzaville &#8211; Justicia Reparadora"}]},{"@type":"WebSite","@id":"https:\/\/www.iidh.org\/es\/#website","url":"https:\/\/www.iidh.org\/es\/","name":"Fondation Ren\u00e9 CASSIN","description":"","publisher":{"@id":"https:\/\/www.iidh.org\/es\/#organization"},"potentialAction":[{"@type":"SearchAction","target":{"@type":"EntryPoint","urlTemplate":"https:\/\/www.iidh.org\/es\/?s={search_term_string}"},"query-input":{"@type":"PropertyValueSpecification","valueRequired":true,"valueName":"search_term_string"}}],"inLanguage":"es"},{"@type":"Organization","@id":"https:\/\/www.iidh.org\/es\/#organization","name":"Fondation Ren\u00e9 CASSIN","url":"https:\/\/www.iidh.org\/es\/","logo":{"@type":"ImageObject","inLanguage":"es","@id":"https:\/\/www.iidh.org\/es\/#\/schema\/logo\/image\/","url":"https:\/\/www.iidh.org\/wp-content\/uploads\/2024\/09\/LOGO_FRC-rouge.svg","contentUrl":"https:\/\/www.iidh.org\/wp-content\/uploads\/2024\/09\/LOGO_FRC-rouge.svg","width":699,"height":221,"caption":"Fondation Ren\u00e9 CASSIN"},"image":{"@id":"https:\/\/www.iidh.org\/es\/#\/schema\/logo\/image\/"},"sameAs":["https:\/\/www.facebook.com\/FondationReneCassin\/","https:\/\/x.com\/IIDHStrasbourg","https:\/\/www.instagram.com\/fondationrenecassin\/"]},{"@type":"Person","@id":"https:\/\/www.iidh.org\/es\/#\/schema\/person\/b11ebaff7344b9379adfa42046c36b7b","name":"iidh"}]}},"_links":{"self":[{"href":"https:\/\/www.iidh.org\/es\/wp-json\/wp\/v2\/posts\/4944","targetHints":{"allow":["GET"]}}],"collection":[{"href":"https:\/\/www.iidh.org\/es\/wp-json\/wp\/v2\/posts"}],"about":[{"href":"https:\/\/www.iidh.org\/es\/wp-json\/wp\/v2\/types\/post"}],"author":[{"embeddable":true,"href":"https:\/\/www.iidh.org\/es\/wp-json\/wp\/v2\/users\/2"}],"replies":[{"embeddable":true,"href":"https:\/\/www.iidh.org\/es\/wp-json\/wp\/v2\/comments?post=4944"}],"version-history":[{"count":2,"href":"https:\/\/www.iidh.org\/es\/wp-json\/wp\/v2\/posts\/4944\/revisions"}],"predecessor-version":[{"id":5594,"href":"https:\/\/www.iidh.org\/es\/wp-json\/wp\/v2\/posts\/4944\/revisions\/5594"}],"wp:featuredmedia":[{"embeddable":true,"href":"https:\/\/www.iidh.org\/es\/wp-json\/wp\/v2\/media\/5406"}],"wp:attachment":[{"href":"https:\/\/www.iidh.org\/es\/wp-json\/wp\/v2\/media?parent=4944"}],"wp:term":[{"taxonomy":"category","embeddable":true,"href":"https:\/\/www.iidh.org\/es\/wp-json\/wp\/v2\/categories?post=4944"},{"taxonomy":"post_tag","embeddable":true,"href":"https:\/\/www.iidh.org\/es\/wp-json\/wp\/v2\/tags?post=4944"}],"curies":[{"name":"wp","href":"https:\/\/api.w.org\/{rel}","templated":true}]}}