{"id":4951,"date":"2024-09-26T11:34:06","date_gmt":"2024-09-26T09:34:06","guid":{"rendered":"https:\/\/www.iidh.org\/sesion-reubicada-de-lima-2024\/"},"modified":"2024-11-08T15:17:22","modified_gmt":"2024-11-08T13:17:22","slug":"sesion-reubicada-de-lima-2024","status":"publish","type":"post","link":"https:\/\/www.iidh.org\/es\/sesion-reubicada-de-lima-2024\/","title":{"rendered":"Sesi\u00f3n reubicada de Lima 2024"},"content":{"rendered":"<div class=\"x11i5rnm xat24cr x1mh8g0r x1vvkbs xtlvy1s x126k92a\">\n<div dir=\"auto\">\n<p>\u00bfTe interesa el sistema interamericano de protecci\u00f3n de los derechos humanos y la protecci\u00f3n de las instituciones democr\u00e1ticas? Este a\u00f1o, el IDEHPUCP &#8211; Instituto de Democracia y Derechos Humanos de la PUCP, en alianza con la Fundaci\u00f3n Ren\u00e9 Cassin y la Facultad de Derecho de la PUCP, presenta este curso -cuyo eje central ser\u00e1 la institucionalidad democr\u00e1tica- en modalidad semipresencial.<\/p>\n<p>Sesiones: 26 de febrero &#8211; 15 de marzo Modalidad: semipresencial Horas lectivas: 45 horas<\/p>\n<p><strong>La inscripci\u00f3n al curso est\u00e1 abierta hasta el 19 de febrero de 2024.<\/strong><br \/>\n<strong>Para inscribirte, accede al siguiente enlace: https:<a href=\"https:\/\/lnkd.in\/e_6EBQqx\"> \/\/lnkd.in\/e_6EBQqx<\/a><\/strong><\/p>\n<p>Para m\u00e1s informaci\u00f3n, escribe a : <a href=\"mailto:Academica.idehpucp@pucp.edu.pe\">Academica.idehpucp@pucp.edu.pe<\/a> \u00a1Esperamos verte en el 11\u00ba Curso Internacional de Perfeccionamiento en Derecho Internacional de los Derechos Humanos!<\/p>\n<\/div>\n<\/div>\n<div class=\"x11i5rnm xat24cr x1mh8g0r x1vvkbs xtlvy1s x126k92a\">\n<div dir=\"auto\"><strong>+++ (versi\u00f3n espa\u00f1ola)+++<\/strong><\/div>\n<div dir=\"auto\"><\/div>\n<div dir=\"auto\"><\/div>\n<div dir=\"auto\">\u00bfTe interesa el sistema interamericano de derechos humanos y la protecci\u00f3n de la institucionalidad democr\u00e1tica?<\/div>\n<div dir=\"auto\"><\/div>\n<\/div>\n<div class=\"x11i5rnm xat24cr x1mh8g0r x1vvkbs xtlvy1s x126k92a\">\n<div dir=\"auto\">Este a\u00f1o, el IDEHPUCP, en alianza con la Fundaci\u00f3n Ren\u00e9 Cassin y la Facultad de Derecho de la PUCP, ofrece este curso &#8211; cuyo eje central ser\u00e1 Institucionalidad Democr\u00e1tica &#8211; en la modalidad semipresencial.<\/div>\n<\/div>\n<div class=\"x11i5rnm xat24cr x1mh8g0r x1vvkbs xtlvy1s x126k92a\">\n<div dir=\"auto\">&#8211; <span class=\"x3nfvp2 x1j61x8r x1fcty0u xdj266r xhhsvwb xat24cr xgzva0m xxymvpz xlup9mm x1kky2od\"><img decoding=\"async\" class=\"xz74otr entered lazyloaded\" src=\"https:\/\/static.xx.fbcdn.net\/images\/emoji.php\/v9\/ta2\/1.5\/16\/1f4da.png\" alt=\"\ud83d\udcda\" width=\"16\" height=\"16\" data-lazy-src=\"https:\/\/static.xx.fbcdn.net\/images\/emoji.php\/v9\/ta2\/1.5\/16\/1f4da.png\" data-ll-status=\"loaded\"><\/span> Sesiones: 26 de febrero &#8211; 15 de marzo<\/div>\n<div dir=\"auto\">&#8211; <span class=\"x3nfvp2 x1j61x8r x1fcty0u xdj266r xhhsvwb xat24cr xgzva0m xxymvpz xlup9mm x1kky2od\"><img decoding=\"async\" class=\"xz74otr entered lazyloaded\" src=\"https:\/\/static.xx.fbcdn.net\/images\/emoji.php\/v9\/tda\/1.5\/16\/1f5a5.png\" alt=\"\ud83d\udda5\ufe0f\" width=\"16\" height=\"16\" data-lazy-src=\"https:\/\/static.xx.fbcdn.net\/images\/emoji.php\/v9\/tda\/1.5\/16\/1f5a5.png\" data-ll-status=\"loaded\"><\/span> Modalidad: Semipresencial<\/div>\n<div dir=\"auto\">&#8211; <span class=\"x3nfvp2 x1j61x8r x1fcty0u xdj266r xhhsvwb xat24cr xgzva0m xxymvpz xlup9mm x1kky2od\"><img decoding=\"async\" class=\"xz74otr entered lazyloaded\" src=\"https:\/\/static.xx.fbcdn.net\/images\/emoji.php\/v9\/tb4\/1.5\/16\/1f55c.png\" alt=\"\ud83d\udd5c\" width=\"16\" height=\"16\" data-lazy-src=\"https:\/\/static.xx.fbcdn.net\/images\/emoji.php\/v9\/tb4\/1.5\/16\/1f55c.png\" data-ll-status=\"loaded\"><\/span>Horas acad\u00e9micas: 45 horas<\/div>\n<div dir=\"auto\"><\/div>\n<\/div>\n<div class=\"x11i5rnm xat24cr x1mh8g0r x1vvkbs xtlvy1s x126k92a\">\n<div dir=\"auto\"><strong>Recuerda que las inscripciones del curso estar\u00e1n abiertas solo hasta el 19 de febrero.<\/strong><\/div>\n<\/div>\n<div class=\"x11i5rnm xat24cr x1mh8g0r x1vvkbs xtlvy1s x126k92a\">\n<div dir=\"auto\"><strong>Para inscribirte, accede al siguiente enlace: <a class=\"x1i10hfl xjbqb8w x1ejq31n xd10rxx x1sy0etr x17r0tee x972fbf xcfux6l x1qhh985 xm0m39n x9f619 x1ypdohk xt0psk2 xe8uvvx xdj266r x11i5rnm xat24cr x1mh8g0r xexx8yu x4uap5 x18d9i69 xkhd6sd x16tdsg8 x1hl2dhg xggy1nq x1a2a7pz xt0b8zv x1fey0fg\" tabindex=\"0\" role=\"link\" href=\"https:\/\/l.facebook.com\/l.php?u=https%3A%2F%2Flnkd.in%2Fe_6EBQqx%3Ffbclid%3DIwAR0H00-U04saSq8p6xr5L-Vl0OpvjOm_5T624QLCYbO3oskglbsdxm9_-RM&amp;h=AT1AWcXL3agtZn21RZ9zmvGk9r6Of-DFoTxCGF0FU26AB7QD485wxeGfHuFdXCS8mzWbhqsoNRfHq3tsiDSAOuAZmDn2qEQmfl14GkrZpKNodr27-8oKt4je-xnqJaXyaA&amp;__tn__=-UK-R&amp;c%5B0%5D=AT3b5mLPQJGf6hBTWeu19x0LFB20MqfFx5Pk_6xLEj3AxwMGgdJqi0HRik4ZZZ2VvHhQcazmkZDvA1x24lkFp0EgBh4T1sPF8ZcA7FwGrb9oFNUDO7IwrRwtktClsUZFZtpxrNih-sf3gTFCl6JkavdmnBHcFAQR3zhK-pe1S4nFYD7apR2tuX3mK1DQ_Od2mK4pBbbIz9V7\" target=\"_blank\" rel=\"nofollow noopener noreferrer\">https:\/\/lnkd.in\/e_6EBQqx<\/a><\/strong><\/div>\n<div dir=\"auto\"><\/div>\n<\/div>\n<div class=\"x11i5rnm xat24cr x1mh8g0r x1vvkbs xtlvy1s x126k92a\">\n<div dir=\"auto\"><span class=\"x3nfvp2 x1j61x8r x1fcty0u xdj266r xhhsvwb xat24cr xgzva0m xxymvpz xlup9mm x1kky2od\"><img decoding=\"async\" class=\"xz74otr entered lazyloaded\" src=\"https:\/\/static.xx.fbcdn.net\/images\/emoji.php\/v9\/t17\/1.5\/16\/1f4e7.png\" alt=\"\ud83d\udce7\" width=\"16\" height=\"16\" data-lazy-src=\"https:\/\/static.xx.fbcdn.net\/images\/emoji.php\/v9\/t17\/1.5\/16\/1f4e7.png\" data-ll-status=\"loaded\"><\/span>  Para m\u00e1s consultas, escribe a: academica.idehpucp@pucp.edu.pe<\/div>\n<div dir=\"auto\"><\/div>\n<div dir=\"auto\">\u00a1Te esperamos en la XI edici\u00f3n del Curso Internacional de Actualizaci\u00f3n sobre Derecho Internacional de los Derechos Humanos!<\/div>\n<\/div>\n","protected":false},"excerpt":{"rendered":"<p>\u00bfTe interesa el sistema interamericano de protecci\u00f3n de los derechos  [&#8230;]<\/p>\n","protected":false},"author":2,"featured_media":4308,"comment_status":"open","ping_status":"closed","sticky":false,"template":"","format":"standard","meta":{"footnotes":""},"categories":[99],"tags":[],"class_list":["post-4951","post","type-post","status-publish","format-standard","has-post-thumbnail","hentry","category-sesiones-completadas"],"yoast_head":"<!-- This site is optimized with the Yoast SEO plugin v27.5 - https:\/\/yoast.com\/product\/yoast-seo-wordpress\/ -->\n<title>Sesi\u00f3n reubicada de Lima 2024 - Fondation Ren\u00e9 CASSIN<\/title>\n<meta name=\"robots\" content=\"index, follow, max-snippet:-1, max-image-preview:large, max-video-preview:-1\" \/>\n<link rel=\"canonical\" href=\"https:\/\/www.iidh.org\/es\/sesion-reubicada-de-lima-2024\/\" \/>\n<meta property=\"og:locale\" content=\"es_ES\" \/>\n<meta property=\"og:type\" content=\"article\" \/>\n<meta property=\"og:title\" content=\"Sesi\u00f3n reubicada de Lima 2024 - Fondation Ren\u00e9 CASSIN\" \/>\n<meta property=\"og:description\" content=\"\u00bfTe interesa el sistema interamericano de protecci\u00f3n de los derechos [...]\" \/>\n<meta property=\"og:url\" content=\"https:\/\/www.iidh.org\/es\/sesion-reubicada-de-lima-2024\/\" \/>\n<meta property=\"og:site_name\" content=\"Fondation Ren\u00e9 CASSIN\" \/>\n<meta property=\"article:publisher\" content=\"https:\/\/www.facebook.com\/FondationReneCassin\/\" \/>\n<meta property=\"article:published_time\" content=\"2024-09-26T09:34:06+00:00\" \/>\n<meta property=\"article:modified_time\" content=\"2024-11-08T13:17:22+00:00\" \/>\n<meta property=\"og:image\" content=\"https:\/\/www.iidh.org\/wp-content\/uploads\/2024\/09\/Banner-oficial-600x600.jpeg.webp\" \/>\n\t<meta property=\"og:image:width\" content=\"600\" \/>\n\t<meta property=\"og:image:height\" content=\"600\" \/>\n\t<meta property=\"og:image:type\" content=\"image\/webp\" \/>\n<meta name=\"author\" content=\"iidh\" \/>\n<meta name=\"twitter:card\" content=\"summary_large_image\" \/>\n<meta name=\"twitter:creator\" content=\"@IIDHStrasbourg\" \/>\n<meta name=\"twitter:site\" content=\"@IIDHStrasbourg\" \/>\n<meta name=\"twitter:label1\" content=\"Escrito por\" \/>\n\t<meta name=\"twitter:data1\" content=\"iidh\" \/>\n\t<meta name=\"twitter:label2\" content=\"Tiempo de lectura\" \/>\n\t<meta name=\"twitter:data2\" content=\"1 minuto\" \/>\n<script type=\"application\/ld+json\" class=\"yoast-schema-graph\">{\"@context\":\"https:\\\/\\\/schema.org\",\"@graph\":[{\"@type\":\"Article\",\"@id\":\"https:\\\/\\\/www.iidh.org\\\/es\\\/sesion-reubicada-de-lima-2024\\\/#article\",\"isPartOf\":{\"@id\":\"https:\\\/\\\/www.iidh.org\\\/es\\\/sesion-reubicada-de-lima-2024\\\/\"},\"author\":{\"name\":\"iidh\",\"@id\":\"https:\\\/\\\/www.iidh.org\\\/es\\\/#\\\/schema\\\/person\\\/b11ebaff7344b9379adfa42046c36b7b\"},\"headline\":\"Sesi\u00f3n reubicada de Lima 2024\",\"datePublished\":\"2024-09-26T09:34:06+00:00\",\"dateModified\":\"2024-11-08T13:17:22+00:00\",\"mainEntityOfPage\":{\"@id\":\"https:\\\/\\\/www.iidh.org\\\/es\\\/sesion-reubicada-de-lima-2024\\\/\"},\"wordCount\":261,\"commentCount\":0,\"publisher\":{\"@id\":\"https:\\\/\\\/www.iidh.org\\\/es\\\/#organization\"},\"image\":{\"@id\":\"https:\\\/\\\/www.iidh.org\\\/es\\\/sesion-reubicada-de-lima-2024\\\/#primaryimage\"},\"thumbnailUrl\":\"https:\\\/\\\/www.iidh.org\\\/wp-content\\\/uploads\\\/2024\\\/09\\\/Banner-oficial-600x600.jpeg.webp\",\"articleSection\":[\"Sesiones completadas\"],\"inLanguage\":\"es\",\"potentialAction\":[{\"@type\":\"CommentAction\",\"name\":\"Comment\",\"target\":[\"https:\\\/\\\/www.iidh.org\\\/es\\\/sesion-reubicada-de-lima-2024\\\/#respond\"]}]},{\"@type\":\"WebPage\",\"@id\":\"https:\\\/\\\/www.iidh.org\\\/es\\\/sesion-reubicada-de-lima-2024\\\/\",\"url\":\"https:\\\/\\\/www.iidh.org\\\/es\\\/sesion-reubicada-de-lima-2024\\\/\",\"name\":\"Sesi\u00f3n reubicada de Lima 2024 - Fondation Ren\u00e9 CASSIN\",\"isPartOf\":{\"@id\":\"https:\\\/\\\/www.iidh.org\\\/es\\\/#website\"},\"primaryImageOfPage\":{\"@id\":\"https:\\\/\\\/www.iidh.org\\\/es\\\/sesion-reubicada-de-lima-2024\\\/#primaryimage\"},\"image\":{\"@id\":\"https:\\\/\\\/www.iidh.org\\\/es\\\/sesion-reubicada-de-lima-2024\\\/#primaryimage\"},\"thumbnailUrl\":\"https:\\\/\\\/www.iidh.org\\\/wp-content\\\/uploads\\\/2024\\\/09\\\/Banner-oficial-600x600.jpeg.webp\",\"datePublished\":\"2024-09-26T09:34:06+00:00\",\"dateModified\":\"2024-11-08T13:17:22+00:00\",\"breadcrumb\":{\"@id\":\"https:\\\/\\\/www.iidh.org\\\/es\\\/sesion-reubicada-de-lima-2024\\\/#breadcrumb\"},\"inLanguage\":\"es\",\"potentialAction\":[{\"@type\":\"ReadAction\",\"target\":[\"https:\\\/\\\/www.iidh.org\\\/es\\\/sesion-reubicada-de-lima-2024\\\/\"]}]},{\"@type\":\"ImageObject\",\"inLanguage\":\"es\",\"@id\":\"https:\\\/\\\/www.iidh.org\\\/es\\\/sesion-reubicada-de-lima-2024\\\/#primaryimage\",\"url\":\"https:\\\/\\\/www.iidh.org\\\/wp-content\\\/uploads\\\/2024\\\/09\\\/Banner-oficial-600x600.jpeg.webp\",\"contentUrl\":\"https:\\\/\\\/www.iidh.org\\\/wp-content\\\/uploads\\\/2024\\\/09\\\/Banner-oficial-600x600.jpeg.webp\",\"width\":600,\"height\":600},{\"@type\":\"BreadcrumbList\",\"@id\":\"https:\\\/\\\/www.iidh.org\\\/es\\\/sesion-reubicada-de-lima-2024\\\/#breadcrumb\",\"itemListElement\":[{\"@type\":\"ListItem\",\"position\":1,\"name\":\"Accueil\",\"item\":\"https:\\\/\\\/www.iidh.org\\\/es\\\/\"},{\"@type\":\"ListItem\",\"position\":2,\"name\":\"Sesi\u00f3n reubicada de Lima 2024\"}]},{\"@type\":\"WebSite\",\"@id\":\"https:\\\/\\\/www.iidh.org\\\/es\\\/#website\",\"url\":\"https:\\\/\\\/www.iidh.org\\\/es\\\/\",\"name\":\"Fondation Ren\u00e9 CASSIN\",\"description\":\"\",\"publisher\":{\"@id\":\"https:\\\/\\\/www.iidh.org\\\/es\\\/#organization\"},\"potentialAction\":[{\"@type\":\"SearchAction\",\"target\":{\"@type\":\"EntryPoint\",\"urlTemplate\":\"https:\\\/\\\/www.iidh.org\\\/es\\\/?s={search_term_string}\"},\"query-input\":{\"@type\":\"PropertyValueSpecification\",\"valueRequired\":true,\"valueName\":\"search_term_string\"}}],\"inLanguage\":\"es\"},{\"@type\":\"Organization\",\"@id\":\"https:\\\/\\\/www.iidh.org\\\/es\\\/#organization\",\"name\":\"Fondation Ren\u00e9 CASSIN\",\"url\":\"https:\\\/\\\/www.iidh.org\\\/es\\\/\",\"logo\":{\"@type\":\"ImageObject\",\"inLanguage\":\"es\",\"@id\":\"https:\\\/\\\/www.iidh.org\\\/es\\\/#\\\/schema\\\/logo\\\/image\\\/\",\"url\":\"https:\\\/\\\/www.iidh.org\\\/wp-content\\\/uploads\\\/2024\\\/09\\\/LOGO_FRC-rouge.svg\",\"contentUrl\":\"https:\\\/\\\/www.iidh.org\\\/wp-content\\\/uploads\\\/2024\\\/09\\\/LOGO_FRC-rouge.svg\",\"width\":699,\"height\":221,\"caption\":\"Fondation Ren\u00e9 CASSIN\"},\"image\":{\"@id\":\"https:\\\/\\\/www.iidh.org\\\/es\\\/#\\\/schema\\\/logo\\\/image\\\/\"},\"sameAs\":[\"https:\\\/\\\/www.facebook.com\\\/FondationReneCassin\\\/\",\"https:\\\/\\\/x.com\\\/IIDHStrasbourg\",\"https:\\\/\\\/www.instagram.com\\\/fondationrenecassin\\\/\"]},{\"@type\":\"Person\",\"@id\":\"https:\\\/\\\/www.iidh.org\\\/es\\\/#\\\/schema\\\/person\\\/b11ebaff7344b9379adfa42046c36b7b\",\"name\":\"iidh\"}]}<\/script>\n<!-- \/ Yoast SEO plugin. -->","yoast_head_json":{"title":"Sesi\u00f3n reubicada de Lima 2024 - Fondation Ren\u00e9 CASSIN","robots":{"index":"index","follow":"follow","max-snippet":"max-snippet:-1","max-image-preview":"max-image-preview:large","max-video-preview":"max-video-preview:-1"},"canonical":"https:\/\/www.iidh.org\/es\/sesion-reubicada-de-lima-2024\/","og_locale":"es_ES","og_type":"article","og_title":"Sesi\u00f3n reubicada de Lima 2024 - Fondation Ren\u00e9 CASSIN","og_description":"\u00bfTe interesa el sistema interamericano de protecci\u00f3n de los derechos [...]","og_url":"https:\/\/www.iidh.org\/es\/sesion-reubicada-de-lima-2024\/","og_site_name":"Fondation Ren\u00e9 CASSIN","article_publisher":"https:\/\/www.facebook.com\/FondationReneCassin\/","article_published_time":"2024-09-26T09:34:06+00:00","article_modified_time":"2024-11-08T13:17:22+00:00","og_image":[{"width":600,"height":600,"url":"https:\/\/www.iidh.org\/wp-content\/uploads\/2024\/09\/Banner-oficial-600x600.jpeg.webp","type":"image\/webp"}],"author":"iidh","twitter_card":"summary_large_image","twitter_creator":"@IIDHStrasbourg","twitter_site":"@IIDHStrasbourg","twitter_misc":{"Escrito por":"iidh","Tiempo de lectura":"1 minuto"},"schema":{"@context":"https:\/\/schema.org","@graph":[{"@type":"Article","@id":"https:\/\/www.iidh.org\/es\/sesion-reubicada-de-lima-2024\/#article","isPartOf":{"@id":"https:\/\/www.iidh.org\/es\/sesion-reubicada-de-lima-2024\/"},"author":{"name":"iidh","@id":"https:\/\/www.iidh.org\/es\/#\/schema\/person\/b11ebaff7344b9379adfa42046c36b7b"},"headline":"Sesi\u00f3n reubicada de Lima 2024","datePublished":"2024-09-26T09:34:06+00:00","dateModified":"2024-11-08T13:17:22+00:00","mainEntityOfPage":{"@id":"https:\/\/www.iidh.org\/es\/sesion-reubicada-de-lima-2024\/"},"wordCount":261,"commentCount":0,"publisher":{"@id":"https:\/\/www.iidh.org\/es\/#organization"},"image":{"@id":"https:\/\/www.iidh.org\/es\/sesion-reubicada-de-lima-2024\/#primaryimage"},"thumbnailUrl":"https:\/\/www.iidh.org\/wp-content\/uploads\/2024\/09\/Banner-oficial-600x600.jpeg.webp","articleSection":["Sesiones completadas"],"inLanguage":"es","potentialAction":[{"@type":"CommentAction","name":"Comment","target":["https:\/\/www.iidh.org\/es\/sesion-reubicada-de-lima-2024\/#respond"]}]},{"@type":"WebPage","@id":"https:\/\/www.iidh.org\/es\/sesion-reubicada-de-lima-2024\/","url":"https:\/\/www.iidh.org\/es\/sesion-reubicada-de-lima-2024\/","name":"Sesi\u00f3n reubicada de Lima 2024 - Fondation Ren\u00e9 CASSIN","isPartOf":{"@id":"https:\/\/www.iidh.org\/es\/#website"},"primaryImageOfPage":{"@id":"https:\/\/www.iidh.org\/es\/sesion-reubicada-de-lima-2024\/#primaryimage"},"image":{"@id":"https:\/\/www.iidh.org\/es\/sesion-reubicada-de-lima-2024\/#primaryimage"},"thumbnailUrl":"https:\/\/www.iidh.org\/wp-content\/uploads\/2024\/09\/Banner-oficial-600x600.jpeg.webp","datePublished":"2024-09-26T09:34:06+00:00","dateModified":"2024-11-08T13:17:22+00:00","breadcrumb":{"@id":"https:\/\/www.iidh.org\/es\/sesion-reubicada-de-lima-2024\/#breadcrumb"},"inLanguage":"es","potentialAction":[{"@type":"ReadAction","target":["https:\/\/www.iidh.org\/es\/sesion-reubicada-de-lima-2024\/"]}]},{"@type":"ImageObject","inLanguage":"es","@id":"https:\/\/www.iidh.org\/es\/sesion-reubicada-de-lima-2024\/#primaryimage","url":"https:\/\/www.iidh.org\/wp-content\/uploads\/2024\/09\/Banner-oficial-600x600.jpeg.webp","contentUrl":"https:\/\/www.iidh.org\/wp-content\/uploads\/2024\/09\/Banner-oficial-600x600.jpeg.webp","width":600,"height":600},{"@type":"BreadcrumbList","@id":"https:\/\/www.iidh.org\/es\/sesion-reubicada-de-lima-2024\/#breadcrumb","itemListElement":[{"@type":"ListItem","position":1,"name":"Accueil","item":"https:\/\/www.iidh.org\/es\/"},{"@type":"ListItem","position":2,"name":"Sesi\u00f3n reubicada de Lima 2024"}]},{"@type":"WebSite","@id":"https:\/\/www.iidh.org\/es\/#website","url":"https:\/\/www.iidh.org\/es\/","name":"Fondation Ren\u00e9 CASSIN","description":"","publisher":{"@id":"https:\/\/www.iidh.org\/es\/#organization"},"potentialAction":[{"@type":"SearchAction","target":{"@type":"EntryPoint","urlTemplate":"https:\/\/www.iidh.org\/es\/?s={search_term_string}"},"query-input":{"@type":"PropertyValueSpecification","valueRequired":true,"valueName":"search_term_string"}}],"inLanguage":"es"},{"@type":"Organization","@id":"https:\/\/www.iidh.org\/es\/#organization","name":"Fondation Ren\u00e9 CASSIN","url":"https:\/\/www.iidh.org\/es\/","logo":{"@type":"ImageObject","inLanguage":"es","@id":"https:\/\/www.iidh.org\/es\/#\/schema\/logo\/image\/","url":"https:\/\/www.iidh.org\/wp-content\/uploads\/2024\/09\/LOGO_FRC-rouge.svg","contentUrl":"https:\/\/www.iidh.org\/wp-content\/uploads\/2024\/09\/LOGO_FRC-rouge.svg","width":699,"height":221,"caption":"Fondation Ren\u00e9 CASSIN"},"image":{"@id":"https:\/\/www.iidh.org\/es\/#\/schema\/logo\/image\/"},"sameAs":["https:\/\/www.facebook.com\/FondationReneCassin\/","https:\/\/x.com\/IIDHStrasbourg","https:\/\/www.instagram.com\/fondationrenecassin\/"]},{"@type":"Person","@id":"https:\/\/www.iidh.org\/es\/#\/schema\/person\/b11ebaff7344b9379adfa42046c36b7b","name":"iidh"}]}},"_links":{"self":[{"href":"https:\/\/www.iidh.org\/es\/wp-json\/wp\/v2\/posts\/4951","targetHints":{"allow":["GET"]}}],"collection":[{"href":"https:\/\/www.iidh.org\/es\/wp-json\/wp\/v2\/posts"}],"about":[{"href":"https:\/\/www.iidh.org\/es\/wp-json\/wp\/v2\/types\/post"}],"author":[{"embeddable":true,"href":"https:\/\/www.iidh.org\/es\/wp-json\/wp\/v2\/users\/2"}],"replies":[{"embeddable":true,"href":"https:\/\/www.iidh.org\/es\/wp-json\/wp\/v2\/comments?post=4951"}],"version-history":[{"count":1,"href":"https:\/\/www.iidh.org\/es\/wp-json\/wp\/v2\/posts\/4951\/revisions"}],"predecessor-version":[{"id":5600,"href":"https:\/\/www.iidh.org\/es\/wp-json\/wp\/v2\/posts\/4951\/revisions\/5600"}],"wp:featuredmedia":[{"embeddable":true,"href":"https:\/\/www.iidh.org\/es\/wp-json\/wp\/v2\/media\/4308"}],"wp:attachment":[{"href":"https:\/\/www.iidh.org\/es\/wp-json\/wp\/v2\/media?parent=4951"}],"wp:term":[{"taxonomy":"category","embeddable":true,"href":"https:\/\/www.iidh.org\/es\/wp-json\/wp\/v2\/categories?post=4951"},{"taxonomy":"post_tag","embeddable":true,"href":"https:\/\/www.iidh.org\/es\/wp-json\/wp\/v2\/tags?post=4951"}],"curies":[{"name":"wp","href":"https:\/\/api.w.org\/{rel}","templated":true}]}}