{"id":4959,"date":"2024-09-26T15:09:00","date_gmt":"2024-09-26T13:09:00","guid":{"rendered":"https:\/\/www.iidh.org\/coloquio-la-declaracion-universal-de-los-derechos-humanos-un-contrato-social-para-el-mundo-actual\/"},"modified":"2024-11-08T15:17:22","modified_gmt":"2024-11-08T13:17:22","slug":"coloquio-la-declaracion-universal-de-los-derechos-humanos-un-contrato-social-para-el-mundo-actual","status":"publish","type":"post","link":"https:\/\/www.iidh.org\/es\/coloquio-la-declaracion-universal-de-los-derechos-humanos-un-contrato-social-para-el-mundo-actual\/","title":{"rendered":"Coloquio: \u00abLa Declaraci\u00f3n Universal de los Derechos Humanos, un &#8216;contrato social&#8217; para el mundo actual\u00bb."},"content":{"rendered":"<p>Los d\u00edas 20 y 21 de diciembre de 2023, la Fundaci\u00f3n Ren\u00e9 Cassin organiza, en colaboraci\u00f3n con la Universidad de Par\u00eds Nanterre, una conferencia internacional con motivo del 75 aniversario de la Declaraci\u00f3n Universal de los Derechos Humanos. El objetivo de esta conferencia es profundizar en este texto fundador del derecho internacional de los derechos humanos, evocar su legado y cuestionar su actualidad. Tambi\u00e9n se trata de examinar el papel de la Declaraci\u00f3n en la construcci\u00f3n de un orden internacional y social que combine la seguridad humana y el desarrollo sostenible en torno a un \u00abnuevo contrato social\u00bb anclado en los derechos humanos, en palabras del Secretario General de las Naciones Unidas. La entrada es gratuita previa inscripci\u00f3n. Si est\u00e1s interesado, inscr\u00edbete en l\u00ednea:<strong> <a href=\"https:\/\/urlz.fr\/omFL\">https:\/\/urlz.fr\/omFL<\/a><\/strong> Para m\u00e1s informaci\u00f3n, ponte en contacto con Fanny Gabard en la siguiente direcci\u00f3n <strong><a href=\"mailto:fgabard@parisnanterre.fr\">fgabard@parisnanterre.fr<\/a><\/strong> y consulta el <strong><a href=\"https:\/\/www.iidh.org\/wp-content\/uploads\/2023\/12\/Programme-colloque-75eme-anniversaire-DUDH.pdf\">programa detallado <\/a><\/strong>de estas dos jornadas excepcionales.<\/p>\n","protected":false},"excerpt":{"rendered":"<p>Los d\u00edas 20 y 21 de diciembre de 2023, la  [&#8230;]<\/p>\n","protected":false},"author":2,"featured_media":4312,"comment_status":"open","ping_status":"closed","sticky":false,"template":"","format":"standard","meta":{"footnotes":""},"categories":[99],"tags":[],"class_list":["post-4959","post","type-post","status-publish","format-standard","has-post-thumbnail","hentry","category-sesiones-completadas"],"yoast_head":"<!-- This site is optimized with the Yoast SEO plugin v27.5 - https:\/\/yoast.com\/product\/yoast-seo-wordpress\/ -->\n<title>Coloquio: &quot;La Declaraci\u00f3n Universal de los Derechos Humanos, un &#039;contrato social&#039; para el mundo actual&quot;. - Fondation Ren\u00e9 CASSIN<\/title>\n<meta name=\"robots\" content=\"index, follow, max-snippet:-1, max-image-preview:large, max-video-preview:-1\" \/>\n<link rel=\"canonical\" href=\"https:\/\/www.iidh.org\/es\/coloquio-la-declaracion-universal-de-los-derechos-humanos-un-contrato-social-para-el-mundo-actual\/\" \/>\n<meta property=\"og:locale\" content=\"es_ES\" \/>\n<meta property=\"og:type\" content=\"article\" \/>\n<meta property=\"og:title\" content=\"Coloquio: &quot;La Declaraci\u00f3n Universal de los Derechos Humanos, un &#039;contrato social&#039; para el mundo actual&quot;. - Fondation Ren\u00e9 CASSIN\" \/>\n<meta property=\"og:description\" content=\"Los d\u00edas 20 y 21 de diciembre de 2023, la [...]\" \/>\n<meta property=\"og:url\" content=\"https:\/\/www.iidh.org\/es\/coloquio-la-declaracion-universal-de-los-derechos-humanos-un-contrato-social-para-el-mundo-actual\/\" \/>\n<meta property=\"og:site_name\" content=\"Fondation Ren\u00e9 CASSIN\" \/>\n<meta property=\"article:publisher\" content=\"https:\/\/www.facebook.com\/FondationReneCassin\/\" \/>\n<meta property=\"article:published_time\" content=\"2024-09-26T13:09:00+00:00\" \/>\n<meta property=\"article:modified_time\" content=\"2024-11-08T13:17:22+00:00\" \/>\n<meta property=\"og:image\" content=\"https:\/\/www.iidh.org\/wp-content\/uploads\/2024\/09\/Affiche-colloque-600x850.jpg.webp\" \/>\n\t<meta property=\"og:image:width\" content=\"600\" \/>\n\t<meta property=\"og:image:height\" content=\"850\" \/>\n\t<meta property=\"og:image:type\" content=\"image\/webp\" \/>\n<meta name=\"author\" content=\"iidh\" \/>\n<meta name=\"twitter:card\" content=\"summary_large_image\" \/>\n<meta name=\"twitter:creator\" content=\"@IIDHStrasbourg\" \/>\n<meta name=\"twitter:site\" content=\"@IIDHStrasbourg\" \/>\n<meta name=\"twitter:label1\" content=\"Escrito por\" \/>\n\t<meta name=\"twitter:data1\" content=\"iidh\" \/>\n\t<meta name=\"twitter:label2\" content=\"Tiempo de lectura\" \/>\n\t<meta name=\"twitter:data2\" content=\"1 minuto\" \/>\n<script type=\"application\/ld+json\" class=\"yoast-schema-graph\">{\"@context\":\"https:\\\/\\\/schema.org\",\"@graph\":[{\"@type\":\"Article\",\"@id\":\"https:\\\/\\\/www.iidh.org\\\/es\\\/coloquio-la-declaracion-universal-de-los-derechos-humanos-un-contrato-social-para-el-mundo-actual\\\/#article\",\"isPartOf\":{\"@id\":\"https:\\\/\\\/www.iidh.org\\\/es\\\/coloquio-la-declaracion-universal-de-los-derechos-humanos-un-contrato-social-para-el-mundo-actual\\\/\"},\"author\":{\"name\":\"iidh\",\"@id\":\"https:\\\/\\\/www.iidh.org\\\/es\\\/#\\\/schema\\\/person\\\/b11ebaff7344b9379adfa42046c36b7b\"},\"headline\":\"Coloquio: \u00abLa Declaraci\u00f3n Universal de los Derechos Humanos, un &#8216;contrato social&#8217; para el mundo actual\u00bb.\",\"datePublished\":\"2024-09-26T13:09:00+00:00\",\"dateModified\":\"2024-11-08T13:17:22+00:00\",\"mainEntityOfPage\":{\"@id\":\"https:\\\/\\\/www.iidh.org\\\/es\\\/coloquio-la-declaracion-universal-de-los-derechos-humanos-un-contrato-social-para-el-mundo-actual\\\/\"},\"wordCount\":181,\"commentCount\":0,\"publisher\":{\"@id\":\"https:\\\/\\\/www.iidh.org\\\/es\\\/#organization\"},\"image\":{\"@id\":\"https:\\\/\\\/www.iidh.org\\\/es\\\/coloquio-la-declaracion-universal-de-los-derechos-humanos-un-contrato-social-para-el-mundo-actual\\\/#primaryimage\"},\"thumbnailUrl\":\"https:\\\/\\\/www.iidh.org\\\/wp-content\\\/uploads\\\/2024\\\/09\\\/Affiche-colloque-600x850.jpg.webp\",\"articleSection\":[\"Sesiones completadas\"],\"inLanguage\":\"es\",\"potentialAction\":[{\"@type\":\"CommentAction\",\"name\":\"Comment\",\"target\":[\"https:\\\/\\\/www.iidh.org\\\/es\\\/coloquio-la-declaracion-universal-de-los-derechos-humanos-un-contrato-social-para-el-mundo-actual\\\/#respond\"]}]},{\"@type\":\"WebPage\",\"@id\":\"https:\\\/\\\/www.iidh.org\\\/es\\\/coloquio-la-declaracion-universal-de-los-derechos-humanos-un-contrato-social-para-el-mundo-actual\\\/\",\"url\":\"https:\\\/\\\/www.iidh.org\\\/es\\\/coloquio-la-declaracion-universal-de-los-derechos-humanos-un-contrato-social-para-el-mundo-actual\\\/\",\"name\":\"Coloquio: \\\"La Declaraci\u00f3n Universal de los Derechos Humanos, un 'contrato social' para el mundo actual\\\". - Fondation Ren\u00e9 CASSIN\",\"isPartOf\":{\"@id\":\"https:\\\/\\\/www.iidh.org\\\/es\\\/#website\"},\"primaryImageOfPage\":{\"@id\":\"https:\\\/\\\/www.iidh.org\\\/es\\\/coloquio-la-declaracion-universal-de-los-derechos-humanos-un-contrato-social-para-el-mundo-actual\\\/#primaryimage\"},\"image\":{\"@id\":\"https:\\\/\\\/www.iidh.org\\\/es\\\/coloquio-la-declaracion-universal-de-los-derechos-humanos-un-contrato-social-para-el-mundo-actual\\\/#primaryimage\"},\"thumbnailUrl\":\"https:\\\/\\\/www.iidh.org\\\/wp-content\\\/uploads\\\/2024\\\/09\\\/Affiche-colloque-600x850.jpg.webp\",\"datePublished\":\"2024-09-26T13:09:00+00:00\",\"dateModified\":\"2024-11-08T13:17:22+00:00\",\"breadcrumb\":{\"@id\":\"https:\\\/\\\/www.iidh.org\\\/es\\\/coloquio-la-declaracion-universal-de-los-derechos-humanos-un-contrato-social-para-el-mundo-actual\\\/#breadcrumb\"},\"inLanguage\":\"es\",\"potentialAction\":[{\"@type\":\"ReadAction\",\"target\":[\"https:\\\/\\\/www.iidh.org\\\/es\\\/coloquio-la-declaracion-universal-de-los-derechos-humanos-un-contrato-social-para-el-mundo-actual\\\/\"]}]},{\"@type\":\"ImageObject\",\"inLanguage\":\"es\",\"@id\":\"https:\\\/\\\/www.iidh.org\\\/es\\\/coloquio-la-declaracion-universal-de-los-derechos-humanos-un-contrato-social-para-el-mundo-actual\\\/#primaryimage\",\"url\":\"https:\\\/\\\/www.iidh.org\\\/wp-content\\\/uploads\\\/2024\\\/09\\\/Affiche-colloque-600x850.jpg.webp\",\"contentUrl\":\"https:\\\/\\\/www.iidh.org\\\/wp-content\\\/uploads\\\/2024\\\/09\\\/Affiche-colloque-600x850.jpg.webp\",\"width\":600,\"height\":850},{\"@type\":\"BreadcrumbList\",\"@id\":\"https:\\\/\\\/www.iidh.org\\\/es\\\/coloquio-la-declaracion-universal-de-los-derechos-humanos-un-contrato-social-para-el-mundo-actual\\\/#breadcrumb\",\"itemListElement\":[{\"@type\":\"ListItem\",\"position\":1,\"name\":\"Accueil\",\"item\":\"https:\\\/\\\/www.iidh.org\\\/es\\\/\"},{\"@type\":\"ListItem\",\"position\":2,\"name\":\"Coloquio: \u00ab\u00a0La Declaraci\u00f3n Universal de los Derechos Humanos, un &lsquo;contrato social&rsquo; para el mundo actual\u00a0\u00bb.\"}]},{\"@type\":\"WebSite\",\"@id\":\"https:\\\/\\\/www.iidh.org\\\/es\\\/#website\",\"url\":\"https:\\\/\\\/www.iidh.org\\\/es\\\/\",\"name\":\"Fondation Ren\u00e9 CASSIN\",\"description\":\"\",\"publisher\":{\"@id\":\"https:\\\/\\\/www.iidh.org\\\/es\\\/#organization\"},\"potentialAction\":[{\"@type\":\"SearchAction\",\"target\":{\"@type\":\"EntryPoint\",\"urlTemplate\":\"https:\\\/\\\/www.iidh.org\\\/es\\\/?s={search_term_string}\"},\"query-input\":{\"@type\":\"PropertyValueSpecification\",\"valueRequired\":true,\"valueName\":\"search_term_string\"}}],\"inLanguage\":\"es\"},{\"@type\":\"Organization\",\"@id\":\"https:\\\/\\\/www.iidh.org\\\/es\\\/#organization\",\"name\":\"Fondation Ren\u00e9 CASSIN\",\"url\":\"https:\\\/\\\/www.iidh.org\\\/es\\\/\",\"logo\":{\"@type\":\"ImageObject\",\"inLanguage\":\"es\",\"@id\":\"https:\\\/\\\/www.iidh.org\\\/es\\\/#\\\/schema\\\/logo\\\/image\\\/\",\"url\":\"https:\\\/\\\/www.iidh.org\\\/wp-content\\\/uploads\\\/2024\\\/09\\\/LOGO_FRC-rouge.svg\",\"contentUrl\":\"https:\\\/\\\/www.iidh.org\\\/wp-content\\\/uploads\\\/2024\\\/09\\\/LOGO_FRC-rouge.svg\",\"width\":699,\"height\":221,\"caption\":\"Fondation Ren\u00e9 CASSIN\"},\"image\":{\"@id\":\"https:\\\/\\\/www.iidh.org\\\/es\\\/#\\\/schema\\\/logo\\\/image\\\/\"},\"sameAs\":[\"https:\\\/\\\/www.facebook.com\\\/FondationReneCassin\\\/\",\"https:\\\/\\\/x.com\\\/IIDHStrasbourg\",\"https:\\\/\\\/www.instagram.com\\\/fondationrenecassin\\\/\"]},{\"@type\":\"Person\",\"@id\":\"https:\\\/\\\/www.iidh.org\\\/es\\\/#\\\/schema\\\/person\\\/b11ebaff7344b9379adfa42046c36b7b\",\"name\":\"iidh\"}]}<\/script>\n<!-- \/ Yoast SEO plugin. -->","yoast_head_json":{"title":"Coloquio: \"La Declaraci\u00f3n Universal de los Derechos Humanos, un 'contrato social' para el mundo actual\". - Fondation Ren\u00e9 CASSIN","robots":{"index":"index","follow":"follow","max-snippet":"max-snippet:-1","max-image-preview":"max-image-preview:large","max-video-preview":"max-video-preview:-1"},"canonical":"https:\/\/www.iidh.org\/es\/coloquio-la-declaracion-universal-de-los-derechos-humanos-un-contrato-social-para-el-mundo-actual\/","og_locale":"es_ES","og_type":"article","og_title":"Coloquio: \"La Declaraci\u00f3n Universal de los Derechos Humanos, un 'contrato social' para el mundo actual\". - Fondation Ren\u00e9 CASSIN","og_description":"Los d\u00edas 20 y 21 de diciembre de 2023, la [...]","og_url":"https:\/\/www.iidh.org\/es\/coloquio-la-declaracion-universal-de-los-derechos-humanos-un-contrato-social-para-el-mundo-actual\/","og_site_name":"Fondation Ren\u00e9 CASSIN","article_publisher":"https:\/\/www.facebook.com\/FondationReneCassin\/","article_published_time":"2024-09-26T13:09:00+00:00","article_modified_time":"2024-11-08T13:17:22+00:00","og_image":[{"width":600,"height":850,"url":"https:\/\/www.iidh.org\/wp-content\/uploads\/2024\/09\/Affiche-colloque-600x850.jpg.webp","type":"image\/webp"}],"author":"iidh","twitter_card":"summary_large_image","twitter_creator":"@IIDHStrasbourg","twitter_site":"@IIDHStrasbourg","twitter_misc":{"Escrito por":"iidh","Tiempo de lectura":"1 minuto"},"schema":{"@context":"https:\/\/schema.org","@graph":[{"@type":"Article","@id":"https:\/\/www.iidh.org\/es\/coloquio-la-declaracion-universal-de-los-derechos-humanos-un-contrato-social-para-el-mundo-actual\/#article","isPartOf":{"@id":"https:\/\/www.iidh.org\/es\/coloquio-la-declaracion-universal-de-los-derechos-humanos-un-contrato-social-para-el-mundo-actual\/"},"author":{"name":"iidh","@id":"https:\/\/www.iidh.org\/es\/#\/schema\/person\/b11ebaff7344b9379adfa42046c36b7b"},"headline":"Coloquio: \u00abLa Declaraci\u00f3n Universal de los Derechos Humanos, un &#8216;contrato social&#8217; para el mundo actual\u00bb.","datePublished":"2024-09-26T13:09:00+00:00","dateModified":"2024-11-08T13:17:22+00:00","mainEntityOfPage":{"@id":"https:\/\/www.iidh.org\/es\/coloquio-la-declaracion-universal-de-los-derechos-humanos-un-contrato-social-para-el-mundo-actual\/"},"wordCount":181,"commentCount":0,"publisher":{"@id":"https:\/\/www.iidh.org\/es\/#organization"},"image":{"@id":"https:\/\/www.iidh.org\/es\/coloquio-la-declaracion-universal-de-los-derechos-humanos-un-contrato-social-para-el-mundo-actual\/#primaryimage"},"thumbnailUrl":"https:\/\/www.iidh.org\/wp-content\/uploads\/2024\/09\/Affiche-colloque-600x850.jpg.webp","articleSection":["Sesiones completadas"],"inLanguage":"es","potentialAction":[{"@type":"CommentAction","name":"Comment","target":["https:\/\/www.iidh.org\/es\/coloquio-la-declaracion-universal-de-los-derechos-humanos-un-contrato-social-para-el-mundo-actual\/#respond"]}]},{"@type":"WebPage","@id":"https:\/\/www.iidh.org\/es\/coloquio-la-declaracion-universal-de-los-derechos-humanos-un-contrato-social-para-el-mundo-actual\/","url":"https:\/\/www.iidh.org\/es\/coloquio-la-declaracion-universal-de-los-derechos-humanos-un-contrato-social-para-el-mundo-actual\/","name":"Coloquio: \"La Declaraci\u00f3n Universal de los Derechos Humanos, un 'contrato social' para el mundo actual\". - Fondation Ren\u00e9 CASSIN","isPartOf":{"@id":"https:\/\/www.iidh.org\/es\/#website"},"primaryImageOfPage":{"@id":"https:\/\/www.iidh.org\/es\/coloquio-la-declaracion-universal-de-los-derechos-humanos-un-contrato-social-para-el-mundo-actual\/#primaryimage"},"image":{"@id":"https:\/\/www.iidh.org\/es\/coloquio-la-declaracion-universal-de-los-derechos-humanos-un-contrato-social-para-el-mundo-actual\/#primaryimage"},"thumbnailUrl":"https:\/\/www.iidh.org\/wp-content\/uploads\/2024\/09\/Affiche-colloque-600x850.jpg.webp","datePublished":"2024-09-26T13:09:00+00:00","dateModified":"2024-11-08T13:17:22+00:00","breadcrumb":{"@id":"https:\/\/www.iidh.org\/es\/coloquio-la-declaracion-universal-de-los-derechos-humanos-un-contrato-social-para-el-mundo-actual\/#breadcrumb"},"inLanguage":"es","potentialAction":[{"@type":"ReadAction","target":["https:\/\/www.iidh.org\/es\/coloquio-la-declaracion-universal-de-los-derechos-humanos-un-contrato-social-para-el-mundo-actual\/"]}]},{"@type":"ImageObject","inLanguage":"es","@id":"https:\/\/www.iidh.org\/es\/coloquio-la-declaracion-universal-de-los-derechos-humanos-un-contrato-social-para-el-mundo-actual\/#primaryimage","url":"https:\/\/www.iidh.org\/wp-content\/uploads\/2024\/09\/Affiche-colloque-600x850.jpg.webp","contentUrl":"https:\/\/www.iidh.org\/wp-content\/uploads\/2024\/09\/Affiche-colloque-600x850.jpg.webp","width":600,"height":850},{"@type":"BreadcrumbList","@id":"https:\/\/www.iidh.org\/es\/coloquio-la-declaracion-universal-de-los-derechos-humanos-un-contrato-social-para-el-mundo-actual\/#breadcrumb","itemListElement":[{"@type":"ListItem","position":1,"name":"Accueil","item":"https:\/\/www.iidh.org\/es\/"},{"@type":"ListItem","position":2,"name":"Coloquio: \u00ab\u00a0La Declaraci\u00f3n Universal de los Derechos Humanos, un &lsquo;contrato social&rsquo; para el mundo actual\u00a0\u00bb."}]},{"@type":"WebSite","@id":"https:\/\/www.iidh.org\/es\/#website","url":"https:\/\/www.iidh.org\/es\/","name":"Fondation Ren\u00e9 CASSIN","description":"","publisher":{"@id":"https:\/\/www.iidh.org\/es\/#organization"},"potentialAction":[{"@type":"SearchAction","target":{"@type":"EntryPoint","urlTemplate":"https:\/\/www.iidh.org\/es\/?s={search_term_string}"},"query-input":{"@type":"PropertyValueSpecification","valueRequired":true,"valueName":"search_term_string"}}],"inLanguage":"es"},{"@type":"Organization","@id":"https:\/\/www.iidh.org\/es\/#organization","name":"Fondation Ren\u00e9 CASSIN","url":"https:\/\/www.iidh.org\/es\/","logo":{"@type":"ImageObject","inLanguage":"es","@id":"https:\/\/www.iidh.org\/es\/#\/schema\/logo\/image\/","url":"https:\/\/www.iidh.org\/wp-content\/uploads\/2024\/09\/LOGO_FRC-rouge.svg","contentUrl":"https:\/\/www.iidh.org\/wp-content\/uploads\/2024\/09\/LOGO_FRC-rouge.svg","width":699,"height":221,"caption":"Fondation Ren\u00e9 CASSIN"},"image":{"@id":"https:\/\/www.iidh.org\/es\/#\/schema\/logo\/image\/"},"sameAs":["https:\/\/www.facebook.com\/FondationReneCassin\/","https:\/\/x.com\/IIDHStrasbourg","https:\/\/www.instagram.com\/fondationrenecassin\/"]},{"@type":"Person","@id":"https:\/\/www.iidh.org\/es\/#\/schema\/person\/b11ebaff7344b9379adfa42046c36b7b","name":"iidh"}]}},"_links":{"self":[{"href":"https:\/\/www.iidh.org\/es\/wp-json\/wp\/v2\/posts\/4959","targetHints":{"allow":["GET"]}}],"collection":[{"href":"https:\/\/www.iidh.org\/es\/wp-json\/wp\/v2\/posts"}],"about":[{"href":"https:\/\/www.iidh.org\/es\/wp-json\/wp\/v2\/types\/post"}],"author":[{"embeddable":true,"href":"https:\/\/www.iidh.org\/es\/wp-json\/wp\/v2\/users\/2"}],"replies":[{"embeddable":true,"href":"https:\/\/www.iidh.org\/es\/wp-json\/wp\/v2\/comments?post=4959"}],"version-history":[{"count":1,"href":"https:\/\/www.iidh.org\/es\/wp-json\/wp\/v2\/posts\/4959\/revisions"}],"predecessor-version":[{"id":5596,"href":"https:\/\/www.iidh.org\/es\/wp-json\/wp\/v2\/posts\/4959\/revisions\/5596"}],"wp:featuredmedia":[{"embeddable":true,"href":"https:\/\/www.iidh.org\/es\/wp-json\/wp\/v2\/media\/4312"}],"wp:attachment":[{"href":"https:\/\/www.iidh.org\/es\/wp-json\/wp\/v2\/media?parent=4959"}],"wp:term":[{"taxonomy":"category","embeddable":true,"href":"https:\/\/www.iidh.org\/es\/wp-json\/wp\/v2\/categories?post=4959"},{"taxonomy":"post_tag","embeddable":true,"href":"https:\/\/www.iidh.org\/es\/wp-json\/wp\/v2\/tags?post=4959"}],"curies":[{"name":"wp","href":"https:\/\/api.w.org\/{rel}","templated":true}]}}