{"id":4972,"date":"2021-12-10T07:12:04","date_gmt":"2021-12-10T05:12:04","guid":{"rendered":"https:\/\/www.iidh.org\/dia-internacional-de-los-derechos-humanos\/"},"modified":"2024-11-08T15:17:25","modified_gmt":"2024-11-08T13:17:25","slug":"dia-internacional-de-los-derechos-humanos","status":"publish","type":"post","link":"https:\/\/www.iidh.org\/es\/dia-internacional-de-los-derechos-humanos\/","title":{"rendered":"D\u00eda Internacional de los Derechos Humanos"},"content":{"rendered":"<p>El D\u00eda Internacional de los Derechos Humanos, que se celebra cada a\u00f1o en todo el mundo, conmemora el aniversario de la adopci\u00f3n de la Declaraci\u00f3n Universal de los Derechos Humanos por la Asamblea General de las Naciones Unidas el 10 de diciembre de 1948. Nuestras dos Fundaciones est\u00e1n tanto m\u00e1s deseosas de asociarse a este acontecimiento cuanto que Ren\u00e9 Cassin y Robert Schuman desempe\u00f1aron un papel importante en la g\u00e9nesis de la Declaraci\u00f3n de 1948.<br \/>\nFundaci\u00f3n Ren\u00e9 Cassin, foto Ren\u00e9 Cassin Ren\u00e9 Cassin, que fue miembro franc\u00e9s de la Comisi\u00f3n de Derechos Humanos de las Naciones Unidas, contribuy\u00f3 decisivamente a la redacci\u00f3n y difusi\u00f3n de la Declaraci\u00f3n Universal de Derechos Humanos, recibiendo el Premio Nobel de la Paz en 1968.<br \/>\nCassin form\u00f3 parte de la delegaci\u00f3n francesa en la Asamblea General, en calidad de Vicepresidente del Consejo de Estado, e intervendr\u00eda elocuentemente la v\u00edspera de la votaci\u00f3n decisiva del 10 de diciembre, para defender la obra colectiva realizada, en un momento en que se cern\u00edan los nubarrones de la Guerra Fr\u00eda. El 12 de diciembre, Robert Schuman, en calidad de Ministro de Asuntos Exteriores, pronunciar\u00eda el discurso de clausura de la 3\u00aa sesi\u00f3n anual de la Asamblea General, celebrada en el Palacio del Trocadero de Par\u00eds.<br \/>\nFoto de la Fundaci\u00f3n Ren\u00e9 Cassin Hombre, D\u00eda Internacional de los Derechos Humanos En esta ocasi\u00f3n, subray\u00f3 \u00absu orgullo por haber visto adoptada en Par\u00eds la Declaraci\u00f3n Universal de los Derechos Humanos\u00bb. Los franceses consideran que es, en cierto modo, un homenaje a los esfuerzos seculares del esp\u00edritu franc\u00e9s por buscar la paz universal y a las luchas que la naci\u00f3n francesa ha librado al servicio de la libertad y del respeto de la persona humana\u00bb. Los dos hombres, de temperamentos, compromisos y convicciones muy diferentes, uno nacido en Luxemburgo en 1886, el otro en Bayona en 1887, pertenecientes a la misma generaci\u00f3n que hab\u00eda vivido dos guerras fratricidas, estaban animados por el mismo idealismo jur\u00eddico. Consideraban que el respeto de la ley era el fundamento de la justicia y la paz en el mundo. Para ellos, el respeto de los derechos humanos era inseparable del reconocimiento de la dignidad inherente a la persona humana.<br \/>\nEl Convenio Europeo de Derechos Humanos, firmado por Robert Schuman en 1950, est\u00e1 en consonancia con la Declaraci\u00f3n Universal de 1948. Lleva un paso m\u00e1s all\u00e1 la garant\u00eda colectiva de los derechos fundamentales. En \u00e9l, los Estados miembros del Consejo de Europa reafirman \u00absu profunda adhesi\u00f3n a aquellas libertades fundamentales que constituyen el fundamento mismo de la justicia y de la paz en el mundo, y cuyo mantenimiento depende esencialmente, por una parte, de un sistema pol\u00edtico aut\u00e9nticamente democr\u00e1tico y, por otra, de la comprensi\u00f3n y el respeto comunes de los derechos humanos que en \u00e9l se proclaman\u00bb. El tr\u00edptico que vincula el Estado de Derecho, la democracia y los derechos humanos, que se encuentra en el coraz\u00f3n de los valores europeos, ya es evidente. El trabajo incansable de los pioneros conserva toda su profundidad hist\u00f3rica y su pertinencia en un mundo plagado de crisis, conflictos y amenazas, para Francia, Europa y la comunidad internacional. Como dijo magn\u00edficamente L\u00e9on Bourgeois: \u00abLa paz es la duraci\u00f3n de la ley\u00bb.<\/p>\n<p>Lejos de ser una coacci\u00f3n o una superestructura, es una garant\u00eda, que asegura la igualdad entre todos los Estados y entre todos los individuos.<\/p>\n<p>  Esto es v\u00e1lido tanto para cualquier Estado de derecho, sobre la base de los principios constitucionales, como para una Europa nacida de los tratados fundacionales, en nombre del Estado de derecho. Europa se construye por el derecho y dentro del derecho, sin que el \u00abgobierno de los jueces\u00bb sustituya al di\u00e1logo de los jueces, que es garant\u00eda de transparencia, coherencia y eficacia. Los derechos humanos, que se nos han hecho tan familiares que los damos por sentados, est\u00e1n siendo cuestionados tanto en su universalidad como en su eficacia. Europa debe permanecer fiel a \u00abeste patrimonio com\u00fan de ideales y tradiciones pol\u00edticas, de respeto de la libertad y del Estado de Derecho\u00bb, ya sea en el marco de la Uni\u00f3n Europea o del Consejo de Europa. Pero, sobre todo, el 10 de diciembre debe recordarnos que los derechos humanos son principios universales, fundados en el rechazo de la miseria, la fuerza y la arbitrariedad, y en la aspiraci\u00f3n a la libertad y la dignidad que est\u00e1 arraigada en todo ser humano. M\u00e1s all\u00e1 de los Estados, la Declaraci\u00f3n Universal es un ideal com\u00fan dirigido a todos los pueblos y a todas las naciones, a todos los individuos y a todos los \u00f3rganos de la sociedad. \u00c9ste es el significado primordial del mensaje siempre nuevo proclamado en Par\u00eds en 1948. <\/p>\n","protected":false},"excerpt":{"rendered":"<p>El D\u00eda Internacional de los Derechos Humanos, que se celebra  [&#8230;]<\/p>\n","protected":false},"author":2,"featured_media":0,"comment_status":"open","ping_status":"closed","sticky":false,"template":"","format":"standard","meta":{"footnotes":""},"categories":[101],"tags":[],"class_list":["post-4972","post","type-post","status-publish","format-standard","hentry","category-comunicados-de-prensa-noticias"],"yoast_head":"<!-- This site is optimized with the Yoast SEO plugin v27.5 - https:\/\/yoast.com\/product\/yoast-seo-wordpress\/ -->\n<title>D\u00eda Internacional de los Derechos Humanos - Fondation Ren\u00e9 CASSIN<\/title>\n<meta name=\"robots\" content=\"index, follow, max-snippet:-1, max-image-preview:large, max-video-preview:-1\" \/>\n<link rel=\"canonical\" href=\"https:\/\/www.iidh.org\/es\/dia-internacional-de-los-derechos-humanos\/\" \/>\n<meta property=\"og:locale\" content=\"es_ES\" \/>\n<meta property=\"og:type\" content=\"article\" \/>\n<meta property=\"og:title\" content=\"D\u00eda Internacional de los Derechos Humanos - Fondation Ren\u00e9 CASSIN\" \/>\n<meta property=\"og:description\" content=\"El D\u00eda Internacional de los Derechos Humanos, que se celebra [...]\" \/>\n<meta property=\"og:url\" content=\"https:\/\/www.iidh.org\/es\/dia-internacional-de-los-derechos-humanos\/\" \/>\n<meta property=\"og:site_name\" content=\"Fondation Ren\u00e9 CASSIN\" \/>\n<meta property=\"article:publisher\" content=\"https:\/\/www.facebook.com\/FondationReneCassin\/\" \/>\n<meta property=\"article:published_time\" content=\"2021-12-10T05:12:04+00:00\" \/>\n<meta property=\"article:modified_time\" content=\"2024-11-08T13:17:25+00:00\" \/>\n<meta property=\"og:image\" content=\"https:\/\/www.iidh.org\/wp-content\/uploads\/2024\/10\/vignette-iidh.jpg\" \/>\n\t<meta property=\"og:image:width\" content=\"1200\" \/>\n\t<meta property=\"og:image:height\" content=\"675\" \/>\n\t<meta property=\"og:image:type\" content=\"image\/jpeg\" \/>\n<meta name=\"author\" content=\"iidh\" \/>\n<meta name=\"twitter:card\" content=\"summary_large_image\" \/>\n<meta name=\"twitter:creator\" content=\"@IIDHStrasbourg\" \/>\n<meta name=\"twitter:site\" content=\"@IIDHStrasbourg\" \/>\n<meta name=\"twitter:label1\" content=\"Escrito por\" \/>\n\t<meta name=\"twitter:data1\" content=\"iidh\" \/>\n\t<meta name=\"twitter:label2\" content=\"Tiempo de lectura\" \/>\n\t<meta name=\"twitter:data2\" content=\"4 minutos\" \/>\n<script type=\"application\/ld+json\" class=\"yoast-schema-graph\">{\"@context\":\"https:\\\/\\\/schema.org\",\"@graph\":[{\"@type\":\"Article\",\"@id\":\"https:\\\/\\\/www.iidh.org\\\/es\\\/dia-internacional-de-los-derechos-humanos\\\/#article\",\"isPartOf\":{\"@id\":\"https:\\\/\\\/www.iidh.org\\\/es\\\/dia-internacional-de-los-derechos-humanos\\\/\"},\"author\":{\"name\":\"iidh\",\"@id\":\"https:\\\/\\\/www.iidh.org\\\/es\\\/#\\\/schema\\\/person\\\/b11ebaff7344b9379adfa42046c36b7b\"},\"headline\":\"D\u00eda Internacional de los Derechos Humanos\",\"datePublished\":\"2021-12-10T05:12:04+00:00\",\"dateModified\":\"2024-11-08T13:17:25+00:00\",\"mainEntityOfPage\":{\"@id\":\"https:\\\/\\\/www.iidh.org\\\/es\\\/dia-internacional-de-los-derechos-humanos\\\/\"},\"wordCount\":828,\"commentCount\":0,\"publisher\":{\"@id\":\"https:\\\/\\\/www.iidh.org\\\/es\\\/#organization\"},\"articleSection\":[\"Comunicados de prensa \\\/ Noticias\"],\"inLanguage\":\"es\",\"potentialAction\":[{\"@type\":\"CommentAction\",\"name\":\"Comment\",\"target\":[\"https:\\\/\\\/www.iidh.org\\\/es\\\/dia-internacional-de-los-derechos-humanos\\\/#respond\"]}]},{\"@type\":\"WebPage\",\"@id\":\"https:\\\/\\\/www.iidh.org\\\/es\\\/dia-internacional-de-los-derechos-humanos\\\/\",\"url\":\"https:\\\/\\\/www.iidh.org\\\/es\\\/dia-internacional-de-los-derechos-humanos\\\/\",\"name\":\"D\u00eda Internacional de los Derechos Humanos - Fondation Ren\u00e9 CASSIN\",\"isPartOf\":{\"@id\":\"https:\\\/\\\/www.iidh.org\\\/es\\\/#website\"},\"datePublished\":\"2021-12-10T05:12:04+00:00\",\"dateModified\":\"2024-11-08T13:17:25+00:00\",\"breadcrumb\":{\"@id\":\"https:\\\/\\\/www.iidh.org\\\/es\\\/dia-internacional-de-los-derechos-humanos\\\/#breadcrumb\"},\"inLanguage\":\"es\",\"potentialAction\":[{\"@type\":\"ReadAction\",\"target\":[\"https:\\\/\\\/www.iidh.org\\\/es\\\/dia-internacional-de-los-derechos-humanos\\\/\"]}]},{\"@type\":\"BreadcrumbList\",\"@id\":\"https:\\\/\\\/www.iidh.org\\\/es\\\/dia-internacional-de-los-derechos-humanos\\\/#breadcrumb\",\"itemListElement\":[{\"@type\":\"ListItem\",\"position\":1,\"name\":\"Accueil\",\"item\":\"https:\\\/\\\/www.iidh.org\\\/es\\\/\"},{\"@type\":\"ListItem\",\"position\":2,\"name\":\"D\u00eda Internacional de los Derechos Humanos\"}]},{\"@type\":\"WebSite\",\"@id\":\"https:\\\/\\\/www.iidh.org\\\/es\\\/#website\",\"url\":\"https:\\\/\\\/www.iidh.org\\\/es\\\/\",\"name\":\"Fondation Ren\u00e9 CASSIN\",\"description\":\"\",\"publisher\":{\"@id\":\"https:\\\/\\\/www.iidh.org\\\/es\\\/#organization\"},\"potentialAction\":[{\"@type\":\"SearchAction\",\"target\":{\"@type\":\"EntryPoint\",\"urlTemplate\":\"https:\\\/\\\/www.iidh.org\\\/es\\\/?s={search_term_string}\"},\"query-input\":{\"@type\":\"PropertyValueSpecification\",\"valueRequired\":true,\"valueName\":\"search_term_string\"}}],\"inLanguage\":\"es\"},{\"@type\":\"Organization\",\"@id\":\"https:\\\/\\\/www.iidh.org\\\/es\\\/#organization\",\"name\":\"Fondation Ren\u00e9 CASSIN\",\"url\":\"https:\\\/\\\/www.iidh.org\\\/es\\\/\",\"logo\":{\"@type\":\"ImageObject\",\"inLanguage\":\"es\",\"@id\":\"https:\\\/\\\/www.iidh.org\\\/es\\\/#\\\/schema\\\/logo\\\/image\\\/\",\"url\":\"https:\\\/\\\/www.iidh.org\\\/wp-content\\\/uploads\\\/2024\\\/09\\\/LOGO_FRC-rouge.svg\",\"contentUrl\":\"https:\\\/\\\/www.iidh.org\\\/wp-content\\\/uploads\\\/2024\\\/09\\\/LOGO_FRC-rouge.svg\",\"width\":699,\"height\":221,\"caption\":\"Fondation Ren\u00e9 CASSIN\"},\"image\":{\"@id\":\"https:\\\/\\\/www.iidh.org\\\/es\\\/#\\\/schema\\\/logo\\\/image\\\/\"},\"sameAs\":[\"https:\\\/\\\/www.facebook.com\\\/FondationReneCassin\\\/\",\"https:\\\/\\\/x.com\\\/IIDHStrasbourg\",\"https:\\\/\\\/www.instagram.com\\\/fondationrenecassin\\\/\"]},{\"@type\":\"Person\",\"@id\":\"https:\\\/\\\/www.iidh.org\\\/es\\\/#\\\/schema\\\/person\\\/b11ebaff7344b9379adfa42046c36b7b\",\"name\":\"iidh\"}]}<\/script>\n<!-- \/ Yoast SEO plugin. -->","yoast_head_json":{"title":"D\u00eda Internacional de los Derechos Humanos - Fondation Ren\u00e9 CASSIN","robots":{"index":"index","follow":"follow","max-snippet":"max-snippet:-1","max-image-preview":"max-image-preview:large","max-video-preview":"max-video-preview:-1"},"canonical":"https:\/\/www.iidh.org\/es\/dia-internacional-de-los-derechos-humanos\/","og_locale":"es_ES","og_type":"article","og_title":"D\u00eda Internacional de los Derechos Humanos - Fondation Ren\u00e9 CASSIN","og_description":"El D\u00eda Internacional de los Derechos Humanos, que se celebra [...]","og_url":"https:\/\/www.iidh.org\/es\/dia-internacional-de-los-derechos-humanos\/","og_site_name":"Fondation Ren\u00e9 CASSIN","article_publisher":"https:\/\/www.facebook.com\/FondationReneCassin\/","article_published_time":"2021-12-10T05:12:04+00:00","article_modified_time":"2024-11-08T13:17:25+00:00","og_image":[{"width":1200,"height":675,"url":"https:\/\/www.iidh.org\/wp-content\/uploads\/2024\/10\/vignette-iidh.jpg","type":"image\/jpeg"}],"author":"iidh","twitter_card":"summary_large_image","twitter_creator":"@IIDHStrasbourg","twitter_site":"@IIDHStrasbourg","twitter_misc":{"Escrito por":"iidh","Tiempo de lectura":"4 minutos"},"schema":{"@context":"https:\/\/schema.org","@graph":[{"@type":"Article","@id":"https:\/\/www.iidh.org\/es\/dia-internacional-de-los-derechos-humanos\/#article","isPartOf":{"@id":"https:\/\/www.iidh.org\/es\/dia-internacional-de-los-derechos-humanos\/"},"author":{"name":"iidh","@id":"https:\/\/www.iidh.org\/es\/#\/schema\/person\/b11ebaff7344b9379adfa42046c36b7b"},"headline":"D\u00eda Internacional de los Derechos Humanos","datePublished":"2021-12-10T05:12:04+00:00","dateModified":"2024-11-08T13:17:25+00:00","mainEntityOfPage":{"@id":"https:\/\/www.iidh.org\/es\/dia-internacional-de-los-derechos-humanos\/"},"wordCount":828,"commentCount":0,"publisher":{"@id":"https:\/\/www.iidh.org\/es\/#organization"},"articleSection":["Comunicados de prensa \/ Noticias"],"inLanguage":"es","potentialAction":[{"@type":"CommentAction","name":"Comment","target":["https:\/\/www.iidh.org\/es\/dia-internacional-de-los-derechos-humanos\/#respond"]}]},{"@type":"WebPage","@id":"https:\/\/www.iidh.org\/es\/dia-internacional-de-los-derechos-humanos\/","url":"https:\/\/www.iidh.org\/es\/dia-internacional-de-los-derechos-humanos\/","name":"D\u00eda Internacional de los Derechos Humanos - Fondation Ren\u00e9 CASSIN","isPartOf":{"@id":"https:\/\/www.iidh.org\/es\/#website"},"datePublished":"2021-12-10T05:12:04+00:00","dateModified":"2024-11-08T13:17:25+00:00","breadcrumb":{"@id":"https:\/\/www.iidh.org\/es\/dia-internacional-de-los-derechos-humanos\/#breadcrumb"},"inLanguage":"es","potentialAction":[{"@type":"ReadAction","target":["https:\/\/www.iidh.org\/es\/dia-internacional-de-los-derechos-humanos\/"]}]},{"@type":"BreadcrumbList","@id":"https:\/\/www.iidh.org\/es\/dia-internacional-de-los-derechos-humanos\/#breadcrumb","itemListElement":[{"@type":"ListItem","position":1,"name":"Accueil","item":"https:\/\/www.iidh.org\/es\/"},{"@type":"ListItem","position":2,"name":"D\u00eda Internacional de los Derechos Humanos"}]},{"@type":"WebSite","@id":"https:\/\/www.iidh.org\/es\/#website","url":"https:\/\/www.iidh.org\/es\/","name":"Fondation Ren\u00e9 CASSIN","description":"","publisher":{"@id":"https:\/\/www.iidh.org\/es\/#organization"},"potentialAction":[{"@type":"SearchAction","target":{"@type":"EntryPoint","urlTemplate":"https:\/\/www.iidh.org\/es\/?s={search_term_string}"},"query-input":{"@type":"PropertyValueSpecification","valueRequired":true,"valueName":"search_term_string"}}],"inLanguage":"es"},{"@type":"Organization","@id":"https:\/\/www.iidh.org\/es\/#organization","name":"Fondation Ren\u00e9 CASSIN","url":"https:\/\/www.iidh.org\/es\/","logo":{"@type":"ImageObject","inLanguage":"es","@id":"https:\/\/www.iidh.org\/es\/#\/schema\/logo\/image\/","url":"https:\/\/www.iidh.org\/wp-content\/uploads\/2024\/09\/LOGO_FRC-rouge.svg","contentUrl":"https:\/\/www.iidh.org\/wp-content\/uploads\/2024\/09\/LOGO_FRC-rouge.svg","width":699,"height":221,"caption":"Fondation Ren\u00e9 CASSIN"},"image":{"@id":"https:\/\/www.iidh.org\/es\/#\/schema\/logo\/image\/"},"sameAs":["https:\/\/www.facebook.com\/FondationReneCassin\/","https:\/\/x.com\/IIDHStrasbourg","https:\/\/www.instagram.com\/fondationrenecassin\/"]},{"@type":"Person","@id":"https:\/\/www.iidh.org\/es\/#\/schema\/person\/b11ebaff7344b9379adfa42046c36b7b","name":"iidh"}]}},"_links":{"self":[{"href":"https:\/\/www.iidh.org\/es\/wp-json\/wp\/v2\/posts\/4972","targetHints":{"allow":["GET"]}}],"collection":[{"href":"https:\/\/www.iidh.org\/es\/wp-json\/wp\/v2\/posts"}],"about":[{"href":"https:\/\/www.iidh.org\/es\/wp-json\/wp\/v2\/types\/post"}],"author":[{"embeddable":true,"href":"https:\/\/www.iidh.org\/es\/wp-json\/wp\/v2\/users\/2"}],"replies":[{"embeddable":true,"href":"https:\/\/www.iidh.org\/es\/wp-json\/wp\/v2\/comments?post=4972"}],"version-history":[{"count":1,"href":"https:\/\/www.iidh.org\/es\/wp-json\/wp\/v2\/posts\/4972\/revisions"}],"predecessor-version":[{"id":5619,"href":"https:\/\/www.iidh.org\/es\/wp-json\/wp\/v2\/posts\/4972\/revisions\/5619"}],"wp:attachment":[{"href":"https:\/\/www.iidh.org\/es\/wp-json\/wp\/v2\/media?parent=4972"}],"wp:term":[{"taxonomy":"category","embeddable":true,"href":"https:\/\/www.iidh.org\/es\/wp-json\/wp\/v2\/categories?post=4972"},{"taxonomy":"post_tag","embeddable":true,"href":"https:\/\/www.iidh.org\/es\/wp-json\/wp\/v2\/tags?post=4972"}],"curies":[{"name":"wp","href":"https:\/\/api.w.org\/{rel}","templated":true}]}}