{"id":5000,"date":"2024-02-23T07:06:52","date_gmt":"2024-02-23T05:06:52","guid":{"rendered":"https:\/\/www.iidh.org\/muerte-de-regis-de-gouttes\/"},"modified":"2024-11-08T15:17:23","modified_gmt":"2024-11-08T13:17:23","slug":"muerte-de-regis-de-gouttes","status":"publish","type":"post","link":"https:\/\/www.iidh.org\/es\/muerte-de-regis-de-gouttes\/","title":{"rendered":"Muerte de Regis de Gouttes"},"content":{"rendered":"<p>El fallecimiento de R\u00e9gis de Gouttes el 15 de febrero de 2024 supone una nueva p\u00e9rdida para la Fundaci\u00f3n Ren\u00e9 Cassin. Fue para nosotros un amigo leal y entra\u00f1able, siempre disponible, ben\u00e9volo, c\u00e1lido y sabio, de elegante discreci\u00f3n y discreta elegancia. Tras muchos a\u00f1os como miembro del Instituto Internacional de Derechos Humanos, acept\u00f3 formar parte del Comit\u00e9 de Honor de nuestra Fundaci\u00f3n. Nacido en 1940 en Palleville, en el departamento del Tarn, en el coraz\u00f3n de la regi\u00f3n de Lauragais, estudi\u00f3 Derecho y Ciencias Pol\u00edticas en Toulouse, antes de licenciarse como primero de su promoci\u00f3n en el Centro Nacional de Estudios Judiciales de Burdeos, precursor de la ENM. Desarroll\u00f3 una destacada carrera como juez superior, alternando responsabilidades en la Canciller\u00eda y comisiones de servicio en el Quai d&#8217;Orsay, hasta su nombramiento como Abogado General en el Tribunal de Par\u00eds y luego como Primer Abogado General del Tribunal de Casaci\u00f3n a partir de 2000, sucediendo a Louis Joinet. En este puesto, que segu\u00eda siendo \u00ab\u00fanico\u00bb, tuvo que pronunciarse sobre asuntos delicados, como el estatuto penal del Jefe del Estado. Tampoco dud\u00f3 en posicionarse p\u00fablicamente con el Presidente Andr\u00e9 Braunschweig, criticando la jurisprudencia de la Cour de cassation, que inicialmente hab\u00eda negado la aplicabilidad directa de la Convenci\u00f3n Internacional sobre los Derechos del Ni\u00f1o. Desempe\u00f1\u00f3 un papel muy activo para que el Tribunal de Casaci\u00f3n tuviera en cuenta el derecho internacional, y en particular la jurisprudencia del Tribunal Europeo de Derechos Humanos, y nunca dej\u00f3 de contribuir al di\u00e1logo entre jueces, y m\u00e1s en general a la formaci\u00f3n e informaci\u00f3n de la magistratura, con an\u00e1lisis muy detallados en \u00abLe juge fran\u00e7ais et la Convention europ\u00e9enne des droits de l&#8217;homme: avanc\u00e9es et r\u00e9sistance\u00bb<em>(RTDH<\/em>,1995\/605). Fue como director adjunto del departamento de asuntos jur\u00eddicos del Ministerio de Asuntos Exteriores, de 1985 a 1989, cuando dio sus primeros pasos en Estrasburgo, defendiendo varios casos en nombre de Francia ante la Comisi\u00f3n de Derechos Humanos, y formando parte del Comit\u00e9 Directivo de Pol\u00edtica Criminal (CD-PC) y del Comit\u00e9 Directivo de Derechos Humanos (CD-DH), que presidir\u00eda en 1995-1996, en un periodo crucial que marc\u00f3 la g\u00e9nesis del Protocolo n\u00ba 11 del Convenio. Por su edad y experiencia, fue el candidato natural de la Cour de cassation para ser elegido miembro del nuevo Tribunal de Derechos Humanos en 1998, superando su decepci\u00f3n con gran cortes\u00eda y saludando a \u00absu gran amigo <em>Jean-Paul <\/em> Costa\u00bb en numerosas ocasiones, especialmente durante la publicaci\u00f3n de los <em>M\u00e9langes en l&#8217;honneur de Jean-Paul Costa <\/em>(Dalloz 2011). En 1990, R\u00e9gis de Gouttes fue elegido miembro del Comit\u00e9 de las Naciones Unidas para la Eliminaci\u00f3n de la Discriminaci\u00f3n Racial (CERD), cargo que ocup\u00f3 hasta 2014, con gran atenci\u00f3n a los dem\u00e1s, haciendo balance de su experiencia en un estudio muy sustancial titulado \u00abRegards port\u00e9s sur vingt-cinq ann\u00e9es pass\u00e9es au CERD\u00bb<em>(Droit fondamentaux<\/em> n\u00ba 15, 2013). Este compromiso internacional continu\u00f3 con su participaci\u00f3n como experto en los trabajos de la CNCDH hasta 2018, a\u00f1o en el que presidi\u00f3 la Subcomisi\u00f3n de Lucha contra el Racismo y realiz\u00f3 una importante contribuci\u00f3n a los trabajos de la Subcomisi\u00f3n de Cuestiones Europeas e Internacionales, adem\u00e1s de formar parte del Consejo Cient\u00edfico de la HALDE.  <\/p>\n<p>  En 2014, regres\u00f3 a Estrasburgo como miembro franc\u00e9s de la Comisi\u00f3n Europea contra el Racismo y la Intolerancia (ECRI) del Consejo de Europa, con la misma fuerza de convicci\u00f3n, estableciendo a\u00fan recientemente un paralelismo entre sus experiencias internacionales, con puntos de vista comparados sobre el CERD y la ECRI\u00bb<em>(RTDH<\/em> 2020\/629). En todas estas diversas funciones, desempe\u00f1adas con integridad, rigor jur\u00eddico y prudencia diplom\u00e1tica, adquiri\u00f3 una gran influencia moral, gan\u00e1ndose la amistad y el respeto de todos. La Fundaci\u00f3n Ren\u00e9 Cassin env\u00eda su m\u00e1s sentido p\u00e9same a su esposa e hijos.<\/p>\n","protected":false},"excerpt":{"rendered":"<p>El fallecimiento de R\u00e9gis de Gouttes el 15 de febrero  [&#8230;]<\/p>\n","protected":false},"author":2,"featured_media":0,"comment_status":"open","ping_status":"closed","sticky":false,"template":"","format":"standard","meta":{"footnotes":""},"categories":[101],"tags":[],"class_list":["post-5000","post","type-post","status-publish","format-standard","hentry","category-comunicados-de-prensa-noticias"],"yoast_head":"<!-- This site is optimized with the Yoast SEO plugin v27.5 - https:\/\/yoast.com\/product\/yoast-seo-wordpress\/ -->\n<title>Muerte de Regis de Gouttes - Fondation Ren\u00e9 CASSIN<\/title>\n<meta name=\"robots\" content=\"index, follow, max-snippet:-1, max-image-preview:large, max-video-preview:-1\" \/>\n<link rel=\"canonical\" href=\"https:\/\/www.iidh.org\/es\/muerte-de-regis-de-gouttes\/\" \/>\n<meta property=\"og:locale\" content=\"es_ES\" \/>\n<meta property=\"og:type\" content=\"article\" \/>\n<meta property=\"og:title\" content=\"Muerte de Regis de Gouttes - Fondation Ren\u00e9 CASSIN\" \/>\n<meta property=\"og:description\" content=\"El fallecimiento de R\u00e9gis de Gouttes el 15 de febrero [...]\" \/>\n<meta property=\"og:url\" content=\"https:\/\/www.iidh.org\/es\/muerte-de-regis-de-gouttes\/\" \/>\n<meta property=\"og:site_name\" content=\"Fondation Ren\u00e9 CASSIN\" \/>\n<meta property=\"article:publisher\" content=\"https:\/\/www.facebook.com\/FondationReneCassin\/\" \/>\n<meta property=\"article:published_time\" content=\"2024-02-23T05:06:52+00:00\" \/>\n<meta property=\"article:modified_time\" content=\"2024-11-08T13:17:23+00:00\" \/>\n<meta property=\"og:image\" content=\"https:\/\/www.iidh.org\/wp-content\/uploads\/2024\/10\/vignette-iidh.jpg\" \/>\n\t<meta property=\"og:image:width\" content=\"1200\" \/>\n\t<meta property=\"og:image:height\" content=\"675\" \/>\n\t<meta property=\"og:image:type\" content=\"image\/jpeg\" \/>\n<meta name=\"author\" content=\"iidh\" \/>\n<meta name=\"twitter:card\" content=\"summary_large_image\" \/>\n<meta name=\"twitter:creator\" content=\"@IIDHStrasbourg\" \/>\n<meta name=\"twitter:site\" content=\"@IIDHStrasbourg\" \/>\n<meta name=\"twitter:label1\" content=\"Escrito por\" \/>\n\t<meta name=\"twitter:data1\" content=\"iidh\" \/>\n\t<meta name=\"twitter:label2\" content=\"Tiempo de lectura\" \/>\n\t<meta name=\"twitter:data2\" content=\"3 minutos\" \/>\n<script type=\"application\/ld+json\" class=\"yoast-schema-graph\">{\"@context\":\"https:\\\/\\\/schema.org\",\"@graph\":[{\"@type\":\"Article\",\"@id\":\"https:\\\/\\\/www.iidh.org\\\/es\\\/muerte-de-regis-de-gouttes\\\/#article\",\"isPartOf\":{\"@id\":\"https:\\\/\\\/www.iidh.org\\\/es\\\/muerte-de-regis-de-gouttes\\\/\"},\"author\":{\"name\":\"iidh\",\"@id\":\"https:\\\/\\\/www.iidh.org\\\/es\\\/#\\\/schema\\\/person\\\/b11ebaff7344b9379adfa42046c36b7b\"},\"headline\":\"Muerte de Regis de Gouttes\",\"datePublished\":\"2024-02-23T05:06:52+00:00\",\"dateModified\":\"2024-11-08T13:17:23+00:00\",\"mainEntityOfPage\":{\"@id\":\"https:\\\/\\\/www.iidh.org\\\/es\\\/muerte-de-regis-de-gouttes\\\/\"},\"wordCount\":674,\"commentCount\":0,\"publisher\":{\"@id\":\"https:\\\/\\\/www.iidh.org\\\/es\\\/#organization\"},\"articleSection\":[\"Comunicados de prensa \\\/ Noticias\"],\"inLanguage\":\"es\",\"potentialAction\":[{\"@type\":\"CommentAction\",\"name\":\"Comment\",\"target\":[\"https:\\\/\\\/www.iidh.org\\\/es\\\/muerte-de-regis-de-gouttes\\\/#respond\"]}]},{\"@type\":\"WebPage\",\"@id\":\"https:\\\/\\\/www.iidh.org\\\/es\\\/muerte-de-regis-de-gouttes\\\/\",\"url\":\"https:\\\/\\\/www.iidh.org\\\/es\\\/muerte-de-regis-de-gouttes\\\/\",\"name\":\"Muerte de Regis de Gouttes - Fondation Ren\u00e9 CASSIN\",\"isPartOf\":{\"@id\":\"https:\\\/\\\/www.iidh.org\\\/es\\\/#website\"},\"datePublished\":\"2024-02-23T05:06:52+00:00\",\"dateModified\":\"2024-11-08T13:17:23+00:00\",\"breadcrumb\":{\"@id\":\"https:\\\/\\\/www.iidh.org\\\/es\\\/muerte-de-regis-de-gouttes\\\/#breadcrumb\"},\"inLanguage\":\"es\",\"potentialAction\":[{\"@type\":\"ReadAction\",\"target\":[\"https:\\\/\\\/www.iidh.org\\\/es\\\/muerte-de-regis-de-gouttes\\\/\"]}]},{\"@type\":\"BreadcrumbList\",\"@id\":\"https:\\\/\\\/www.iidh.org\\\/es\\\/muerte-de-regis-de-gouttes\\\/#breadcrumb\",\"itemListElement\":[{\"@type\":\"ListItem\",\"position\":1,\"name\":\"Accueil\",\"item\":\"https:\\\/\\\/www.iidh.org\\\/es\\\/\"},{\"@type\":\"ListItem\",\"position\":2,\"name\":\"Muerte de Regis de Gouttes\"}]},{\"@type\":\"WebSite\",\"@id\":\"https:\\\/\\\/www.iidh.org\\\/es\\\/#website\",\"url\":\"https:\\\/\\\/www.iidh.org\\\/es\\\/\",\"name\":\"Fondation Ren\u00e9 CASSIN\",\"description\":\"\",\"publisher\":{\"@id\":\"https:\\\/\\\/www.iidh.org\\\/es\\\/#organization\"},\"potentialAction\":[{\"@type\":\"SearchAction\",\"target\":{\"@type\":\"EntryPoint\",\"urlTemplate\":\"https:\\\/\\\/www.iidh.org\\\/es\\\/?s={search_term_string}\"},\"query-input\":{\"@type\":\"PropertyValueSpecification\",\"valueRequired\":true,\"valueName\":\"search_term_string\"}}],\"inLanguage\":\"es\"},{\"@type\":\"Organization\",\"@id\":\"https:\\\/\\\/www.iidh.org\\\/es\\\/#organization\",\"name\":\"Fondation Ren\u00e9 CASSIN\",\"url\":\"https:\\\/\\\/www.iidh.org\\\/es\\\/\",\"logo\":{\"@type\":\"ImageObject\",\"inLanguage\":\"es\",\"@id\":\"https:\\\/\\\/www.iidh.org\\\/es\\\/#\\\/schema\\\/logo\\\/image\\\/\",\"url\":\"https:\\\/\\\/www.iidh.org\\\/wp-content\\\/uploads\\\/2024\\\/09\\\/LOGO_FRC-rouge.svg\",\"contentUrl\":\"https:\\\/\\\/www.iidh.org\\\/wp-content\\\/uploads\\\/2024\\\/09\\\/LOGO_FRC-rouge.svg\",\"width\":699,\"height\":221,\"caption\":\"Fondation Ren\u00e9 CASSIN\"},\"image\":{\"@id\":\"https:\\\/\\\/www.iidh.org\\\/es\\\/#\\\/schema\\\/logo\\\/image\\\/\"},\"sameAs\":[\"https:\\\/\\\/www.facebook.com\\\/FondationReneCassin\\\/\",\"https:\\\/\\\/x.com\\\/IIDHStrasbourg\",\"https:\\\/\\\/www.instagram.com\\\/fondationrenecassin\\\/\"]},{\"@type\":\"Person\",\"@id\":\"https:\\\/\\\/www.iidh.org\\\/es\\\/#\\\/schema\\\/person\\\/b11ebaff7344b9379adfa42046c36b7b\",\"name\":\"iidh\"}]}<\/script>\n<!-- \/ Yoast SEO plugin. -->","yoast_head_json":{"title":"Muerte de Regis de Gouttes - Fondation Ren\u00e9 CASSIN","robots":{"index":"index","follow":"follow","max-snippet":"max-snippet:-1","max-image-preview":"max-image-preview:large","max-video-preview":"max-video-preview:-1"},"canonical":"https:\/\/www.iidh.org\/es\/muerte-de-regis-de-gouttes\/","og_locale":"es_ES","og_type":"article","og_title":"Muerte de Regis de Gouttes - Fondation Ren\u00e9 CASSIN","og_description":"El fallecimiento de R\u00e9gis de Gouttes el 15 de febrero [...]","og_url":"https:\/\/www.iidh.org\/es\/muerte-de-regis-de-gouttes\/","og_site_name":"Fondation Ren\u00e9 CASSIN","article_publisher":"https:\/\/www.facebook.com\/FondationReneCassin\/","article_published_time":"2024-02-23T05:06:52+00:00","article_modified_time":"2024-11-08T13:17:23+00:00","og_image":[{"width":1200,"height":675,"url":"https:\/\/www.iidh.org\/wp-content\/uploads\/2024\/10\/vignette-iidh.jpg","type":"image\/jpeg"}],"author":"iidh","twitter_card":"summary_large_image","twitter_creator":"@IIDHStrasbourg","twitter_site":"@IIDHStrasbourg","twitter_misc":{"Escrito por":"iidh","Tiempo de lectura":"3 minutos"},"schema":{"@context":"https:\/\/schema.org","@graph":[{"@type":"Article","@id":"https:\/\/www.iidh.org\/es\/muerte-de-regis-de-gouttes\/#article","isPartOf":{"@id":"https:\/\/www.iidh.org\/es\/muerte-de-regis-de-gouttes\/"},"author":{"name":"iidh","@id":"https:\/\/www.iidh.org\/es\/#\/schema\/person\/b11ebaff7344b9379adfa42046c36b7b"},"headline":"Muerte de Regis de Gouttes","datePublished":"2024-02-23T05:06:52+00:00","dateModified":"2024-11-08T13:17:23+00:00","mainEntityOfPage":{"@id":"https:\/\/www.iidh.org\/es\/muerte-de-regis-de-gouttes\/"},"wordCount":674,"commentCount":0,"publisher":{"@id":"https:\/\/www.iidh.org\/es\/#organization"},"articleSection":["Comunicados de prensa \/ Noticias"],"inLanguage":"es","potentialAction":[{"@type":"CommentAction","name":"Comment","target":["https:\/\/www.iidh.org\/es\/muerte-de-regis-de-gouttes\/#respond"]}]},{"@type":"WebPage","@id":"https:\/\/www.iidh.org\/es\/muerte-de-regis-de-gouttes\/","url":"https:\/\/www.iidh.org\/es\/muerte-de-regis-de-gouttes\/","name":"Muerte de Regis de Gouttes - Fondation Ren\u00e9 CASSIN","isPartOf":{"@id":"https:\/\/www.iidh.org\/es\/#website"},"datePublished":"2024-02-23T05:06:52+00:00","dateModified":"2024-11-08T13:17:23+00:00","breadcrumb":{"@id":"https:\/\/www.iidh.org\/es\/muerte-de-regis-de-gouttes\/#breadcrumb"},"inLanguage":"es","potentialAction":[{"@type":"ReadAction","target":["https:\/\/www.iidh.org\/es\/muerte-de-regis-de-gouttes\/"]}]},{"@type":"BreadcrumbList","@id":"https:\/\/www.iidh.org\/es\/muerte-de-regis-de-gouttes\/#breadcrumb","itemListElement":[{"@type":"ListItem","position":1,"name":"Accueil","item":"https:\/\/www.iidh.org\/es\/"},{"@type":"ListItem","position":2,"name":"Muerte de Regis de Gouttes"}]},{"@type":"WebSite","@id":"https:\/\/www.iidh.org\/es\/#website","url":"https:\/\/www.iidh.org\/es\/","name":"Fondation Ren\u00e9 CASSIN","description":"","publisher":{"@id":"https:\/\/www.iidh.org\/es\/#organization"},"potentialAction":[{"@type":"SearchAction","target":{"@type":"EntryPoint","urlTemplate":"https:\/\/www.iidh.org\/es\/?s={search_term_string}"},"query-input":{"@type":"PropertyValueSpecification","valueRequired":true,"valueName":"search_term_string"}}],"inLanguage":"es"},{"@type":"Organization","@id":"https:\/\/www.iidh.org\/es\/#organization","name":"Fondation Ren\u00e9 CASSIN","url":"https:\/\/www.iidh.org\/es\/","logo":{"@type":"ImageObject","inLanguage":"es","@id":"https:\/\/www.iidh.org\/es\/#\/schema\/logo\/image\/","url":"https:\/\/www.iidh.org\/wp-content\/uploads\/2024\/09\/LOGO_FRC-rouge.svg","contentUrl":"https:\/\/www.iidh.org\/wp-content\/uploads\/2024\/09\/LOGO_FRC-rouge.svg","width":699,"height":221,"caption":"Fondation Ren\u00e9 CASSIN"},"image":{"@id":"https:\/\/www.iidh.org\/es\/#\/schema\/logo\/image\/"},"sameAs":["https:\/\/www.facebook.com\/FondationReneCassin\/","https:\/\/x.com\/IIDHStrasbourg","https:\/\/www.instagram.com\/fondationrenecassin\/"]},{"@type":"Person","@id":"https:\/\/www.iidh.org\/es\/#\/schema\/person\/b11ebaff7344b9379adfa42046c36b7b","name":"iidh"}]}},"_links":{"self":[{"href":"https:\/\/www.iidh.org\/es\/wp-json\/wp\/v2\/posts\/5000","targetHints":{"allow":["GET"]}}],"collection":[{"href":"https:\/\/www.iidh.org\/es\/wp-json\/wp\/v2\/posts"}],"about":[{"href":"https:\/\/www.iidh.org\/es\/wp-json\/wp\/v2\/types\/post"}],"author":[{"embeddable":true,"href":"https:\/\/www.iidh.org\/es\/wp-json\/wp\/v2\/users\/2"}],"replies":[{"embeddable":true,"href":"https:\/\/www.iidh.org\/es\/wp-json\/wp\/v2\/comments?post=5000"}],"version-history":[{"count":1,"href":"https:\/\/www.iidh.org\/es\/wp-json\/wp\/v2\/posts\/5000\/revisions"}],"predecessor-version":[{"id":5604,"href":"https:\/\/www.iidh.org\/es\/wp-json\/wp\/v2\/posts\/5000\/revisions\/5604"}],"wp:attachment":[{"href":"https:\/\/www.iidh.org\/es\/wp-json\/wp\/v2\/media?parent=5000"}],"wp:term":[{"taxonomy":"category","embeddable":true,"href":"https:\/\/www.iidh.org\/es\/wp-json\/wp\/v2\/categories?post=5000"},{"taxonomy":"post_tag","embeddable":true,"href":"https:\/\/www.iidh.org\/es\/wp-json\/wp\/v2\/tags?post=5000"}],"curies":[{"name":"wp","href":"https:\/\/api.w.org\/{rel}","templated":true}]}}