{"id":5003,"date":"2023-10-09T07:06:56","date_gmt":"2023-10-09T05:06:56","guid":{"rendered":"https:\/\/www.iidh.org\/dialogo-transatlantico-intercambio-entre-la-sra-monica-pinto-y-el-sr-emmanuel-decaux\/"},"modified":"2024-11-08T15:17:23","modified_gmt":"2024-11-08T13:17:23","slug":"dialogo-transatlantico-intercambio-entre-la-sra-monica-pinto-y-el-sr-emmanuel-decaux","status":"publish","type":"post","link":"https:\/\/www.iidh.org\/es\/dialogo-transatlantico-intercambio-entre-la-sra-monica-pinto-y-el-sr-emmanuel-decaux\/","title":{"rendered":"Di\u00e1logo transatl\u00e1ntico &#8211; Intercambio entre la Sra. M\u00f3nica Pinto y el Sr. Emmanuel Decaux"},"content":{"rendered":"<p>La televisi\u00f3n p\u00fablica argentina <em>Canal Encuentro <\/em>organiz\u00f3 un encuentro entre la Sra. M\u00f3nica Pinto, profesora, abogada y ex Relatora Especial sobre la independencia de los magistrados y abogados, y el Sr. Emmanuel Decaux, profesor, ex Presidente del Comit\u00e9 de las Naciones Unidas contra las Desapariciones Forzadas y Presidente de la Fundaci\u00f3n Ren\u00e9 Cassin. Este contrainterrogatorio en franc\u00e9s y espa\u00f1ol brinda la oportunidad de entablar un di\u00e1logo sin precedentes sobre cuestiones como la frontera entre la teor\u00eda y la pr\u00e1ctica en el derecho internacional de los derechos humanos, la visi\u00f3n de los derechos humanos en los \u00f3rganos de las Naciones Unidas y la imbricaci\u00f3n de los derechos humanos en el derecho internacional.<\/p>\n<div class=\"fusion-video fusion-youtube\" style=\"--awb-max-width:600px;--awb-max-height:360px;\"><div class=\"video-shortcode\"><lite-youtube videoid=\"KUP8PouRzKA\" class=\"landscape\" params=\"wmode=transparent&autoplay=1&amp;enablejsapi=1\" title=\"YouTube video player 1\" data-button-label=\"Play Video\" width=\"600\" height=\"360\" data-thumbnail-size=\"auto\" data-no-cookie=\"on\"><\/lite-youtube><\/div><\/div>\n","protected":false},"excerpt":{"rendered":"<p>La televisi\u00f3n p\u00fablica argentina Canal Encuentro organiz\u00f3 un encuentro entre  [&#8230;]<\/p>\n","protected":false},"author":2,"featured_media":0,"comment_status":"open","ping_status":"closed","sticky":false,"template":"","format":"standard","meta":{"footnotes":""},"categories":[101],"tags":[],"class_list":["post-5003","post","type-post","status-publish","format-standard","hentry","category-comunicados-de-prensa-noticias"],"yoast_head":"<!-- This site is optimized with the Yoast SEO plugin v27.5 - https:\/\/yoast.com\/product\/yoast-seo-wordpress\/ -->\n<title>Di\u00e1logo transatl\u00e1ntico - Intercambio entre la Sra. M\u00f3nica Pinto y el Sr. Emmanuel Decaux - Fondation Ren\u00e9 CASSIN<\/title>\n<meta name=\"robots\" content=\"index, follow, max-snippet:-1, max-image-preview:large, max-video-preview:-1\" \/>\n<link rel=\"canonical\" href=\"https:\/\/www.iidh.org\/es\/dialogo-transatlantico-intercambio-entre-la-sra-monica-pinto-y-el-sr-emmanuel-decaux\/\" \/>\n<meta property=\"og:locale\" content=\"es_ES\" \/>\n<meta property=\"og:type\" content=\"article\" \/>\n<meta property=\"og:title\" content=\"Di\u00e1logo transatl\u00e1ntico - Intercambio entre la Sra. M\u00f3nica Pinto y el Sr. Emmanuel Decaux - Fondation Ren\u00e9 CASSIN\" \/>\n<meta property=\"og:description\" content=\"La televisi\u00f3n p\u00fablica argentina Canal Encuentro organiz\u00f3 un encuentro entre [...]\" \/>\n<meta property=\"og:url\" content=\"https:\/\/www.iidh.org\/es\/dialogo-transatlantico-intercambio-entre-la-sra-monica-pinto-y-el-sr-emmanuel-decaux\/\" \/>\n<meta property=\"og:site_name\" content=\"Fondation Ren\u00e9 CASSIN\" \/>\n<meta property=\"article:publisher\" content=\"https:\/\/www.facebook.com\/FondationReneCassin\/\" \/>\n<meta property=\"article:published_time\" content=\"2023-10-09T05:06:56+00:00\" \/>\n<meta property=\"article:modified_time\" content=\"2024-11-08T13:17:23+00:00\" \/>\n<meta property=\"og:image\" content=\"https:\/\/www.iidh.org\/wp-content\/uploads\/2024\/10\/vignette-iidh.jpg\" \/>\n\t<meta property=\"og:image:width\" content=\"1200\" \/>\n\t<meta property=\"og:image:height\" content=\"675\" \/>\n\t<meta property=\"og:image:type\" content=\"image\/jpeg\" \/>\n<meta name=\"author\" content=\"iidh\" \/>\n<meta name=\"twitter:card\" content=\"summary_large_image\" \/>\n<meta name=\"twitter:creator\" content=\"@IIDHStrasbourg\" \/>\n<meta name=\"twitter:site\" content=\"@IIDHStrasbourg\" \/>\n<meta name=\"twitter:label1\" content=\"Escrito por\" \/>\n\t<meta name=\"twitter:data1\" content=\"iidh\" \/>\n\t<meta name=\"twitter:label2\" content=\"Tiempo de lectura\" \/>\n\t<meta name=\"twitter:data2\" content=\"1 minuto\" \/>\n<script type=\"application\/ld+json\" class=\"yoast-schema-graph\">{\"@context\":\"https:\\\/\\\/schema.org\",\"@graph\":[{\"@type\":\"Article\",\"@id\":\"https:\\\/\\\/www.iidh.org\\\/es\\\/dialogo-transatlantico-intercambio-entre-la-sra-monica-pinto-y-el-sr-emmanuel-decaux\\\/#article\",\"isPartOf\":{\"@id\":\"https:\\\/\\\/www.iidh.org\\\/es\\\/dialogo-transatlantico-intercambio-entre-la-sra-monica-pinto-y-el-sr-emmanuel-decaux\\\/\"},\"author\":{\"name\":\"iidh\",\"@id\":\"https:\\\/\\\/www.iidh.org\\\/es\\\/#\\\/schema\\\/person\\\/b11ebaff7344b9379adfa42046c36b7b\"},\"headline\":\"Di\u00e1logo transatl\u00e1ntico &#8211; Intercambio entre la Sra. M\u00f3nica Pinto y el Sr. Emmanuel Decaux\",\"datePublished\":\"2023-10-09T05:06:56+00:00\",\"dateModified\":\"2024-11-08T13:17:23+00:00\",\"mainEntityOfPage\":{\"@id\":\"https:\\\/\\\/www.iidh.org\\\/es\\\/dialogo-transatlantico-intercambio-entre-la-sra-monica-pinto-y-el-sr-emmanuel-decaux\\\/\"},\"wordCount\":201,\"commentCount\":0,\"publisher\":{\"@id\":\"https:\\\/\\\/www.iidh.org\\\/es\\\/#organization\"},\"articleSection\":[\"Comunicados de prensa \\\/ Noticias\"],\"inLanguage\":\"es\",\"potentialAction\":[{\"@type\":\"CommentAction\",\"name\":\"Comment\",\"target\":[\"https:\\\/\\\/www.iidh.org\\\/es\\\/dialogo-transatlantico-intercambio-entre-la-sra-monica-pinto-y-el-sr-emmanuel-decaux\\\/#respond\"]}]},{\"@type\":\"WebPage\",\"@id\":\"https:\\\/\\\/www.iidh.org\\\/es\\\/dialogo-transatlantico-intercambio-entre-la-sra-monica-pinto-y-el-sr-emmanuel-decaux\\\/\",\"url\":\"https:\\\/\\\/www.iidh.org\\\/es\\\/dialogo-transatlantico-intercambio-entre-la-sra-monica-pinto-y-el-sr-emmanuel-decaux\\\/\",\"name\":\"Di\u00e1logo transatl\u00e1ntico - Intercambio entre la Sra. M\u00f3nica Pinto y el Sr. Emmanuel Decaux - Fondation Ren\u00e9 CASSIN\",\"isPartOf\":{\"@id\":\"https:\\\/\\\/www.iidh.org\\\/es\\\/#website\"},\"datePublished\":\"2023-10-09T05:06:56+00:00\",\"dateModified\":\"2024-11-08T13:17:23+00:00\",\"breadcrumb\":{\"@id\":\"https:\\\/\\\/www.iidh.org\\\/es\\\/dialogo-transatlantico-intercambio-entre-la-sra-monica-pinto-y-el-sr-emmanuel-decaux\\\/#breadcrumb\"},\"inLanguage\":\"es\",\"potentialAction\":[{\"@type\":\"ReadAction\",\"target\":[\"https:\\\/\\\/www.iidh.org\\\/es\\\/dialogo-transatlantico-intercambio-entre-la-sra-monica-pinto-y-el-sr-emmanuel-decaux\\\/\"]}]},{\"@type\":\"BreadcrumbList\",\"@id\":\"https:\\\/\\\/www.iidh.org\\\/es\\\/dialogo-transatlantico-intercambio-entre-la-sra-monica-pinto-y-el-sr-emmanuel-decaux\\\/#breadcrumb\",\"itemListElement\":[{\"@type\":\"ListItem\",\"position\":1,\"name\":\"Accueil\",\"item\":\"https:\\\/\\\/www.iidh.org\\\/es\\\/\"},{\"@type\":\"ListItem\",\"position\":2,\"name\":\"Di\u00e1logo transatl\u00e1ntico &#8211; Intercambio entre la Sra. M\u00f3nica Pinto y el Sr. Emmanuel Decaux\"}]},{\"@type\":\"WebSite\",\"@id\":\"https:\\\/\\\/www.iidh.org\\\/es\\\/#website\",\"url\":\"https:\\\/\\\/www.iidh.org\\\/es\\\/\",\"name\":\"Fondation Ren\u00e9 CASSIN\",\"description\":\"\",\"publisher\":{\"@id\":\"https:\\\/\\\/www.iidh.org\\\/es\\\/#organization\"},\"potentialAction\":[{\"@type\":\"SearchAction\",\"target\":{\"@type\":\"EntryPoint\",\"urlTemplate\":\"https:\\\/\\\/www.iidh.org\\\/es\\\/?s={search_term_string}\"},\"query-input\":{\"@type\":\"PropertyValueSpecification\",\"valueRequired\":true,\"valueName\":\"search_term_string\"}}],\"inLanguage\":\"es\"},{\"@type\":\"Organization\",\"@id\":\"https:\\\/\\\/www.iidh.org\\\/es\\\/#organization\",\"name\":\"Fondation Ren\u00e9 CASSIN\",\"url\":\"https:\\\/\\\/www.iidh.org\\\/es\\\/\",\"logo\":{\"@type\":\"ImageObject\",\"inLanguage\":\"es\",\"@id\":\"https:\\\/\\\/www.iidh.org\\\/es\\\/#\\\/schema\\\/logo\\\/image\\\/\",\"url\":\"https:\\\/\\\/www.iidh.org\\\/wp-content\\\/uploads\\\/2024\\\/09\\\/LOGO_FRC-rouge.svg\",\"contentUrl\":\"https:\\\/\\\/www.iidh.org\\\/wp-content\\\/uploads\\\/2024\\\/09\\\/LOGO_FRC-rouge.svg\",\"width\":699,\"height\":221,\"caption\":\"Fondation Ren\u00e9 CASSIN\"},\"image\":{\"@id\":\"https:\\\/\\\/www.iidh.org\\\/es\\\/#\\\/schema\\\/logo\\\/image\\\/\"},\"sameAs\":[\"https:\\\/\\\/www.facebook.com\\\/FondationReneCassin\\\/\",\"https:\\\/\\\/x.com\\\/IIDHStrasbourg\",\"https:\\\/\\\/www.instagram.com\\\/fondationrenecassin\\\/\"]},{\"@type\":\"Person\",\"@id\":\"https:\\\/\\\/www.iidh.org\\\/es\\\/#\\\/schema\\\/person\\\/b11ebaff7344b9379adfa42046c36b7b\",\"name\":\"iidh\"}]}<\/script>\n<!-- \/ Yoast SEO plugin. -->","yoast_head_json":{"title":"Di\u00e1logo transatl\u00e1ntico - Intercambio entre la Sra. M\u00f3nica Pinto y el Sr. Emmanuel Decaux - Fondation Ren\u00e9 CASSIN","robots":{"index":"index","follow":"follow","max-snippet":"max-snippet:-1","max-image-preview":"max-image-preview:large","max-video-preview":"max-video-preview:-1"},"canonical":"https:\/\/www.iidh.org\/es\/dialogo-transatlantico-intercambio-entre-la-sra-monica-pinto-y-el-sr-emmanuel-decaux\/","og_locale":"es_ES","og_type":"article","og_title":"Di\u00e1logo transatl\u00e1ntico - Intercambio entre la Sra. M\u00f3nica Pinto y el Sr. Emmanuel Decaux - Fondation Ren\u00e9 CASSIN","og_description":"La televisi\u00f3n p\u00fablica argentina Canal Encuentro organiz\u00f3 un encuentro entre [...]","og_url":"https:\/\/www.iidh.org\/es\/dialogo-transatlantico-intercambio-entre-la-sra-monica-pinto-y-el-sr-emmanuel-decaux\/","og_site_name":"Fondation Ren\u00e9 CASSIN","article_publisher":"https:\/\/www.facebook.com\/FondationReneCassin\/","article_published_time":"2023-10-09T05:06:56+00:00","article_modified_time":"2024-11-08T13:17:23+00:00","og_image":[{"width":1200,"height":675,"url":"https:\/\/www.iidh.org\/wp-content\/uploads\/2024\/10\/vignette-iidh.jpg","type":"image\/jpeg"}],"author":"iidh","twitter_card":"summary_large_image","twitter_creator":"@IIDHStrasbourg","twitter_site":"@IIDHStrasbourg","twitter_misc":{"Escrito por":"iidh","Tiempo de lectura":"1 minuto"},"schema":{"@context":"https:\/\/schema.org","@graph":[{"@type":"Article","@id":"https:\/\/www.iidh.org\/es\/dialogo-transatlantico-intercambio-entre-la-sra-monica-pinto-y-el-sr-emmanuel-decaux\/#article","isPartOf":{"@id":"https:\/\/www.iidh.org\/es\/dialogo-transatlantico-intercambio-entre-la-sra-monica-pinto-y-el-sr-emmanuel-decaux\/"},"author":{"name":"iidh","@id":"https:\/\/www.iidh.org\/es\/#\/schema\/person\/b11ebaff7344b9379adfa42046c36b7b"},"headline":"Di\u00e1logo transatl\u00e1ntico &#8211; Intercambio entre la Sra. M\u00f3nica Pinto y el Sr. Emmanuel Decaux","datePublished":"2023-10-09T05:06:56+00:00","dateModified":"2024-11-08T13:17:23+00:00","mainEntityOfPage":{"@id":"https:\/\/www.iidh.org\/es\/dialogo-transatlantico-intercambio-entre-la-sra-monica-pinto-y-el-sr-emmanuel-decaux\/"},"wordCount":201,"commentCount":0,"publisher":{"@id":"https:\/\/www.iidh.org\/es\/#organization"},"articleSection":["Comunicados de prensa \/ Noticias"],"inLanguage":"es","potentialAction":[{"@type":"CommentAction","name":"Comment","target":["https:\/\/www.iidh.org\/es\/dialogo-transatlantico-intercambio-entre-la-sra-monica-pinto-y-el-sr-emmanuel-decaux\/#respond"]}]},{"@type":"WebPage","@id":"https:\/\/www.iidh.org\/es\/dialogo-transatlantico-intercambio-entre-la-sra-monica-pinto-y-el-sr-emmanuel-decaux\/","url":"https:\/\/www.iidh.org\/es\/dialogo-transatlantico-intercambio-entre-la-sra-monica-pinto-y-el-sr-emmanuel-decaux\/","name":"Di\u00e1logo transatl\u00e1ntico - Intercambio entre la Sra. M\u00f3nica Pinto y el Sr. Emmanuel Decaux - Fondation Ren\u00e9 CASSIN","isPartOf":{"@id":"https:\/\/www.iidh.org\/es\/#website"},"datePublished":"2023-10-09T05:06:56+00:00","dateModified":"2024-11-08T13:17:23+00:00","breadcrumb":{"@id":"https:\/\/www.iidh.org\/es\/dialogo-transatlantico-intercambio-entre-la-sra-monica-pinto-y-el-sr-emmanuel-decaux\/#breadcrumb"},"inLanguage":"es","potentialAction":[{"@type":"ReadAction","target":["https:\/\/www.iidh.org\/es\/dialogo-transatlantico-intercambio-entre-la-sra-monica-pinto-y-el-sr-emmanuel-decaux\/"]}]},{"@type":"BreadcrumbList","@id":"https:\/\/www.iidh.org\/es\/dialogo-transatlantico-intercambio-entre-la-sra-monica-pinto-y-el-sr-emmanuel-decaux\/#breadcrumb","itemListElement":[{"@type":"ListItem","position":1,"name":"Accueil","item":"https:\/\/www.iidh.org\/es\/"},{"@type":"ListItem","position":2,"name":"Di\u00e1logo transatl\u00e1ntico &#8211; Intercambio entre la Sra. M\u00f3nica Pinto y el Sr. Emmanuel Decaux"}]},{"@type":"WebSite","@id":"https:\/\/www.iidh.org\/es\/#website","url":"https:\/\/www.iidh.org\/es\/","name":"Fondation Ren\u00e9 CASSIN","description":"","publisher":{"@id":"https:\/\/www.iidh.org\/es\/#organization"},"potentialAction":[{"@type":"SearchAction","target":{"@type":"EntryPoint","urlTemplate":"https:\/\/www.iidh.org\/es\/?s={search_term_string}"},"query-input":{"@type":"PropertyValueSpecification","valueRequired":true,"valueName":"search_term_string"}}],"inLanguage":"es"},{"@type":"Organization","@id":"https:\/\/www.iidh.org\/es\/#organization","name":"Fondation Ren\u00e9 CASSIN","url":"https:\/\/www.iidh.org\/es\/","logo":{"@type":"ImageObject","inLanguage":"es","@id":"https:\/\/www.iidh.org\/es\/#\/schema\/logo\/image\/","url":"https:\/\/www.iidh.org\/wp-content\/uploads\/2024\/09\/LOGO_FRC-rouge.svg","contentUrl":"https:\/\/www.iidh.org\/wp-content\/uploads\/2024\/09\/LOGO_FRC-rouge.svg","width":699,"height":221,"caption":"Fondation Ren\u00e9 CASSIN"},"image":{"@id":"https:\/\/www.iidh.org\/es\/#\/schema\/logo\/image\/"},"sameAs":["https:\/\/www.facebook.com\/FondationReneCassin\/","https:\/\/x.com\/IIDHStrasbourg","https:\/\/www.instagram.com\/fondationrenecassin\/"]},{"@type":"Person","@id":"https:\/\/www.iidh.org\/es\/#\/schema\/person\/b11ebaff7344b9379adfa42046c36b7b","name":"iidh"}]}},"_links":{"self":[{"href":"https:\/\/www.iidh.org\/es\/wp-json\/wp\/v2\/posts\/5003","targetHints":{"allow":["GET"]}}],"collection":[{"href":"https:\/\/www.iidh.org\/es\/wp-json\/wp\/v2\/posts"}],"about":[{"href":"https:\/\/www.iidh.org\/es\/wp-json\/wp\/v2\/types\/post"}],"author":[{"embeddable":true,"href":"https:\/\/www.iidh.org\/es\/wp-json\/wp\/v2\/users\/2"}],"replies":[{"embeddable":true,"href":"https:\/\/www.iidh.org\/es\/wp-json\/wp\/v2\/comments?post=5003"}],"version-history":[{"count":1,"href":"https:\/\/www.iidh.org\/es\/wp-json\/wp\/v2\/posts\/5003\/revisions"}],"predecessor-version":[{"id":5008,"href":"https:\/\/www.iidh.org\/es\/wp-json\/wp\/v2\/posts\/5003\/revisions\/5008"}],"wp:attachment":[{"href":"https:\/\/www.iidh.org\/es\/wp-json\/wp\/v2\/media?parent=5003"}],"wp:term":[{"taxonomy":"category","embeddable":true,"href":"https:\/\/www.iidh.org\/es\/wp-json\/wp\/v2\/categories?post=5003"},{"taxonomy":"post_tag","embeddable":true,"href":"https:\/\/www.iidh.org\/es\/wp-json\/wp\/v2\/tags?post=5003"}],"curies":[{"name":"wp","href":"https:\/\/api.w.org\/{rel}","templated":true}]}}