{"id":6826,"date":"2025-11-24T15:49:57","date_gmt":"2025-11-24T13:49:57","guid":{"rendered":"https:\/\/www.iidh.org\/55a-sesion-de-verano-del-29-de-junio-al-24-de-julio-de-2025-derechos-humanos-y-espacios-de-resistencia\/"},"modified":"2026-03-24T16:00:20","modified_gmt":"2026-03-24T14:00:20","slug":"55a-sesion-de-verano-del-29-de-junio-al-24-de-julio-de-2026-derechos-humanos-y-espacios-de-resistencia","status":"publish","type":"post","link":"https:\/\/www.iidh.org\/es\/55a-sesion-de-verano-del-29-de-junio-al-24-de-julio-de-2026-derechos-humanos-y-espacios-de-resistencia\/","title":{"rendered":"55\u00e8me Session d&#8217;\u00e9t\u00e9 du 29 juin au 24 juillet 2026 &#8211; Droits de l&#8217;homme et esprit de r\u00e9sistance"},"content":{"rendered":"<div class=\"fusion-fullwidth fullwidth-box fusion-builder-row-1 fusion-flex-container nonhundred-percent-fullwidth non-hundred-percent-height-scrolling\" style=\"--awb-border-radius-top-left:0px;--awb-border-radius-top-right:0px;--awb-border-radius-bottom-right:0px;--awb-border-radius-bottom-left:0px;--awb-flex-wrap:wrap;\" ><div class=\"fusion-builder-row fusion-row fusion-flex-align-items-flex-start fusion-flex-content-wrap\" style=\"max-width:1248px;margin-left: calc(-4% \/ 2 );margin-right: calc(-4% \/ 2 );\"><div class=\"fusion-layout-column fusion_builder_column fusion-builder-column-0 fusion_builder_column_1_1 1_1 fusion-flex-column\" style=\"--awb-bg-blend:overlay;--awb-bg-size:cover;--awb-width-large:100%;--awb-margin-top-large:0px;--awb-spacing-right-large:1.92%;--awb-margin-bottom-large:0px;--awb-spacing-left-large:1.92%;--awb-width-medium:100%;--awb-spacing-right-medium:1.92%;--awb-spacing-left-medium:1.92%;--awb-width-small:100%;--awb-spacing-right-small:1.92%;--awb-spacing-left-small:1.92%;\"><div class=\"fusion-column-wrapper fusion-flex-justify-content-flex-start fusion-content-layout-column\"><div class=\"fusion-text fusion-text-1\"><h3>Presentaci\u00f3n<\/h3>\n<p style=\"text-align: justify;\">La <strong>55\u00aa Sesi\u00f3n de Verano<\/strong>, organizada por la Fundaci\u00f3n Ren\u00e9 Cassin en colaboraci\u00f3n con las autoridades locales y el Comit\u00e9 Internacional de la Cruz Roja, se celebrar\u00e1 del <b><strong>29 de junio al 24 de julio de 2026 <\/strong><\/b>en Estrasburgo (presencial \u00fanicamente).<\/p>\n<p style=\"text-align: justify;\">Esta hist\u00f3rica sesi\u00f3n de formaci\u00f3n en Europa acoge cada a\u00f1o entre <strong>150 y 200 participantes internacionales<\/strong> procedentes de todo el mundo que vienen a formarse en derecho internacional de los derechos humanos, derecho internacional humanitario y derecho internacional penal.<\/p>\n<p style=\"text-align: justify;\">Se trata tambi\u00e9n de cerca de<strong> 40 expertos reconocidos internacionalmente<\/strong> \u2014universitarios, representantes de organizaciones internacionales, dirigentes de asociaciones y ONG, entre otros\u2014 que ofrecer\u00e1n intervenciones de excelencia a nuestros participantes.<\/p>\n<p style=\"text-align: justify;\">El programa, dirigido a estudiantes avanzados de ciencias jur\u00eddicas, pol\u00edticas, humanas y sociales, tambi\u00e9n est\u00e1 abierto a profesores e investigadores, miembros de la profesi\u00f3n jur\u00eddica, funcionarios nacionales e internacionales y cualquier persona con un inter\u00e9s general en los derechos humanos.<\/p>\n<p>&nbsp;<\/p>\n<hr>\n<h3 data-start=\"329\" data-end=\"689\">Una Edici\u00f3n Hist\u00f3rica: La Sesi\u00f3n de Verano 2026, en el coraz\u00f3n del 50\u00ba aniversario del legado de Ren\u00e9 Cassin<\/h3>\n<p data-start=\"329\" data-end=\"689\">En 2026, la 55\u00aa Sesi\u00f3n de Verano tendr\u00e1 una importancia muy especial. Organizada con motivo del <strong data-start=\"418\" data-end=\"480\">quincuag\u00e9simo aniversario del fallecimiento de Ren\u00e9 Cassin <\/strong>\u2013 Premio Nobel de la Paz, co-redactor de la Declaraci\u00f3n Universal de los Derechos Humanos y figura tutelar de nuestra instituci\u00f3n \u2013 esta 55\u00aa edici\u00f3n se inscribe en el coraz\u00f3n de un a\u00f1o de grandes conmemoraciones. <\/p>\n<p data-start=\"691\" data-end=\"1010\">Con este motivo, en la apertura de la Sesi\u00f3n, se celebrar\u00e1 un <strong data-start=\"712\" data-end=\"744\">gran coloquio internacional <\/strong>en el hemiciclo del Consejo de Europa, reuniendo a destacadas personalidades del derecho internacional para cuestionar el legado de Ren\u00e9 Cassin y la relevancia actual de su pensamiento frente a los desaf\u00edos del siglo XXI.<\/p>\n<p data-start=\"1012\" data-end=\"1462\">Bajo el tema transversal \u00ab<strong data-start=\"1051\" data-end=\"1101\">Derechos humanos y esp\u00edritu de resistencia<\/strong>\u00bb, la Sesi\u00f3n de Verano 2026 ofrecer\u00e1 un conjunto de cursos, conferencias y seminarios que explorar\u00e1n c\u00f3mo el derecho sigue ofreciendo herramientas de protecci\u00f3n, contestaci\u00f3n y emancipaci\u00f3n en un mundo atravesado por crisis, transformaciones tecnol\u00f3gicas y reestructuraciones geopol\u00edticas.<\/p>\n<p data-start=\"1464\" data-end=\"1794\">Esta edici\u00f3n excepcional reafirma m\u00e1s que nunca la misi\u00f3n de la Fundaci\u00f3n Ren\u00e9 Cassin: <strong data-start=\"1560\" data-end=\"1642\">formar, vincular e inspirar a quienes hacen vivir los derechos humanos<\/strong>, reuniendo en Estrasburgo a una comunidad internacional comprometida con un proyecto intelectual y humanista que sigue siendo de plena actualidad.<\/p>\n<hr>\n<h3 data-start=\"1464\" data-end=\"1794\">Organisation<\/h3>\n<p style=\"text-align: justify;\">La 55\u00aa Sesi\u00f3n de Verano est\u00e1 compuesta por tres m\u00f3dulos. El primero incluir\u00e1 ense\u00f1anzas avanzadas sobre la protecci\u00f3n internacional de los derechos humanos; el segundo estar\u00e1 dedicado al derecho internacional humanitario en colaboraci\u00f3n con el CICR; y el tercer y \u00faltimo m\u00f3dulo se centrar\u00e1 en el derecho internacional penal.  <\/p>\n<p style=\"text-align: justify;\">Los cursos se imparten <strong>simult\u00e1neamente en franc\u00e9s, ingl\u00e9s y espa\u00f1ol <\/strong>(con excepci\u00f3n de los cursos tem\u00e1ticos del M\u00f3dulo 1 (DIDH) y del M\u00f3dulo 3 (DIP), que solo est\u00e1n disponibles en franc\u00e9s e ingl\u00e9s) en tres espacios distintos. La 55\u00aa Sesi\u00f3n de Verano se celebrar\u00e1 exclusivamente de forma presencial en Estrasburgo. <\/p>\n<p style=\"text-align: justify;\">Le invitamos a leer atentamente el <a href=\"https:\/\/www.iidh.org\/wp-content\/uploads\/2025\/11\/ES-Plaquette-SE-2026_compressed.pdf\"><strong>FOLLETO INFORMATIVO<\/strong><\/a>, que detalla toda la informaci\u00f3n relativa a esta sesi\u00f3n de formaci\u00f3n, en particular las condiciones relacionadas con las<strong> diferentes tarifas, el alojamiento, la obtenci\u00f3n de visados y las condiciones de cancelaci\u00f3n \/ obtenci\u00f3n de un bono<\/strong>. En especial, llamamos su atenci\u00f3n sobre el hecho de que, en caso de cancelaci\u00f3n por no expedici\u00f3n de visado \/ ausencia de cita consular \/ motivo m\u00e9dico \u00fanicamente, las tasas de inscripci\u00f3n son reembolsables deduciendo la suma de <strong>100 euros correspondiente a los gastos de gesti\u00f3n del expediente<\/strong>.  <\/p>\n<p style=\"text-align: justify;\"><span class=\"OYPEnA font-feature-liga-off font-feature-clig-off font-feature-calt-off text-decoration-none text-strikethrough-none\">Esta solicitud de reembolso o de vale debe cumplir con las condiciones estrictas indicadas en el folleto informativo, que le invitamos a consultar antes de inscribirse. Esta solicitud de reembolso debe realizarse antes del<strong> 24 de julio de 2026.<\/strong> <\/span><\/p>\n<p>Les invitamos tambi\u00e9n a descubrir <a href=\"https:\/\/www.iidh.org\/wp-content\/uploads\/2025\/11\/Programme-Session-dete.pdf\"><strong>el programa detallado<\/strong><\/a> y los distintos momentos destacados de esta organizaci\u00f3n.<\/p>\n<hr>\n<h3 class=\"fusion-responsive-typography-calculated\" style=\"text-align: justify; --fontsize: 30; line-height: 1.4;\" data-fontsize=\"30\" data-lineheight=\"42px\"><span style=\"text-decoration: underline;\"><strong>Ayudas econ\u00f3micas y financiaci\u00f3n de la matr\u00edcula<\/strong><\/span><\/h3>\n<p style=\"text-align: justify;\"><span class=\"OYPEnA font-feature-liga-off font-feature-clig-off font-feature-calt-off text-decoration-none text-strikethrough-none\">La Fundaci\u00f3n Ren\u00e9 Cassin concede <\/span><span class=\"OYPEnA font-feature-liga-off font-feature-clig-off font-feature-calt-off text-strikethrough-none text-decoration-underline\">un n\u00famero limitado de ayudas financieras a los participantes que las soliciten. La solicitud debe realizarse en el momento de la inscripci\u00f3n en la p\u00e1gina web de la Fundaci\u00f3n y debe ir obligatoriamente acompa\u00f1ada de todos los documentos justificativos necesarios:<br \/>\n<strong>\u2013 CV,<br \/>\n\u2013 Copia del diploma o justificante de inscripci\u00f3n en la universidad,<br \/>\n\u2013 Carta de motivaci\u00f3n,<br \/>\n\u2013 Dos cartas de recomendaci\u00f3n.<\/strong> <\/span><\/p>\n<p style=\"text-align: justify;\">Debido al n\u00famero limitado de ayudas financieras que la Fundaci\u00f3n puede otorgar, se recomienda encarecidamente a los participantes ponerse en contacto con agencias gubernamentales e intergubernamentales, organizaciones internacionales, instituciones acad\u00e9micas, diversas fundaciones u organismos y posibles donantes que puedan proporcionarles apoyo financiero (le invitamos a consultar el folleto informativo anterior para obtener m\u00e1s opciones de financiaci\u00f3n complementaria).<\/p>\n<hr>\n<h3><strong>Sello de certificaci\u00f3n QUALIOPI<\/strong><\/h3>\n<p style=\"text-align: justify;\">Desde junio de 2022, la Fundaci\u00f3n Ren\u00e9 Cassin posee el <strong>sello QUALIOPI<\/strong> para sus actividades de formaci\u00f3n, tras una auditor\u00eda realizada por APAVE, organismo autorizado. Esto significa que la 54\u00aa Sesi\u00f3n de Verano puede optar a la financiaci\u00f3n de los OPCO. Para hacer uso de sus derechos, p\u00f3ngase en contacto con su empleador.  <\/p>\n<p style=\"text-align: justify;\">La formaci\u00f3n tambi\u00e9n puede estar cubierta por KAIROS &#8211; France Travail.<\/p>\n<p style=\"text-align: justify;\">Sin embargo, no es subvencionable con cargo a la Cuenta Personal de Formaci\u00f3n (CPF).<\/p>\n<hr>\n<h3 class=\"fusion-responsive-typography-calculated\" style=\"text-align: justify; --fontsize: 30; line-height: 1.4;\" data-fontsize=\"30\" data-lineheight=\"42px\"><span style=\"text-decoration: underline;\"><strong>Alojamiento:<\/strong><\/span><\/h3>\n<p class=\"cvGsUA direction-ltr align-justify para-style-body\" style=\"text-align: justify;\">Se le ofrece alojamiento en una residencia universitaria cuando realice su solicitud de admisi\u00f3n en l\u00ednea. Tenga en cuenta que la reserva se efect\u00faa de s\u00e1bado a viernes (inclusive). <span class=\"OYPEnA font-feature-liga-off font-feature-clig-off font-feature-calt-off text-decoration-none text-strikethrough-none\">Las noches adicionales corren por su cuenta. No se reembolsar\u00e1 ninguna cantidad pagada por el alojamiento. La Fundaci\u00f3n no se hace responsable de las dificultades relacionadas con las condiciones de alojamiento, que son responsabilidad de la residencia.  <\/span><\/p>\n<p style=\"text-align: justify;\">Existe la posibilidad de reservar alojamiento con tarifa preferente en la Residencia Universitaria CROUS Paul Appell, en habitaci\u00f3n individual (sin desayuno).<\/p>\n<p>&nbsp;<\/p>\n<hr>\n<h3 class=\"fusion-responsive-typography-calculated\" style=\"text-align: justify; --fontsize: 30; line-height: 1.4;\" data-fontsize=\"30\" data-lineheight=\"42px\"><span style=\"text-decoration: underline;\"><strong>Accesibilidad<\/strong><\/span><\/h3>\n<p style=\"text-align: justify;\">La Fundaci\u00f3n Ren\u00e9 Cassin \u2013 Instituto Internacional de Derechos Humanos presta especial atenci\u00f3n a la acogida de las personas con discapacidad.<\/p>\n<p style=\"text-align: justify;\">Se compromete a:<\/p>\n<ul style=\"text-align: justify;\">\n<li>Sensibilizar a todo el equipo (administrativo y pedag\u00f3gico, asalariado y voluntario) sobre las cuestiones relacionadas con la acogida de una persona con discapacidad o con menor autonom\u00eda.<\/li>\n<li>Acoger y tener en cuenta las solicitudes de las personas con discapacidad sin discriminaci\u00f3n.<\/li>\n<li>Acoger y tener en cuenta las solicitudes de las personas con discapacidad sin discriminaci\u00f3n.<\/li>\n<\/ul>\n<p style=\"text-align: justify;\">No dude en ponerse en contacto con la persona de referencia para discapacidad, la Sra. Val\u00e9rie BAUD-CANDAU, a trav\u00e9s del siguiente correo electr\u00f3nico: <a href=\"mailto:session@iidh.org\">session@iidh.org.<\/a><\/p>\n<p style=\"text-align: justify;\">Sus misiones son las siguientes:<\/p>\n<ul>\n<li style=\"text-align: justify;\">Acoger, escuchar y evaluar las necesidades espec\u00edficas relacionadas con la discapacidad.<\/li>\n<li style=\"text-align: justify;\">Orientar a la persona con discapacidad hacia los socios competentes, como la AGEFIPH, para posibles ayudas o apoyos.<\/li>\n<li style=\"text-align: justify;\">Garantizar la viabilidad y, en su caso, la implementaci\u00f3n de los ajustes pedag\u00f3gicos y\/o las adaptaciones organizativas y materiales necesarias.<\/li>\n<\/ul>\n<hr>\n<h3 class=\"fusion-responsive-typography-calculated\" style=\"text-align: justify; --fontsize: 30; line-height: 1.4;\" data-fontsize=\"30\" data-lineheight=\"42px\"><span style=\"text-decoration: underline;\"><strong>Reglamento interno, derechos de imagen y protecci\u00f3n de datos personales:<\/strong><\/span><\/h3>\n<p style=\"text-align: justify;\">Invitamos a nuestros participantes a leer el <strong><a href=\"https:\/\/www.iidh.org\/wp-content\/uploads\/2023\/10\/Reglement-interieur.pdf\">Reglamento<\/a><\/strong>que se aplican a todas las actividades de la Fundaci\u00f3n Ren\u00e9 Cassin, as\u00ed como la legislaci\u00f3n vigente relativa a su <strong><a href=\"https:\/\/www.iidh.org\/wp-content\/uploads\/2023\/10\/Autorisation-droit-a-limage-protection-des-donnees.pdf\">y la protecci\u00f3n de sus datos personales.<\/a><\/strong><\/p>\n<\/div><script type=\"text\/javascript\" src=\"https:\/\/form.jotform.com\/jsform\/253172033727352\"><\/script><\/div><\/div><\/div><\/div>\n","protected":false},"excerpt":{"rendered":"","protected":false},"author":2,"featured_media":7160,"comment_status":"closed","ping_status":"closed","sticky":false,"template":"","format":"standard","meta":{"footnotes":""},"categories":[97],"tags":[],"class_list":["post-6826","post","type-post","status-publish","format-standard","has-post-thumbnail","hentry","category-sesiones-en-francia"],"yoast_head":"<!-- This site is optimized with the Yoast SEO plugin v27.5 - https:\/\/yoast.com\/product\/yoast-seo-wordpress\/ -->\n<title>55\u00e8me Session d&#039;\u00e9t\u00e9 du 29 juin au 24 juillet 2026 - Droits de l&#039;homme et esprit de r\u00e9sistance - Fondation Ren\u00e9 CASSIN<\/title>\n<meta name=\"description\" content=\"Formaci\u00f3n en Derecho internacional de los derechos humanos, Derecho internacional humanitario y Derecho penal internacional.\" \/>\n<meta name=\"robots\" content=\"index, follow, max-snippet:-1, max-image-preview:large, max-video-preview:-1\" \/>\n<link rel=\"canonical\" href=\"https:\/\/www.iidh.org\/es\/55a-sesion-de-verano-del-29-de-junio-al-24-de-julio-de-2026-derechos-humanos-y-espacios-de-resistencia\/\" \/>\n<meta property=\"og:locale\" content=\"es_ES\" \/>\n<meta property=\"og:type\" content=\"article\" \/>\n<meta property=\"og:title\" content=\"55\u00e8me Session d&#039;\u00e9t\u00e9 du 29 juin au 24 juillet 2026 - Droits de l&#039;homme et esprit de r\u00e9sistance - Fondation Ren\u00e9 CASSIN\" \/>\n<meta property=\"og:description\" content=\"Formaci\u00f3n en Derecho internacional de los derechos humanos, Derecho internacional humanitario y Derecho penal internacional.\" \/>\n<meta property=\"og:url\" content=\"https:\/\/www.iidh.org\/es\/55a-sesion-de-verano-del-29-de-junio-al-24-de-julio-de-2026-derechos-humanos-y-espacios-de-resistencia\/\" \/>\n<meta property=\"og:site_name\" content=\"Fondation Ren\u00e9 CASSIN\" \/>\n<meta property=\"article:publisher\" content=\"https:\/\/www.facebook.com\/FondationReneCassin\/\" \/>\n<meta property=\"article:published_time\" content=\"2025-11-24T13:49:57+00:00\" \/>\n<meta property=\"article:modified_time\" content=\"2026-03-24T14:00:20+00:00\" \/>\n<meta property=\"og:image\" content=\"https:\/\/www.iidh.org\/wp-content\/uploads\/2025\/11\/Copie-de-Affiche-Session-dete-2025-2-724x1024.png\" \/>\n\t<meta property=\"og:image:width\" content=\"724\" \/>\n\t<meta property=\"og:image:height\" content=\"1024\" \/>\n\t<meta property=\"og:image:type\" content=\"image\/png\" \/>\n<meta name=\"author\" content=\"iidh\" \/>\n<meta name=\"twitter:card\" content=\"summary_large_image\" \/>\n<meta name=\"twitter:creator\" content=\"@IIDHStrasbourg\" \/>\n<meta name=\"twitter:site\" content=\"@IIDHStrasbourg\" \/>\n<meta name=\"twitter:label1\" content=\"Escrito por\" \/>\n\t<meta name=\"twitter:data1\" content=\"iidh\" \/>\n\t<meta name=\"twitter:label2\" content=\"Tiempo de lectura\" \/>\n\t<meta name=\"twitter:data2\" content=\"6 minutos\" \/>\n<script type=\"application\/ld+json\" class=\"yoast-schema-graph\">{\"@context\":\"https:\\\/\\\/schema.org\",\"@graph\":[{\"@type\":\"Article\",\"@id\":\"https:\\\/\\\/www.iidh.org\\\/es\\\/55a-sesion-de-verano-del-29-de-junio-al-24-de-julio-de-2026-derechos-humanos-y-espacios-de-resistencia\\\/#article\",\"isPartOf\":{\"@id\":\"https:\\\/\\\/www.iidh.org\\\/es\\\/55a-sesion-de-verano-del-29-de-junio-al-24-de-julio-de-2026-derechos-humanos-y-espacios-de-resistencia\\\/\"},\"author\":{\"name\":\"iidh\",\"@id\":\"https:\\\/\\\/www.iidh.org\\\/es\\\/#\\\/schema\\\/person\\\/b11ebaff7344b9379adfa42046c36b7b\"},\"headline\":\"55\u00e8me Session d&#8217;\u00e9t\u00e9 du 29 juin au 24 juillet 2026 &#8211; Droits de l&#8217;homme et esprit de r\u00e9sistance\",\"datePublished\":\"2025-11-24T13:49:57+00:00\",\"dateModified\":\"2026-03-24T14:00:20+00:00\",\"mainEntityOfPage\":{\"@id\":\"https:\\\/\\\/www.iidh.org\\\/es\\\/55a-sesion-de-verano-del-29-de-junio-al-24-de-julio-de-2026-derechos-humanos-y-espacios-de-resistencia\\\/\"},\"wordCount\":1371,\"publisher\":{\"@id\":\"https:\\\/\\\/www.iidh.org\\\/es\\\/#organization\"},\"image\":{\"@id\":\"https:\\\/\\\/www.iidh.org\\\/es\\\/55a-sesion-de-verano-del-29-de-junio-al-24-de-julio-de-2026-derechos-humanos-y-espacios-de-resistencia\\\/#primaryimage\"},\"thumbnailUrl\":\"https:\\\/\\\/www.iidh.org\\\/wp-content\\\/uploads\\\/2025\\\/11\\\/Copie-de-Affiche-Session-dete-2025-2.png\",\"articleSection\":[\"Sesiones en Francia\"],\"inLanguage\":\"es\"},{\"@type\":\"WebPage\",\"@id\":\"https:\\\/\\\/www.iidh.org\\\/es\\\/55a-sesion-de-verano-del-29-de-junio-al-24-de-julio-de-2026-derechos-humanos-y-espacios-de-resistencia\\\/\",\"url\":\"https:\\\/\\\/www.iidh.org\\\/es\\\/55a-sesion-de-verano-del-29-de-junio-al-24-de-julio-de-2026-derechos-humanos-y-espacios-de-resistencia\\\/\",\"name\":\"55\u00e8me Session d'\u00e9t\u00e9 du 29 juin au 24 juillet 2026 - Droits de l'homme et esprit de r\u00e9sistance - Fondation Ren\u00e9 CASSIN\",\"isPartOf\":{\"@id\":\"https:\\\/\\\/www.iidh.org\\\/es\\\/#website\"},\"primaryImageOfPage\":{\"@id\":\"https:\\\/\\\/www.iidh.org\\\/es\\\/55a-sesion-de-verano-del-29-de-junio-al-24-de-julio-de-2026-derechos-humanos-y-espacios-de-resistencia\\\/#primaryimage\"},\"image\":{\"@id\":\"https:\\\/\\\/www.iidh.org\\\/es\\\/55a-sesion-de-verano-del-29-de-junio-al-24-de-julio-de-2026-derechos-humanos-y-espacios-de-resistencia\\\/#primaryimage\"},\"thumbnailUrl\":\"https:\\\/\\\/www.iidh.org\\\/wp-content\\\/uploads\\\/2025\\\/11\\\/Copie-de-Affiche-Session-dete-2025-2.png\",\"datePublished\":\"2025-11-24T13:49:57+00:00\",\"dateModified\":\"2026-03-24T14:00:20+00:00\",\"description\":\"Formaci\u00f3n en Derecho internacional de los derechos humanos, Derecho internacional humanitario y Derecho penal internacional.\",\"breadcrumb\":{\"@id\":\"https:\\\/\\\/www.iidh.org\\\/es\\\/55a-sesion-de-verano-del-29-de-junio-al-24-de-julio-de-2026-derechos-humanos-y-espacios-de-resistencia\\\/#breadcrumb\"},\"inLanguage\":\"es\",\"potentialAction\":[{\"@type\":\"ReadAction\",\"target\":[\"https:\\\/\\\/www.iidh.org\\\/es\\\/55a-sesion-de-verano-del-29-de-junio-al-24-de-julio-de-2026-derechos-humanos-y-espacios-de-resistencia\\\/\"]}]},{\"@type\":\"ImageObject\",\"inLanguage\":\"es\",\"@id\":\"https:\\\/\\\/www.iidh.org\\\/es\\\/55a-sesion-de-verano-del-29-de-junio-al-24-de-julio-de-2026-derechos-humanos-y-espacios-de-resistencia\\\/#primaryimage\",\"url\":\"https:\\\/\\\/www.iidh.org\\\/wp-content\\\/uploads\\\/2025\\\/11\\\/Copie-de-Affiche-Session-dete-2025-2.png\",\"contentUrl\":\"https:\\\/\\\/www.iidh.org\\\/wp-content\\\/uploads\\\/2025\\\/11\\\/Copie-de-Affiche-Session-dete-2025-2.png\",\"width\":1587,\"height\":2245},{\"@type\":\"BreadcrumbList\",\"@id\":\"https:\\\/\\\/www.iidh.org\\\/es\\\/55a-sesion-de-verano-del-29-de-junio-al-24-de-julio-de-2026-derechos-humanos-y-espacios-de-resistencia\\\/#breadcrumb\",\"itemListElement\":[{\"@type\":\"ListItem\",\"position\":1,\"name\":\"Accueil\",\"item\":\"https:\\\/\\\/www.iidh.org\\\/es\\\/\"},{\"@type\":\"ListItem\",\"position\":2,\"name\":\"55\u00e8me Session d&#8217;\u00e9t\u00e9 du 29 juin au 24 juillet 2026 &#8211; Droits de l&#8217;homme et esprit de r\u00e9sistance\"}]},{\"@type\":\"WebSite\",\"@id\":\"https:\\\/\\\/www.iidh.org\\\/es\\\/#website\",\"url\":\"https:\\\/\\\/www.iidh.org\\\/es\\\/\",\"name\":\"Fondation Ren\u00e9 CASSIN\",\"description\":\"\",\"publisher\":{\"@id\":\"https:\\\/\\\/www.iidh.org\\\/es\\\/#organization\"},\"potentialAction\":[{\"@type\":\"SearchAction\",\"target\":{\"@type\":\"EntryPoint\",\"urlTemplate\":\"https:\\\/\\\/www.iidh.org\\\/es\\\/?s={search_term_string}\"},\"query-input\":{\"@type\":\"PropertyValueSpecification\",\"valueRequired\":true,\"valueName\":\"search_term_string\"}}],\"inLanguage\":\"es\"},{\"@type\":\"Organization\",\"@id\":\"https:\\\/\\\/www.iidh.org\\\/es\\\/#organization\",\"name\":\"Fondation Ren\u00e9 CASSIN\",\"url\":\"https:\\\/\\\/www.iidh.org\\\/es\\\/\",\"logo\":{\"@type\":\"ImageObject\",\"inLanguage\":\"es\",\"@id\":\"https:\\\/\\\/www.iidh.org\\\/es\\\/#\\\/schema\\\/logo\\\/image\\\/\",\"url\":\"https:\\\/\\\/www.iidh.org\\\/wp-content\\\/uploads\\\/2024\\\/09\\\/LOGO_FRC-rouge.svg\",\"contentUrl\":\"https:\\\/\\\/www.iidh.org\\\/wp-content\\\/uploads\\\/2024\\\/09\\\/LOGO_FRC-rouge.svg\",\"width\":699,\"height\":221,\"caption\":\"Fondation Ren\u00e9 CASSIN\"},\"image\":{\"@id\":\"https:\\\/\\\/www.iidh.org\\\/es\\\/#\\\/schema\\\/logo\\\/image\\\/\"},\"sameAs\":[\"https:\\\/\\\/www.facebook.com\\\/FondationReneCassin\\\/\",\"https:\\\/\\\/x.com\\\/IIDHStrasbourg\",\"https:\\\/\\\/www.instagram.com\\\/fondationrenecassin\\\/\"]},{\"@type\":\"Person\",\"@id\":\"https:\\\/\\\/www.iidh.org\\\/es\\\/#\\\/schema\\\/person\\\/b11ebaff7344b9379adfa42046c36b7b\",\"name\":\"iidh\"}]}<\/script>\n<!-- \/ Yoast SEO plugin. -->","yoast_head_json":{"title":"55\u00e8me Session d'\u00e9t\u00e9 du 29 juin au 24 juillet 2026 - Droits de l'homme et esprit de r\u00e9sistance - Fondation Ren\u00e9 CASSIN","description":"Formaci\u00f3n en Derecho internacional de los derechos humanos, Derecho internacional humanitario y Derecho penal internacional.","robots":{"index":"index","follow":"follow","max-snippet":"max-snippet:-1","max-image-preview":"max-image-preview:large","max-video-preview":"max-video-preview:-1"},"canonical":"https:\/\/www.iidh.org\/es\/55a-sesion-de-verano-del-29-de-junio-al-24-de-julio-de-2026-derechos-humanos-y-espacios-de-resistencia\/","og_locale":"es_ES","og_type":"article","og_title":"55\u00e8me Session d'\u00e9t\u00e9 du 29 juin au 24 juillet 2026 - Droits de l'homme et esprit de r\u00e9sistance - Fondation Ren\u00e9 CASSIN","og_description":"Formaci\u00f3n en Derecho internacional de los derechos humanos, Derecho internacional humanitario y Derecho penal internacional.","og_url":"https:\/\/www.iidh.org\/es\/55a-sesion-de-verano-del-29-de-junio-al-24-de-julio-de-2026-derechos-humanos-y-espacios-de-resistencia\/","og_site_name":"Fondation Ren\u00e9 CASSIN","article_publisher":"https:\/\/www.facebook.com\/FondationReneCassin\/","article_published_time":"2025-11-24T13:49:57+00:00","article_modified_time":"2026-03-24T14:00:20+00:00","og_image":[{"width":724,"height":1024,"url":"https:\/\/www.iidh.org\/wp-content\/uploads\/2025\/11\/Copie-de-Affiche-Session-dete-2025-2-724x1024.png","type":"image\/png"}],"author":"iidh","twitter_card":"summary_large_image","twitter_creator":"@IIDHStrasbourg","twitter_site":"@IIDHStrasbourg","twitter_misc":{"Escrito por":"iidh","Tiempo de lectura":"6 minutos"},"schema":{"@context":"https:\/\/schema.org","@graph":[{"@type":"Article","@id":"https:\/\/www.iidh.org\/es\/55a-sesion-de-verano-del-29-de-junio-al-24-de-julio-de-2026-derechos-humanos-y-espacios-de-resistencia\/#article","isPartOf":{"@id":"https:\/\/www.iidh.org\/es\/55a-sesion-de-verano-del-29-de-junio-al-24-de-julio-de-2026-derechos-humanos-y-espacios-de-resistencia\/"},"author":{"name":"iidh","@id":"https:\/\/www.iidh.org\/es\/#\/schema\/person\/b11ebaff7344b9379adfa42046c36b7b"},"headline":"55\u00e8me Session d&#8217;\u00e9t\u00e9 du 29 juin au 24 juillet 2026 &#8211; Droits de l&#8217;homme et esprit de r\u00e9sistance","datePublished":"2025-11-24T13:49:57+00:00","dateModified":"2026-03-24T14:00:20+00:00","mainEntityOfPage":{"@id":"https:\/\/www.iidh.org\/es\/55a-sesion-de-verano-del-29-de-junio-al-24-de-julio-de-2026-derechos-humanos-y-espacios-de-resistencia\/"},"wordCount":1371,"publisher":{"@id":"https:\/\/www.iidh.org\/es\/#organization"},"image":{"@id":"https:\/\/www.iidh.org\/es\/55a-sesion-de-verano-del-29-de-junio-al-24-de-julio-de-2026-derechos-humanos-y-espacios-de-resistencia\/#primaryimage"},"thumbnailUrl":"https:\/\/www.iidh.org\/wp-content\/uploads\/2025\/11\/Copie-de-Affiche-Session-dete-2025-2.png","articleSection":["Sesiones en Francia"],"inLanguage":"es"},{"@type":"WebPage","@id":"https:\/\/www.iidh.org\/es\/55a-sesion-de-verano-del-29-de-junio-al-24-de-julio-de-2026-derechos-humanos-y-espacios-de-resistencia\/","url":"https:\/\/www.iidh.org\/es\/55a-sesion-de-verano-del-29-de-junio-al-24-de-julio-de-2026-derechos-humanos-y-espacios-de-resistencia\/","name":"55\u00e8me Session d'\u00e9t\u00e9 du 29 juin au 24 juillet 2026 - Droits de l'homme et esprit de r\u00e9sistance - Fondation Ren\u00e9 CASSIN","isPartOf":{"@id":"https:\/\/www.iidh.org\/es\/#website"},"primaryImageOfPage":{"@id":"https:\/\/www.iidh.org\/es\/55a-sesion-de-verano-del-29-de-junio-al-24-de-julio-de-2026-derechos-humanos-y-espacios-de-resistencia\/#primaryimage"},"image":{"@id":"https:\/\/www.iidh.org\/es\/55a-sesion-de-verano-del-29-de-junio-al-24-de-julio-de-2026-derechos-humanos-y-espacios-de-resistencia\/#primaryimage"},"thumbnailUrl":"https:\/\/www.iidh.org\/wp-content\/uploads\/2025\/11\/Copie-de-Affiche-Session-dete-2025-2.png","datePublished":"2025-11-24T13:49:57+00:00","dateModified":"2026-03-24T14:00:20+00:00","description":"Formaci\u00f3n en Derecho internacional de los derechos humanos, Derecho internacional humanitario y Derecho penal internacional.","breadcrumb":{"@id":"https:\/\/www.iidh.org\/es\/55a-sesion-de-verano-del-29-de-junio-al-24-de-julio-de-2026-derechos-humanos-y-espacios-de-resistencia\/#breadcrumb"},"inLanguage":"es","potentialAction":[{"@type":"ReadAction","target":["https:\/\/www.iidh.org\/es\/55a-sesion-de-verano-del-29-de-junio-al-24-de-julio-de-2026-derechos-humanos-y-espacios-de-resistencia\/"]}]},{"@type":"ImageObject","inLanguage":"es","@id":"https:\/\/www.iidh.org\/es\/55a-sesion-de-verano-del-29-de-junio-al-24-de-julio-de-2026-derechos-humanos-y-espacios-de-resistencia\/#primaryimage","url":"https:\/\/www.iidh.org\/wp-content\/uploads\/2025\/11\/Copie-de-Affiche-Session-dete-2025-2.png","contentUrl":"https:\/\/www.iidh.org\/wp-content\/uploads\/2025\/11\/Copie-de-Affiche-Session-dete-2025-2.png","width":1587,"height":2245},{"@type":"BreadcrumbList","@id":"https:\/\/www.iidh.org\/es\/55a-sesion-de-verano-del-29-de-junio-al-24-de-julio-de-2026-derechos-humanos-y-espacios-de-resistencia\/#breadcrumb","itemListElement":[{"@type":"ListItem","position":1,"name":"Accueil","item":"https:\/\/www.iidh.org\/es\/"},{"@type":"ListItem","position":2,"name":"55\u00e8me Session d&#8217;\u00e9t\u00e9 du 29 juin au 24 juillet 2026 &#8211; Droits de l&#8217;homme et esprit de r\u00e9sistance"}]},{"@type":"WebSite","@id":"https:\/\/www.iidh.org\/es\/#website","url":"https:\/\/www.iidh.org\/es\/","name":"Fondation Ren\u00e9 CASSIN","description":"","publisher":{"@id":"https:\/\/www.iidh.org\/es\/#organization"},"potentialAction":[{"@type":"SearchAction","target":{"@type":"EntryPoint","urlTemplate":"https:\/\/www.iidh.org\/es\/?s={search_term_string}"},"query-input":{"@type":"PropertyValueSpecification","valueRequired":true,"valueName":"search_term_string"}}],"inLanguage":"es"},{"@type":"Organization","@id":"https:\/\/www.iidh.org\/es\/#organization","name":"Fondation Ren\u00e9 CASSIN","url":"https:\/\/www.iidh.org\/es\/","logo":{"@type":"ImageObject","inLanguage":"es","@id":"https:\/\/www.iidh.org\/es\/#\/schema\/logo\/image\/","url":"https:\/\/www.iidh.org\/wp-content\/uploads\/2024\/09\/LOGO_FRC-rouge.svg","contentUrl":"https:\/\/www.iidh.org\/wp-content\/uploads\/2024\/09\/LOGO_FRC-rouge.svg","width":699,"height":221,"caption":"Fondation Ren\u00e9 CASSIN"},"image":{"@id":"https:\/\/www.iidh.org\/es\/#\/schema\/logo\/image\/"},"sameAs":["https:\/\/www.facebook.com\/FondationReneCassin\/","https:\/\/x.com\/IIDHStrasbourg","https:\/\/www.instagram.com\/fondationrenecassin\/"]},{"@type":"Person","@id":"https:\/\/www.iidh.org\/es\/#\/schema\/person\/b11ebaff7344b9379adfa42046c36b7b","name":"iidh"}]}},"_links":{"self":[{"href":"https:\/\/www.iidh.org\/es\/wp-json\/wp\/v2\/posts\/6826","targetHints":{"allow":["GET"]}}],"collection":[{"href":"https:\/\/www.iidh.org\/es\/wp-json\/wp\/v2\/posts"}],"about":[{"href":"https:\/\/www.iidh.org\/es\/wp-json\/wp\/v2\/types\/post"}],"author":[{"embeddable":true,"href":"https:\/\/www.iidh.org\/es\/wp-json\/wp\/v2\/users\/2"}],"replies":[{"embeddable":true,"href":"https:\/\/www.iidh.org\/es\/wp-json\/wp\/v2\/comments?post=6826"}],"version-history":[{"count":6,"href":"https:\/\/www.iidh.org\/es\/wp-json\/wp\/v2\/posts\/6826\/revisions"}],"predecessor-version":[{"id":7255,"href":"https:\/\/www.iidh.org\/es\/wp-json\/wp\/v2\/posts\/6826\/revisions\/7255"}],"wp:featuredmedia":[{"embeddable":true,"href":"https:\/\/www.iidh.org\/es\/wp-json\/wp\/v2\/media\/7160"}],"wp:attachment":[{"href":"https:\/\/www.iidh.org\/es\/wp-json\/wp\/v2\/media?parent=6826"}],"wp:term":[{"taxonomy":"category","embeddable":true,"href":"https:\/\/www.iidh.org\/es\/wp-json\/wp\/v2\/categories?post=6826"},{"taxonomy":"post_tag","embeddable":true,"href":"https:\/\/www.iidh.org\/es\/wp-json\/wp\/v2\/tags?post=6826"}],"curies":[{"name":"wp","href":"https:\/\/api.w.org\/{rel}","templated":true}]}}