{"id":6889,"date":"2025-10-27T17:35:21","date_gmt":"2025-10-27T15:35:21","guid":{"rendered":"https:\/\/www.iidh.org\/formacion-profesional-continua-remision-al-tribunal-europeo-de-derechos-humanos\/"},"modified":"2025-12-22T12:27:37","modified_gmt":"2025-12-22T10:27:37","slug":"formacion-profesional-continua-remision-al-tribunal-europeo-de-derechos-humanos","status":"publish","type":"post","link":"https:\/\/www.iidh.org\/es\/formacion-profesional-continua-remision-al-tribunal-europeo-de-derechos-humanos\/","title":{"rendered":"Formaci\u00f3n profesional continua &#8211; Remisi\u00f3n al Tribunal Europeo de Derechos Humanos"},"content":{"rendered":"<div class=\"fusion-fullwidth fullwidth-box fusion-builder-row-1 fusion-flex-container nonhundred-percent-fullwidth non-hundred-percent-height-scrolling\" style=\"--awb-border-radius-top-left:0px;--awb-border-radius-top-right:0px;--awb-border-radius-bottom-right:0px;--awb-border-radius-bottom-left:0px;--awb-flex-wrap:wrap;\" ><div class=\"fusion-builder-row fusion-row fusion-flex-align-items-flex-start fusion-flex-content-wrap\" style=\"max-width:1248px;margin-left: calc(-4% \/ 2 );margin-right: calc(-4% \/ 2 );\"><div class=\"fusion-layout-column fusion_builder_column fusion-builder-column-0 fusion_builder_column_1_1 1_1 fusion-flex-column\" style=\"--awb-bg-size:cover;--awb-width-large:100%;--awb-margin-top-large:0px;--awb-spacing-right-large:1.92%;--awb-margin-bottom-large:0px;--awb-spacing-left-large:1.92%;--awb-width-medium:100%;--awb-spacing-right-medium:1.92%;--awb-spacing-left-medium:1.92%;--awb-width-small:100%;--awb-spacing-right-small:1.92%;--awb-spacing-left-small:1.92%;\"><div class=\"fusion-column-wrapper fusion-flex-justify-content-flex-start fusion-content-layout-column\"><div class=\"fusion-text fusion-text-1\"><p style=\"text-align: justify;\" data-start=\"391\" data-end=\"904\"><strong data-start=\"909\" data-end=\"981\">La Fundaci\u00f3n Ren\u00e9 Cassin &#8211; Instituto Internacional de Derechos <\/strong>Humanos ofrece un curso de formaci\u00f3n concebido para proporcionar a los abogados y a otras personas interesadas conocimientos y consejos muy pr\u00e1cticos que les ayuden a comprender mejor y mejorar sus posibilidades de \u00e9xito en los recursos ante el Tribunal Europeo de Derechos Humanos.<\/p>\n<p style=\"text-align: justify;\" data-start=\"391\" data-end=\"904\">El curso ser\u00e1 impartido por Anna Glazewski, profesora de la Facultad de Derecho de la Universidad de Estrasburgo, y Mathilde Franssen, abogada del Colegio de Abogados de Lieja, ambas han trabajado como abogadas en el Tribunal Europeo de Derechos Humanos. Se estructurar\u00e1 en torno a las preguntas y expectativas de los participantes, en un formato interactivo. <\/p>\n<p>Para m\u00e1s informaci\u00f3n, consulta nuestro<a href=\"https:\/\/www.iidh.org\/wp-content\/uploads\/2025\/10\/Plaquette-formation-CEDH-8-decembre-2025.pdf\"> <span style=\"text-decoration: underline;\"><strong>Folleto de presentaci\u00f3n<\/strong><\/span><span style=\"text-decoration: underline;\"><strong>.<\/strong><\/span><\/a><\/p>\n<h3><strong>\u00bfCU\u00c1NDO Y C\u00d3MO?<\/strong><\/h3>\n<p>El curso de formaci\u00f3n propuesto tendr\u00e1 lugar \u00fanicamente por videoconferencia, <strong>el 8 de diciembre de 2025<\/strong>, <strong>de 9.00 a 12.30 horas<\/strong>.<\/p>\n<p>Puede seguirse en directo en la plataforma TEAMS o como repetici\u00f3n (con cursos disponibles en un plazo m\u00e1ximo de 48 horas).<\/p>\n<p>El <strong>10 de diciembre de 2025, de 10.00 a 10.30 horas <\/strong>, se ofrecer\u00e1 una <strong>evaluaci\u00f3n en l\u00ednea del aprendizaje previo<\/strong> en forma de cuestionario de opciones m\u00faltiples <strong>. <\/strong>Es obligatorio para las personas inscritas a trav\u00e9s de su operador de competencias (OPCO).<\/p>\n<p>Se entregar\u00e1 un<strong> certificado de asistencia<\/strong> a todos los participantes.<\/p>\n<h3><strong>\u00bfPARA QUI\u00c9N ES?<\/strong><\/h3>\n<p>Este curso est\u00e1 abierto a todos los interesados y es de especial inter\u00e9s para abogados y estudiantes que se preparan para el CRFPA.<\/p>\n<h3><strong>\u00bfQU\u00c9 TASA?<\/strong><\/h3>\n<p>La cuota de inscripci\u00f3n para este curso es de <strong>210 euros<\/strong>. La tarifa de abogado joven (menos de dos a\u00f1os de colegiaci\u00f3n) es de <g id=\"gid_1\">145 euros<\/g>. Estas tasas no son reembolsables.  <\/p>\n<p>Los pagos se realizan directamente a continuaci\u00f3n a trav\u00e9s de nuestro sitio web mediante tarjeta de cr\u00e9dito o Paypal (si tienes alguna dificultad con estos m\u00e9todos de pago, ponte en contacto con nosotros para que podamos ofrecerte una soluci\u00f3n).<\/p>\n<p><strong>El plazo de inscripci\u00f3n finaliza a medianoche (hora francesa) del 4 de diciembre de 2025.  <\/strong><\/p>\n<\/div><script type=\"text\/javascript\" src=\"https:\/\/pci.jotform.com\/jsform\/252994929117370\"><\/script><\/div><\/div><\/div><\/div>\n","protected":false},"excerpt":{"rendered":"","protected":false},"author":2,"featured_media":6808,"comment_status":"open","ping_status":"closed","sticky":false,"template":"","format":"standard","meta":{"footnotes":""},"categories":[99],"tags":[],"class_list":["post-6889","post","type-post","status-publish","format-standard","has-post-thumbnail","hentry","category-sesiones-completadas"],"yoast_head":"<!-- This site is optimized with the Yoast SEO plugin v27.5 - https:\/\/yoast.com\/product\/yoast-seo-wordpress\/ -->\n<title>Derecho Penal Internacional 2025<\/title>\n<meta name=\"description\" content=\"Formaci\u00f3n en derecho de los refugiados dise\u00f1ada para presentar las \u00faltimas reformas europeas en materia de derecho de asilo y migraci\u00f3n.\" \/>\n<meta name=\"robots\" content=\"index, follow, max-snippet:-1, max-image-preview:large, max-video-preview:-1\" \/>\n<link rel=\"canonical\" href=\"https:\/\/www.iidh.org\/es\/formacion-profesional-continua-remision-al-tribunal-europeo-de-derechos-humanos\/\" \/>\n<meta property=\"og:locale\" content=\"es_ES\" \/>\n<meta property=\"og:type\" content=\"article\" \/>\n<meta property=\"og:title\" content=\"Derecho Penal Internacional 2025\" \/>\n<meta property=\"og:description\" content=\"Formaci\u00f3n en derecho de los refugiados dise\u00f1ada para presentar las \u00faltimas reformas europeas en materia de derecho de asilo y migraci\u00f3n.\" \/>\n<meta property=\"og:url\" content=\"https:\/\/www.iidh.org\/es\/formacion-profesional-continua-remision-al-tribunal-europeo-de-derechos-humanos\/\" \/>\n<meta property=\"og:site_name\" content=\"Fondation Ren\u00e9 CASSIN\" \/>\n<meta property=\"article:publisher\" content=\"https:\/\/www.facebook.com\/FondationReneCassin\/\" \/>\n<meta property=\"article:published_time\" content=\"2025-10-27T15:35:21+00:00\" \/>\n<meta property=\"article:modified_time\" content=\"2025-12-22T10:27:37+00:00\" \/>\n<meta property=\"og:image\" content=\"https:\/\/www.iidh.org\/wp-content\/uploads\/2024\/10\/vignette-iidh.jpg\" \/>\n\t<meta property=\"og:image:width\" content=\"1200\" \/>\n\t<meta property=\"og:image:height\" content=\"675\" \/>\n\t<meta property=\"og:image:type\" content=\"image\/jpeg\" \/>\n<meta name=\"author\" content=\"iidh\" \/>\n<meta name=\"twitter:card\" content=\"summary_large_image\" \/>\n<meta name=\"twitter:creator\" content=\"@IIDHStrasbourg\" \/>\n<meta name=\"twitter:site\" content=\"@IIDHStrasbourg\" \/>\n<meta name=\"twitter:label1\" content=\"Escrito por\" \/>\n\t<meta name=\"twitter:data1\" content=\"iidh\" \/>\n\t<meta name=\"twitter:label2\" content=\"Tiempo de lectura\" \/>\n\t<meta name=\"twitter:data2\" content=\"3 minutos\" \/>\n<script type=\"application\/ld+json\" class=\"yoast-schema-graph\">{\"@context\":\"https:\\\/\\\/schema.org\",\"@graph\":[{\"@type\":\"Article\",\"@id\":\"https:\\\/\\\/www.iidh.org\\\/es\\\/formacion-profesional-continua-remision-al-tribunal-europeo-de-derechos-humanos\\\/#article\",\"isPartOf\":{\"@id\":\"https:\\\/\\\/www.iidh.org\\\/es\\\/formacion-profesional-continua-remision-al-tribunal-europeo-de-derechos-humanos\\\/\"},\"author\":{\"name\":\"iidh\",\"@id\":\"https:\\\/\\\/www.iidh.org\\\/es\\\/#\\\/schema\\\/person\\\/b11ebaff7344b9379adfa42046c36b7b\"},\"headline\":\"Formaci\u00f3n profesional continua &#8211; Remisi\u00f3n al Tribunal Europeo de Derechos Humanos\",\"datePublished\":\"2025-10-27T15:35:21+00:00\",\"dateModified\":\"2025-12-22T10:27:37+00:00\",\"mainEntityOfPage\":{\"@id\":\"https:\\\/\\\/www.iidh.org\\\/es\\\/formacion-profesional-continua-remision-al-tribunal-europeo-de-derechos-humanos\\\/\"},\"wordCount\":658,\"commentCount\":0,\"publisher\":{\"@id\":\"https:\\\/\\\/www.iidh.org\\\/es\\\/#organization\"},\"image\":{\"@id\":\"https:\\\/\\\/www.iidh.org\\\/es\\\/formacion-profesional-continua-remision-al-tribunal-europeo-de-derechos-humanos\\\/#primaryimage\"},\"thumbnailUrl\":\"https:\\\/\\\/www.iidh.org\\\/wp-content\\\/uploads\\\/2025\\\/10\\\/Page-de-garde-formation-CEDH-2025-1-pdf.jpg\",\"articleSection\":[\"Sesiones completadas\"],\"inLanguage\":\"es\",\"potentialAction\":[{\"@type\":\"CommentAction\",\"name\":\"Comment\",\"target\":[\"https:\\\/\\\/www.iidh.org\\\/es\\\/formacion-profesional-continua-remision-al-tribunal-europeo-de-derechos-humanos\\\/#respond\"]}]},{\"@type\":\"WebPage\",\"@id\":\"https:\\\/\\\/www.iidh.org\\\/es\\\/formacion-profesional-continua-remision-al-tribunal-europeo-de-derechos-humanos\\\/\",\"url\":\"https:\\\/\\\/www.iidh.org\\\/es\\\/formacion-profesional-continua-remision-al-tribunal-europeo-de-derechos-humanos\\\/\",\"name\":\"Derecho Penal Internacional 2025\",\"isPartOf\":{\"@id\":\"https:\\\/\\\/www.iidh.org\\\/es\\\/#website\"},\"primaryImageOfPage\":{\"@id\":\"https:\\\/\\\/www.iidh.org\\\/es\\\/formacion-profesional-continua-remision-al-tribunal-europeo-de-derechos-humanos\\\/#primaryimage\"},\"image\":{\"@id\":\"https:\\\/\\\/www.iidh.org\\\/es\\\/formacion-profesional-continua-remision-al-tribunal-europeo-de-derechos-humanos\\\/#primaryimage\"},\"thumbnailUrl\":\"https:\\\/\\\/www.iidh.org\\\/wp-content\\\/uploads\\\/2025\\\/10\\\/Page-de-garde-formation-CEDH-2025-1-pdf.jpg\",\"datePublished\":\"2025-10-27T15:35:21+00:00\",\"dateModified\":\"2025-12-22T10:27:37+00:00\",\"description\":\"Formaci\u00f3n en derecho de los refugiados dise\u00f1ada para presentar las \u00faltimas reformas europeas en materia de derecho de asilo y migraci\u00f3n.\",\"breadcrumb\":{\"@id\":\"https:\\\/\\\/www.iidh.org\\\/es\\\/formacion-profesional-continua-remision-al-tribunal-europeo-de-derechos-humanos\\\/#breadcrumb\"},\"inLanguage\":\"es\",\"potentialAction\":[{\"@type\":\"ReadAction\",\"target\":[\"https:\\\/\\\/www.iidh.org\\\/es\\\/formacion-profesional-continua-remision-al-tribunal-europeo-de-derechos-humanos\\\/\"]}]},{\"@type\":\"ImageObject\",\"inLanguage\":\"es\",\"@id\":\"https:\\\/\\\/www.iidh.org\\\/es\\\/formacion-profesional-continua-remision-al-tribunal-europeo-de-derechos-humanos\\\/#primaryimage\",\"url\":\"https:\\\/\\\/www.iidh.org\\\/wp-content\\\/uploads\\\/2025\\\/10\\\/Page-de-garde-formation-CEDH-2025-1-pdf.jpg\",\"contentUrl\":\"https:\\\/\\\/www.iidh.org\\\/wp-content\\\/uploads\\\/2025\\\/10\\\/Page-de-garde-formation-CEDH-2025-1-pdf.jpg\"},{\"@type\":\"BreadcrumbList\",\"@id\":\"https:\\\/\\\/www.iidh.org\\\/es\\\/formacion-profesional-continua-remision-al-tribunal-europeo-de-derechos-humanos\\\/#breadcrumb\",\"itemListElement\":[{\"@type\":\"ListItem\",\"position\":1,\"name\":\"Accueil\",\"item\":\"https:\\\/\\\/www.iidh.org\\\/es\\\/\"},{\"@type\":\"ListItem\",\"position\":2,\"name\":\"Formaci\u00f3n profesional continua &#8211; Remisi\u00f3n al Tribunal Europeo de Derechos Humanos\"}]},{\"@type\":\"WebSite\",\"@id\":\"https:\\\/\\\/www.iidh.org\\\/es\\\/#website\",\"url\":\"https:\\\/\\\/www.iidh.org\\\/es\\\/\",\"name\":\"Fondation Ren\u00e9 CASSIN\",\"description\":\"\",\"publisher\":{\"@id\":\"https:\\\/\\\/www.iidh.org\\\/es\\\/#organization\"},\"potentialAction\":[{\"@type\":\"SearchAction\",\"target\":{\"@type\":\"EntryPoint\",\"urlTemplate\":\"https:\\\/\\\/www.iidh.org\\\/es\\\/?s={search_term_string}\"},\"query-input\":{\"@type\":\"PropertyValueSpecification\",\"valueRequired\":true,\"valueName\":\"search_term_string\"}}],\"inLanguage\":\"es\"},{\"@type\":\"Organization\",\"@id\":\"https:\\\/\\\/www.iidh.org\\\/es\\\/#organization\",\"name\":\"Fondation Ren\u00e9 CASSIN\",\"url\":\"https:\\\/\\\/www.iidh.org\\\/es\\\/\",\"logo\":{\"@type\":\"ImageObject\",\"inLanguage\":\"es\",\"@id\":\"https:\\\/\\\/www.iidh.org\\\/es\\\/#\\\/schema\\\/logo\\\/image\\\/\",\"url\":\"https:\\\/\\\/www.iidh.org\\\/wp-content\\\/uploads\\\/2024\\\/09\\\/LOGO_FRC-rouge.svg\",\"contentUrl\":\"https:\\\/\\\/www.iidh.org\\\/wp-content\\\/uploads\\\/2024\\\/09\\\/LOGO_FRC-rouge.svg\",\"width\":699,\"height\":221,\"caption\":\"Fondation Ren\u00e9 CASSIN\"},\"image\":{\"@id\":\"https:\\\/\\\/www.iidh.org\\\/es\\\/#\\\/schema\\\/logo\\\/image\\\/\"},\"sameAs\":[\"https:\\\/\\\/www.facebook.com\\\/FondationReneCassin\\\/\",\"https:\\\/\\\/x.com\\\/IIDHStrasbourg\",\"https:\\\/\\\/www.instagram.com\\\/fondationrenecassin\\\/\"]},{\"@type\":\"Person\",\"@id\":\"https:\\\/\\\/www.iidh.org\\\/es\\\/#\\\/schema\\\/person\\\/b11ebaff7344b9379adfa42046c36b7b\",\"name\":\"iidh\"}]}<\/script>\n<!-- \/ Yoast SEO plugin. -->","yoast_head_json":{"title":"Derecho Penal Internacional 2025","description":"Formaci\u00f3n en derecho de los refugiados dise\u00f1ada para presentar las \u00faltimas reformas europeas en materia de derecho de asilo y migraci\u00f3n.","robots":{"index":"index","follow":"follow","max-snippet":"max-snippet:-1","max-image-preview":"max-image-preview:large","max-video-preview":"max-video-preview:-1"},"canonical":"https:\/\/www.iidh.org\/es\/formacion-profesional-continua-remision-al-tribunal-europeo-de-derechos-humanos\/","og_locale":"es_ES","og_type":"article","og_title":"Derecho Penal Internacional 2025","og_description":"Formaci\u00f3n en derecho de los refugiados dise\u00f1ada para presentar las \u00faltimas reformas europeas en materia de derecho de asilo y migraci\u00f3n.","og_url":"https:\/\/www.iidh.org\/es\/formacion-profesional-continua-remision-al-tribunal-europeo-de-derechos-humanos\/","og_site_name":"Fondation Ren\u00e9 CASSIN","article_publisher":"https:\/\/www.facebook.com\/FondationReneCassin\/","article_published_time":"2025-10-27T15:35:21+00:00","article_modified_time":"2025-12-22T10:27:37+00:00","og_image":[{"width":1200,"height":675,"url":"https:\/\/www.iidh.org\/wp-content\/uploads\/2024\/10\/vignette-iidh.jpg","type":"image\/jpeg"}],"author":"iidh","twitter_card":"summary_large_image","twitter_creator":"@IIDHStrasbourg","twitter_site":"@IIDHStrasbourg","twitter_misc":{"Escrito por":"iidh","Tiempo de lectura":"3 minutos"},"schema":{"@context":"https:\/\/schema.org","@graph":[{"@type":"Article","@id":"https:\/\/www.iidh.org\/es\/formacion-profesional-continua-remision-al-tribunal-europeo-de-derechos-humanos\/#article","isPartOf":{"@id":"https:\/\/www.iidh.org\/es\/formacion-profesional-continua-remision-al-tribunal-europeo-de-derechos-humanos\/"},"author":{"name":"iidh","@id":"https:\/\/www.iidh.org\/es\/#\/schema\/person\/b11ebaff7344b9379adfa42046c36b7b"},"headline":"Formaci\u00f3n profesional continua &#8211; Remisi\u00f3n al Tribunal Europeo de Derechos Humanos","datePublished":"2025-10-27T15:35:21+00:00","dateModified":"2025-12-22T10:27:37+00:00","mainEntityOfPage":{"@id":"https:\/\/www.iidh.org\/es\/formacion-profesional-continua-remision-al-tribunal-europeo-de-derechos-humanos\/"},"wordCount":658,"commentCount":0,"publisher":{"@id":"https:\/\/www.iidh.org\/es\/#organization"},"image":{"@id":"https:\/\/www.iidh.org\/es\/formacion-profesional-continua-remision-al-tribunal-europeo-de-derechos-humanos\/#primaryimage"},"thumbnailUrl":"https:\/\/www.iidh.org\/wp-content\/uploads\/2025\/10\/Page-de-garde-formation-CEDH-2025-1-pdf.jpg","articleSection":["Sesiones completadas"],"inLanguage":"es","potentialAction":[{"@type":"CommentAction","name":"Comment","target":["https:\/\/www.iidh.org\/es\/formacion-profesional-continua-remision-al-tribunal-europeo-de-derechos-humanos\/#respond"]}]},{"@type":"WebPage","@id":"https:\/\/www.iidh.org\/es\/formacion-profesional-continua-remision-al-tribunal-europeo-de-derechos-humanos\/","url":"https:\/\/www.iidh.org\/es\/formacion-profesional-continua-remision-al-tribunal-europeo-de-derechos-humanos\/","name":"Derecho Penal Internacional 2025","isPartOf":{"@id":"https:\/\/www.iidh.org\/es\/#website"},"primaryImageOfPage":{"@id":"https:\/\/www.iidh.org\/es\/formacion-profesional-continua-remision-al-tribunal-europeo-de-derechos-humanos\/#primaryimage"},"image":{"@id":"https:\/\/www.iidh.org\/es\/formacion-profesional-continua-remision-al-tribunal-europeo-de-derechos-humanos\/#primaryimage"},"thumbnailUrl":"https:\/\/www.iidh.org\/wp-content\/uploads\/2025\/10\/Page-de-garde-formation-CEDH-2025-1-pdf.jpg","datePublished":"2025-10-27T15:35:21+00:00","dateModified":"2025-12-22T10:27:37+00:00","description":"Formaci\u00f3n en derecho de los refugiados dise\u00f1ada para presentar las \u00faltimas reformas europeas en materia de derecho de asilo y migraci\u00f3n.","breadcrumb":{"@id":"https:\/\/www.iidh.org\/es\/formacion-profesional-continua-remision-al-tribunal-europeo-de-derechos-humanos\/#breadcrumb"},"inLanguage":"es","potentialAction":[{"@type":"ReadAction","target":["https:\/\/www.iidh.org\/es\/formacion-profesional-continua-remision-al-tribunal-europeo-de-derechos-humanos\/"]}]},{"@type":"ImageObject","inLanguage":"es","@id":"https:\/\/www.iidh.org\/es\/formacion-profesional-continua-remision-al-tribunal-europeo-de-derechos-humanos\/#primaryimage","url":"https:\/\/www.iidh.org\/wp-content\/uploads\/2025\/10\/Page-de-garde-formation-CEDH-2025-1-pdf.jpg","contentUrl":"https:\/\/www.iidh.org\/wp-content\/uploads\/2025\/10\/Page-de-garde-formation-CEDH-2025-1-pdf.jpg"},{"@type":"BreadcrumbList","@id":"https:\/\/www.iidh.org\/es\/formacion-profesional-continua-remision-al-tribunal-europeo-de-derechos-humanos\/#breadcrumb","itemListElement":[{"@type":"ListItem","position":1,"name":"Accueil","item":"https:\/\/www.iidh.org\/es\/"},{"@type":"ListItem","position":2,"name":"Formaci\u00f3n profesional continua &#8211; Remisi\u00f3n al Tribunal Europeo de Derechos Humanos"}]},{"@type":"WebSite","@id":"https:\/\/www.iidh.org\/es\/#website","url":"https:\/\/www.iidh.org\/es\/","name":"Fondation Ren\u00e9 CASSIN","description":"","publisher":{"@id":"https:\/\/www.iidh.org\/es\/#organization"},"potentialAction":[{"@type":"SearchAction","target":{"@type":"EntryPoint","urlTemplate":"https:\/\/www.iidh.org\/es\/?s={search_term_string}"},"query-input":{"@type":"PropertyValueSpecification","valueRequired":true,"valueName":"search_term_string"}}],"inLanguage":"es"},{"@type":"Organization","@id":"https:\/\/www.iidh.org\/es\/#organization","name":"Fondation Ren\u00e9 CASSIN","url":"https:\/\/www.iidh.org\/es\/","logo":{"@type":"ImageObject","inLanguage":"es","@id":"https:\/\/www.iidh.org\/es\/#\/schema\/logo\/image\/","url":"https:\/\/www.iidh.org\/wp-content\/uploads\/2024\/09\/LOGO_FRC-rouge.svg","contentUrl":"https:\/\/www.iidh.org\/wp-content\/uploads\/2024\/09\/LOGO_FRC-rouge.svg","width":699,"height":221,"caption":"Fondation Ren\u00e9 CASSIN"},"image":{"@id":"https:\/\/www.iidh.org\/es\/#\/schema\/logo\/image\/"},"sameAs":["https:\/\/www.facebook.com\/FondationReneCassin\/","https:\/\/x.com\/IIDHStrasbourg","https:\/\/www.instagram.com\/fondationrenecassin\/"]},{"@type":"Person","@id":"https:\/\/www.iidh.org\/es\/#\/schema\/person\/b11ebaff7344b9379adfa42046c36b7b","name":"iidh"}]}},"_links":{"self":[{"href":"https:\/\/www.iidh.org\/es\/wp-json\/wp\/v2\/posts\/6889","targetHints":{"allow":["GET"]}}],"collection":[{"href":"https:\/\/www.iidh.org\/es\/wp-json\/wp\/v2\/posts"}],"about":[{"href":"https:\/\/www.iidh.org\/es\/wp-json\/wp\/v2\/types\/post"}],"author":[{"embeddable":true,"href":"https:\/\/www.iidh.org\/es\/wp-json\/wp\/v2\/users\/2"}],"replies":[{"embeddable":true,"href":"https:\/\/www.iidh.org\/es\/wp-json\/wp\/v2\/comments?post=6889"}],"version-history":[{"count":0,"href":"https:\/\/www.iidh.org\/es\/wp-json\/wp\/v2\/posts\/6889\/revisions"}],"wp:featuredmedia":[{"embeddable":true,"href":"https:\/\/www.iidh.org\/es\/wp-json\/wp\/v2\/media\/6808"}],"wp:attachment":[{"href":"https:\/\/www.iidh.org\/es\/wp-json\/wp\/v2\/media?parent=6889"}],"wp:term":[{"taxonomy":"category","embeddable":true,"href":"https:\/\/www.iidh.org\/es\/wp-json\/wp\/v2\/categories?post=6889"},{"taxonomy":"post_tag","embeddable":true,"href":"https:\/\/www.iidh.org\/es\/wp-json\/wp\/v2\/tags?post=6889"}],"curies":[{"name":"wp","href":"https:\/\/api.w.org\/{rel}","templated":true}]}}