{"id":6940,"date":"2026-01-06T17:09:18","date_gmt":"2026-01-06T15:09:18","guid":{"rendered":"https:\/\/www.iidh.org\/formacion-en-derecho-penal-internacional-international-criminal-law-facing-technological-geopolitical-and-ecological-transformations-en-lengua-inglesa\/"},"modified":"2026-01-07T15:21:12","modified_gmt":"2026-01-07T13:21:12","slug":"formacion-en-derecho-penal-internacional-international-criminal-law-facing-technological-geopolitical-and-ecological-transformations-en-lengua-inglesa","status":"publish","type":"post","link":"https:\/\/www.iidh.org\/es\/formacion-en-derecho-penal-internacional-international-criminal-law-facing-technological-geopolitical-and-ecological-transformations-en-lengua-inglesa\/","title":{"rendered":"Formaci\u00f3n en Derecho Penal Internacional \u2013 International Criminal Law facing Technological, Geopolitical and Ecological Transformations (en lengua inglesa)"},"content":{"rendered":"<div class=\"fusion-fullwidth fullwidth-box fusion-builder-row-1 fusion-flex-container nonhundred-percent-fullwidth non-hundred-percent-height-scrolling\" style=\"--awb-border-radius-top-left:0px;--awb-border-radius-top-right:0px;--awb-border-radius-bottom-right:0px;--awb-border-radius-bottom-left:0px;--awb-flex-wrap:wrap;\" ><div class=\"fusion-builder-row fusion-row fusion-flex-align-items-flex-start fusion-flex-content-wrap\" style=\"max-width:1248px;margin-left: calc(-4% \/ 2 );margin-right: calc(-4% \/ 2 );\"><div class=\"fusion-layout-column fusion_builder_column fusion-builder-column-0 fusion_builder_column_1_1 1_1 fusion-flex-column\" style=\"--awb-bg-blend:overlay;--awb-bg-size:cover;--awb-width-large:100%;--awb-margin-top-large:0px;--awb-spacing-right-large:1.92%;--awb-margin-bottom-large:0px;--awb-spacing-left-large:1.92%;--awb-width-medium:100%;--awb-spacing-right-medium:1.92%;--awb-spacing-left-medium:1.92%;--awb-width-small:100%;--awb-spacing-right-small:1.92%;--awb-spacing-left-small:1.92%;\"><div class=\"fusion-column-wrapper fusion-flex-justify-content-flex-start fusion-content-layout-column\"><div class=\"fusion-text fusion-text-1\"><p style=\"text-align: justify;\">En un contexto de transformaciones r\u00e1pidas \u2014aceleraci\u00f3n tecnol\u00f3gica, renovadas tensiones geopol\u00edticas y urgencia ecol\u00f3gica\u2014 el derecho penal internacional se encuentra en un momento decisivo. \u00bfC\u00f3mo pueden las jurisdicciones internacionales integrar (y regular) el uso creciente de las tecnolog\u00edas digitales, la inteligencia artificial y las pruebas digitales? \u00bfC\u00f3mo preservar la legitimidad de la justicia penal internacional frente a las acusaciones de selectividad, las controversias de competencia y las presiones pol\u00edticas? \u00bfY qu\u00e9 respuestas jur\u00eddicas deben desarrollarse ante la aparici\u00f3n de los delitos ambientales y los debates contempor\u00e1neos sobre el ecocidio?   <\/p>\n<p style=\"text-align: justify;\">La <a href=\"http:\/\/www.iidh.org\">Fundaci\u00f3n Ren\u00e9 Cassin \u2013 Instituto Internacional de Derechos Humanos <\/a>ofrece una formaci\u00f3n intensiva de una semana, impartida en <strong>lengua inglesa<\/strong>, dedicada a la evoluci\u00f3n del derecho penal internacional frente a las transformaciones tecnol\u00f3gicas, geopol\u00edticas y ecol\u00f3gicas. Estructurada en torno a cinco jornadas tem\u00e1ticas, esta formaci\u00f3n combina intervenciones de expertos, intercambios cr\u00edticos y un enfoque prospectivo, con el fin de dotar a los participantes de las herramientas necesarias para comprender y analizar los desaf\u00edos actuales de la rendici\u00f3n de cuentas y la justicia internacional. <\/p>\n<p>Para m\u00e1s informaci\u00f3n, le invitamos a consultar nuestro <a href=\"https:\/\/www.iidh.org\/wp-content\/uploads\/2025\/12\/SANS-INTER-de-Formation-DIP-Anglophone-2026.pdf\"><strong>folleto de presentaci\u00f3n<\/strong><\/a>.<\/p>\n<h3>\u00bfCU\u00c1NDO Y C\u00d3MO?<\/h3>\n<p>La formaci\u00f3n <b>International Criminal Law facing Technological, Geopolitical and Ecological Transformations<\/b> se llevar\u00e1 a cabo a distancia del 16 al 20 de febrero de 2026. Las sesiones tendr\u00e1n lugar de lunes a viernes, de 15:00 a 18:00 (hora de Par\u00eds \u2013 UTC+1\/CET), a trav\u00e9s de Microsoft Teams. <\/p>\n<p style=\"text-align: justify;\">La formaci\u00f3n se desarrolla exclusivamente en l\u00ednea; por lo tanto, se recomienda disponer de un equipo inform\u00e1tico adecuado, as\u00ed como de una conexi\u00f3n a internet estable.<\/p>\n<p style=\"text-align: justify;\">Las sesiones estar\u00e1n disponibles en formato de replay, con los grabaciones puestas a disposici\u00f3n en un plazo m\u00e1ximo de 48 horas despu\u00e9s de cada sesi\u00f3n.<\/p>\n<p style=\"text-align: justify;\">Se llevar\u00e1 a cabo una evaluaci\u00f3n de conocimientos (cuestionario de opci\u00f3n m\u00faltiple) el martes 24 de febrero de 2026. Al finalizar la formaci\u00f3n, los participantes recibir\u00e1n un Certificado de Aprovechamiento (Certificate of Achievement) o un Certificado de Asistencia (Certificate of Attendance), seg\u00fan las modalidades previstas. <\/p>\n<h4><span style=\"text-decoration: underline;\">Programa (cinco jornadas tem\u00e1ticas):<\/span><\/h4>\n<ul>\n<li><strong>Lunes, 16 de febrero<\/strong> \u2013 Inteligencia artificial y justicia penal internacional: pruebas digitales, responsabilidad, sesgos y garant\u00edas procesales<\/li>\n<li><strong>Martes, 17 de febrero <\/strong>\u2013 La politizaci\u00f3n del derecho penal internacional: instrumentalizaci\u00f3n, contramedidas jurisdiccionales y diplomacia judicial<\/li>\n<li><strong>Mi\u00e9rcoles, 18 de febrero<\/strong> \u2013 Crisis de legitimidad: selectividad, universalidad, complementariedad y percepci\u00f3n de los \u00abdobles est\u00e1ndares\u00bb<\/li>\n<li><strong>Jueves, 19 de febrero<\/strong> \u2013 El papel creciente de la sociedad civil en el sistema del Estatuto de Roma<\/li>\n<li><strong>Viernes, 20 de febrero<\/strong> \u2013 Delitos ambientales y ecocidio: marcos normativos, viabilidad de un \u00abquinto crimen internacional\u00bb y v\u00ednculos con el litigio clim\u00e1tico<\/li>\n<\/ul>\n<h3>\u00bfPARA QUI\u00c9N ES?<\/h3>\n<p>Esta formaci\u00f3n est\u00e1 dirigida, en particular, a:<\/p>\n<ul>\n<li>estudiantes, doctorandos e investigadores;<\/li>\n<li>miembros de las profesiones jur\u00eddicas;<\/li>\n<li>toda persona que se enfrente o est\u00e9 interesada en las cuestiones relacionadas con los derechos humanos y la justicia internacional.<\/li>\n<\/ul>\n<h3>\u00bfCU\u00c1LES SON LOS OBJETIVOS?<\/h3>\n<ul>\n<li>Comprender los mecanismos de la justicia penal internacional;<\/li>\n<li>Analizar los desaf\u00edos contempor\u00e1neos que influyen en la evoluci\u00f3n y la legitimidad del derecho penal internacional;<\/li>\n<li>Desarrollar una perspectiva cr\u00edtica y prospectiva sobre el futuro de la responsabilidad en materia de justicia global.<\/li>\n<\/ul>\n<h3>CUOTAS DE INSCRIPCI\u00d3N<\/h3>\n<p style=\"text-align: justify;\">Las tasas de inscripci\u00f3n ascienden a <strong>300 \u20ac <\/strong>para la totalidad de la formaci\u00f3n (inscripci\u00f3n y pago a trav\u00e9s del sitio web de la Fundaci\u00f3n). No se realizar\u00e1 ning\u00fan reembolso en caso de ausencia o desistimiento. <\/p>\n<h3>CERTIFICATION &amp; CONTACT<\/h3>\n<p style=\"text-align: justify;\">Desde junio de 2022, la Fundaci\u00f3n Ren\u00e9 Cassin cuenta con la certificaci\u00f3n Qualiopi para sus actividades de formaci\u00f3n, lo que hace que esta formaci\u00f3n sea elegible para financiaci\u00f3n por parte de los OPCO (seg\u00fan condiciones).<\/p>\n<p style=\"text-align: justify;\">Para cualquier consulta (inscripci\u00f3n, financiaci\u00f3n, dificultades de pago): <a href=\"mailto:arthur.quattrochi@iidh.org\">arthur.quattrochi@iidh.org<\/a><\/p>\n<\/div><script type=\"text\/javascript\" src=\"https:\/\/pci.jotform.com\/jsform\/260062003998355\"><\/script><\/div><\/div><\/div><\/div>\n","protected":false},"excerpt":{"rendered":"","protected":false},"author":2,"featured_media":6939,"comment_status":"open","ping_status":"closed","sticky":false,"template":"","format":"standard","meta":{"footnotes":""},"categories":[121],"tags":[],"class_list":["post-6940","post","type-post","status-publish","format-standard","has-post-thumbnail","hentry","category-sesiones-por-videoconferencia"],"yoast_head":"<!-- This site is optimized with the Yoast SEO plugin v27.5 - https:\/\/yoast.com\/product\/yoast-seo-wordpress\/ -->\n<title>Derecho Penal Internacional 2025<\/title>\n<meta name=\"description\" content=\"Formaci\u00f3n en derecho penal internacional que permite un estudio en profundidad de las crisis mundiales contempor\u00e1neas.\" \/>\n<meta name=\"robots\" content=\"index, follow, max-snippet:-1, max-image-preview:large, max-video-preview:-1\" \/>\n<link rel=\"canonical\" href=\"https:\/\/www.iidh.org\/es\/formacion-en-derecho-penal-internacional-international-criminal-law-facing-technological-geopolitical-and-ecological-transformations-en-lengua-inglesa\/\" \/>\n<meta property=\"og:locale\" content=\"es_ES\" \/>\n<meta property=\"og:type\" content=\"article\" \/>\n<meta property=\"og:title\" content=\"Derecho Penal Internacional 2025\" \/>\n<meta property=\"og:description\" content=\"Formaci\u00f3n en derecho penal internacional que permite un estudio en profundidad de las crisis mundiales contempor\u00e1neas.\" \/>\n<meta property=\"og:url\" content=\"https:\/\/www.iidh.org\/es\/formacion-en-derecho-penal-internacional-international-criminal-law-facing-technological-geopolitical-and-ecological-transformations-en-lengua-inglesa\/\" \/>\n<meta property=\"og:site_name\" content=\"Fondation Ren\u00e9 CASSIN\" \/>\n<meta property=\"article:publisher\" content=\"https:\/\/www.facebook.com\/FondationReneCassin\/\" \/>\n<meta property=\"article:published_time\" content=\"2026-01-06T15:09:18+00:00\" \/>\n<meta property=\"article:modified_time\" content=\"2026-01-07T13:21:12+00:00\" \/>\n<meta property=\"og:image\" content=\"https:\/\/www.iidh.org\/wp-content\/uploads\/2025\/12\/1-724x1024.png\" \/>\n\t<meta property=\"og:image:width\" content=\"724\" \/>\n\t<meta property=\"og:image:height\" content=\"1024\" \/>\n\t<meta property=\"og:image:type\" content=\"image\/png\" \/>\n<meta name=\"author\" content=\"iidh\" \/>\n<meta name=\"twitter:card\" content=\"summary_large_image\" \/>\n<meta name=\"twitter:creator\" content=\"@IIDHStrasbourg\" \/>\n<meta name=\"twitter:site\" content=\"@IIDHStrasbourg\" \/>\n<meta name=\"twitter:label1\" content=\"Escrito por\" \/>\n\t<meta name=\"twitter:data1\" content=\"iidh\" \/>\n\t<meta name=\"twitter:label2\" content=\"Tiempo de lectura\" \/>\n\t<meta name=\"twitter:data2\" content=\"4 minutos\" \/>\n<script type=\"application\/ld+json\" class=\"yoast-schema-graph\">{\"@context\":\"https:\\\/\\\/schema.org\",\"@graph\":[{\"@type\":\"Article\",\"@id\":\"https:\\\/\\\/www.iidh.org\\\/es\\\/formacion-en-derecho-penal-internacional-international-criminal-law-facing-technological-geopolitical-and-ecological-transformations-en-lengua-inglesa\\\/#article\",\"isPartOf\":{\"@id\":\"https:\\\/\\\/www.iidh.org\\\/es\\\/formacion-en-derecho-penal-internacional-international-criminal-law-facing-technological-geopolitical-and-ecological-transformations-en-lengua-inglesa\\\/\"},\"author\":{\"name\":\"iidh\",\"@id\":\"https:\\\/\\\/www.iidh.org\\\/es\\\/#\\\/schema\\\/person\\\/b11ebaff7344b9379adfa42046c36b7b\"},\"headline\":\"Formaci\u00f3n en Derecho Penal Internacional \u2013 International Criminal Law facing Technological, Geopolitical and Ecological Transformations (en lengua inglesa)\",\"datePublished\":\"2026-01-06T15:09:18+00:00\",\"dateModified\":\"2026-01-07T13:21:12+00:00\",\"mainEntityOfPage\":{\"@id\":\"https:\\\/\\\/www.iidh.org\\\/es\\\/formacion-en-derecho-penal-internacional-international-criminal-law-facing-technological-geopolitical-and-ecological-transformations-en-lengua-inglesa\\\/\"},\"wordCount\":818,\"commentCount\":0,\"publisher\":{\"@id\":\"https:\\\/\\\/www.iidh.org\\\/es\\\/#organization\"},\"image\":{\"@id\":\"https:\\\/\\\/www.iidh.org\\\/es\\\/formacion-en-derecho-penal-internacional-international-criminal-law-facing-technological-geopolitical-and-ecological-transformations-en-lengua-inglesa\\\/#primaryimage\"},\"thumbnailUrl\":\"https:\\\/\\\/www.iidh.org\\\/wp-content\\\/uploads\\\/2025\\\/12\\\/1.png\",\"articleSection\":[\"Sesiones por videoconferencia\"],\"inLanguage\":\"es\",\"potentialAction\":[{\"@type\":\"CommentAction\",\"name\":\"Comment\",\"target\":[\"https:\\\/\\\/www.iidh.org\\\/es\\\/formacion-en-derecho-penal-internacional-international-criminal-law-facing-technological-geopolitical-and-ecological-transformations-en-lengua-inglesa\\\/#respond\"]}]},{\"@type\":\"WebPage\",\"@id\":\"https:\\\/\\\/www.iidh.org\\\/es\\\/formacion-en-derecho-penal-internacional-international-criminal-law-facing-technological-geopolitical-and-ecological-transformations-en-lengua-inglesa\\\/\",\"url\":\"https:\\\/\\\/www.iidh.org\\\/es\\\/formacion-en-derecho-penal-internacional-international-criminal-law-facing-technological-geopolitical-and-ecological-transformations-en-lengua-inglesa\\\/\",\"name\":\"Derecho Penal Internacional 2025\",\"isPartOf\":{\"@id\":\"https:\\\/\\\/www.iidh.org\\\/es\\\/#website\"},\"primaryImageOfPage\":{\"@id\":\"https:\\\/\\\/www.iidh.org\\\/es\\\/formacion-en-derecho-penal-internacional-international-criminal-law-facing-technological-geopolitical-and-ecological-transformations-en-lengua-inglesa\\\/#primaryimage\"},\"image\":{\"@id\":\"https:\\\/\\\/www.iidh.org\\\/es\\\/formacion-en-derecho-penal-internacional-international-criminal-law-facing-technological-geopolitical-and-ecological-transformations-en-lengua-inglesa\\\/#primaryimage\"},\"thumbnailUrl\":\"https:\\\/\\\/www.iidh.org\\\/wp-content\\\/uploads\\\/2025\\\/12\\\/1.png\",\"datePublished\":\"2026-01-06T15:09:18+00:00\",\"dateModified\":\"2026-01-07T13:21:12+00:00\",\"description\":\"Formaci\u00f3n en derecho penal internacional que permite un estudio en profundidad de las crisis mundiales contempor\u00e1neas.\",\"breadcrumb\":{\"@id\":\"https:\\\/\\\/www.iidh.org\\\/es\\\/formacion-en-derecho-penal-internacional-international-criminal-law-facing-technological-geopolitical-and-ecological-transformations-en-lengua-inglesa\\\/#breadcrumb\"},\"inLanguage\":\"es\",\"potentialAction\":[{\"@type\":\"ReadAction\",\"target\":[\"https:\\\/\\\/www.iidh.org\\\/es\\\/formacion-en-derecho-penal-internacional-international-criminal-law-facing-technological-geopolitical-and-ecological-transformations-en-lengua-inglesa\\\/\"]}]},{\"@type\":\"ImageObject\",\"inLanguage\":\"es\",\"@id\":\"https:\\\/\\\/www.iidh.org\\\/es\\\/formacion-en-derecho-penal-internacional-international-criminal-law-facing-technological-geopolitical-and-ecological-transformations-en-lengua-inglesa\\\/#primaryimage\",\"url\":\"https:\\\/\\\/www.iidh.org\\\/wp-content\\\/uploads\\\/2025\\\/12\\\/1.png\",\"contentUrl\":\"https:\\\/\\\/www.iidh.org\\\/wp-content\\\/uploads\\\/2025\\\/12\\\/1.png\",\"width\":1389,\"height\":1964,\"caption\":\"Formaci\u00f3n en derecho penal internacional\"},{\"@type\":\"BreadcrumbList\",\"@id\":\"https:\\\/\\\/www.iidh.org\\\/es\\\/formacion-en-derecho-penal-internacional-international-criminal-law-facing-technological-geopolitical-and-ecological-transformations-en-lengua-inglesa\\\/#breadcrumb\",\"itemListElement\":[{\"@type\":\"ListItem\",\"position\":1,\"name\":\"Accueil\",\"item\":\"https:\\\/\\\/www.iidh.org\\\/es\\\/\"},{\"@type\":\"ListItem\",\"position\":2,\"name\":\"Formaci\u00f3n en Derecho Penal Internacional \u2013 International Criminal Law facing Technological, Geopolitical and Ecological Transformations (en lengua inglesa)\"}]},{\"@type\":\"WebSite\",\"@id\":\"https:\\\/\\\/www.iidh.org\\\/es\\\/#website\",\"url\":\"https:\\\/\\\/www.iidh.org\\\/es\\\/\",\"name\":\"Fondation Ren\u00e9 CASSIN\",\"description\":\"\",\"publisher\":{\"@id\":\"https:\\\/\\\/www.iidh.org\\\/es\\\/#organization\"},\"potentialAction\":[{\"@type\":\"SearchAction\",\"target\":{\"@type\":\"EntryPoint\",\"urlTemplate\":\"https:\\\/\\\/www.iidh.org\\\/es\\\/?s={search_term_string}\"},\"query-input\":{\"@type\":\"PropertyValueSpecification\",\"valueRequired\":true,\"valueName\":\"search_term_string\"}}],\"inLanguage\":\"es\"},{\"@type\":\"Organization\",\"@id\":\"https:\\\/\\\/www.iidh.org\\\/es\\\/#organization\",\"name\":\"Fondation Ren\u00e9 CASSIN\",\"url\":\"https:\\\/\\\/www.iidh.org\\\/es\\\/\",\"logo\":{\"@type\":\"ImageObject\",\"inLanguage\":\"es\",\"@id\":\"https:\\\/\\\/www.iidh.org\\\/es\\\/#\\\/schema\\\/logo\\\/image\\\/\",\"url\":\"https:\\\/\\\/www.iidh.org\\\/wp-content\\\/uploads\\\/2024\\\/09\\\/LOGO_FRC-rouge.svg\",\"contentUrl\":\"https:\\\/\\\/www.iidh.org\\\/wp-content\\\/uploads\\\/2024\\\/09\\\/LOGO_FRC-rouge.svg\",\"width\":699,\"height\":221,\"caption\":\"Fondation Ren\u00e9 CASSIN\"},\"image\":{\"@id\":\"https:\\\/\\\/www.iidh.org\\\/es\\\/#\\\/schema\\\/logo\\\/image\\\/\"},\"sameAs\":[\"https:\\\/\\\/www.facebook.com\\\/FondationReneCassin\\\/\",\"https:\\\/\\\/x.com\\\/IIDHStrasbourg\",\"https:\\\/\\\/www.instagram.com\\\/fondationrenecassin\\\/\"]},{\"@type\":\"Person\",\"@id\":\"https:\\\/\\\/www.iidh.org\\\/es\\\/#\\\/schema\\\/person\\\/b11ebaff7344b9379adfa42046c36b7b\",\"name\":\"iidh\"}]}<\/script>\n<!-- \/ Yoast SEO plugin. -->","yoast_head_json":{"title":"Derecho Penal Internacional 2025","description":"Formaci\u00f3n en derecho penal internacional que permite un estudio en profundidad de las crisis mundiales contempor\u00e1neas.","robots":{"index":"index","follow":"follow","max-snippet":"max-snippet:-1","max-image-preview":"max-image-preview:large","max-video-preview":"max-video-preview:-1"},"canonical":"https:\/\/www.iidh.org\/es\/formacion-en-derecho-penal-internacional-international-criminal-law-facing-technological-geopolitical-and-ecological-transformations-en-lengua-inglesa\/","og_locale":"es_ES","og_type":"article","og_title":"Derecho Penal Internacional 2025","og_description":"Formaci\u00f3n en derecho penal internacional que permite un estudio en profundidad de las crisis mundiales contempor\u00e1neas.","og_url":"https:\/\/www.iidh.org\/es\/formacion-en-derecho-penal-internacional-international-criminal-law-facing-technological-geopolitical-and-ecological-transformations-en-lengua-inglesa\/","og_site_name":"Fondation Ren\u00e9 CASSIN","article_publisher":"https:\/\/www.facebook.com\/FondationReneCassin\/","article_published_time":"2026-01-06T15:09:18+00:00","article_modified_time":"2026-01-07T13:21:12+00:00","og_image":[{"width":724,"height":1024,"url":"https:\/\/www.iidh.org\/wp-content\/uploads\/2025\/12\/1-724x1024.png","type":"image\/png"}],"author":"iidh","twitter_card":"summary_large_image","twitter_creator":"@IIDHStrasbourg","twitter_site":"@IIDHStrasbourg","twitter_misc":{"Escrito por":"iidh","Tiempo de lectura":"4 minutos"},"schema":{"@context":"https:\/\/schema.org","@graph":[{"@type":"Article","@id":"https:\/\/www.iidh.org\/es\/formacion-en-derecho-penal-internacional-international-criminal-law-facing-technological-geopolitical-and-ecological-transformations-en-lengua-inglesa\/#article","isPartOf":{"@id":"https:\/\/www.iidh.org\/es\/formacion-en-derecho-penal-internacional-international-criminal-law-facing-technological-geopolitical-and-ecological-transformations-en-lengua-inglesa\/"},"author":{"name":"iidh","@id":"https:\/\/www.iidh.org\/es\/#\/schema\/person\/b11ebaff7344b9379adfa42046c36b7b"},"headline":"Formaci\u00f3n en Derecho Penal Internacional \u2013 International Criminal Law facing Technological, Geopolitical and Ecological Transformations (en lengua inglesa)","datePublished":"2026-01-06T15:09:18+00:00","dateModified":"2026-01-07T13:21:12+00:00","mainEntityOfPage":{"@id":"https:\/\/www.iidh.org\/es\/formacion-en-derecho-penal-internacional-international-criminal-law-facing-technological-geopolitical-and-ecological-transformations-en-lengua-inglesa\/"},"wordCount":818,"commentCount":0,"publisher":{"@id":"https:\/\/www.iidh.org\/es\/#organization"},"image":{"@id":"https:\/\/www.iidh.org\/es\/formacion-en-derecho-penal-internacional-international-criminal-law-facing-technological-geopolitical-and-ecological-transformations-en-lengua-inglesa\/#primaryimage"},"thumbnailUrl":"https:\/\/www.iidh.org\/wp-content\/uploads\/2025\/12\/1.png","articleSection":["Sesiones por videoconferencia"],"inLanguage":"es","potentialAction":[{"@type":"CommentAction","name":"Comment","target":["https:\/\/www.iidh.org\/es\/formacion-en-derecho-penal-internacional-international-criminal-law-facing-technological-geopolitical-and-ecological-transformations-en-lengua-inglesa\/#respond"]}]},{"@type":"WebPage","@id":"https:\/\/www.iidh.org\/es\/formacion-en-derecho-penal-internacional-international-criminal-law-facing-technological-geopolitical-and-ecological-transformations-en-lengua-inglesa\/","url":"https:\/\/www.iidh.org\/es\/formacion-en-derecho-penal-internacional-international-criminal-law-facing-technological-geopolitical-and-ecological-transformations-en-lengua-inglesa\/","name":"Derecho Penal Internacional 2025","isPartOf":{"@id":"https:\/\/www.iidh.org\/es\/#website"},"primaryImageOfPage":{"@id":"https:\/\/www.iidh.org\/es\/formacion-en-derecho-penal-internacional-international-criminal-law-facing-technological-geopolitical-and-ecological-transformations-en-lengua-inglesa\/#primaryimage"},"image":{"@id":"https:\/\/www.iidh.org\/es\/formacion-en-derecho-penal-internacional-international-criminal-law-facing-technological-geopolitical-and-ecological-transformations-en-lengua-inglesa\/#primaryimage"},"thumbnailUrl":"https:\/\/www.iidh.org\/wp-content\/uploads\/2025\/12\/1.png","datePublished":"2026-01-06T15:09:18+00:00","dateModified":"2026-01-07T13:21:12+00:00","description":"Formaci\u00f3n en derecho penal internacional que permite un estudio en profundidad de las crisis mundiales contempor\u00e1neas.","breadcrumb":{"@id":"https:\/\/www.iidh.org\/es\/formacion-en-derecho-penal-internacional-international-criminal-law-facing-technological-geopolitical-and-ecological-transformations-en-lengua-inglesa\/#breadcrumb"},"inLanguage":"es","potentialAction":[{"@type":"ReadAction","target":["https:\/\/www.iidh.org\/es\/formacion-en-derecho-penal-internacional-international-criminal-law-facing-technological-geopolitical-and-ecological-transformations-en-lengua-inglesa\/"]}]},{"@type":"ImageObject","inLanguage":"es","@id":"https:\/\/www.iidh.org\/es\/formacion-en-derecho-penal-internacional-international-criminal-law-facing-technological-geopolitical-and-ecological-transformations-en-lengua-inglesa\/#primaryimage","url":"https:\/\/www.iidh.org\/wp-content\/uploads\/2025\/12\/1.png","contentUrl":"https:\/\/www.iidh.org\/wp-content\/uploads\/2025\/12\/1.png","width":1389,"height":1964,"caption":"Formaci\u00f3n en derecho penal internacional"},{"@type":"BreadcrumbList","@id":"https:\/\/www.iidh.org\/es\/formacion-en-derecho-penal-internacional-international-criminal-law-facing-technological-geopolitical-and-ecological-transformations-en-lengua-inglesa\/#breadcrumb","itemListElement":[{"@type":"ListItem","position":1,"name":"Accueil","item":"https:\/\/www.iidh.org\/es\/"},{"@type":"ListItem","position":2,"name":"Formaci\u00f3n en Derecho Penal Internacional \u2013 International Criminal Law facing Technological, Geopolitical and Ecological Transformations (en lengua inglesa)"}]},{"@type":"WebSite","@id":"https:\/\/www.iidh.org\/es\/#website","url":"https:\/\/www.iidh.org\/es\/","name":"Fondation Ren\u00e9 CASSIN","description":"","publisher":{"@id":"https:\/\/www.iidh.org\/es\/#organization"},"potentialAction":[{"@type":"SearchAction","target":{"@type":"EntryPoint","urlTemplate":"https:\/\/www.iidh.org\/es\/?s={search_term_string}"},"query-input":{"@type":"PropertyValueSpecification","valueRequired":true,"valueName":"search_term_string"}}],"inLanguage":"es"},{"@type":"Organization","@id":"https:\/\/www.iidh.org\/es\/#organization","name":"Fondation Ren\u00e9 CASSIN","url":"https:\/\/www.iidh.org\/es\/","logo":{"@type":"ImageObject","inLanguage":"es","@id":"https:\/\/www.iidh.org\/es\/#\/schema\/logo\/image\/","url":"https:\/\/www.iidh.org\/wp-content\/uploads\/2024\/09\/LOGO_FRC-rouge.svg","contentUrl":"https:\/\/www.iidh.org\/wp-content\/uploads\/2024\/09\/LOGO_FRC-rouge.svg","width":699,"height":221,"caption":"Fondation Ren\u00e9 CASSIN"},"image":{"@id":"https:\/\/www.iidh.org\/es\/#\/schema\/logo\/image\/"},"sameAs":["https:\/\/www.facebook.com\/FondationReneCassin\/","https:\/\/x.com\/IIDHStrasbourg","https:\/\/www.instagram.com\/fondationrenecassin\/"]},{"@type":"Person","@id":"https:\/\/www.iidh.org\/es\/#\/schema\/person\/b11ebaff7344b9379adfa42046c36b7b","name":"iidh"}]}},"_links":{"self":[{"href":"https:\/\/www.iidh.org\/es\/wp-json\/wp\/v2\/posts\/6940","targetHints":{"allow":["GET"]}}],"collection":[{"href":"https:\/\/www.iidh.org\/es\/wp-json\/wp\/v2\/posts"}],"about":[{"href":"https:\/\/www.iidh.org\/es\/wp-json\/wp\/v2\/types\/post"}],"author":[{"embeddable":true,"href":"https:\/\/www.iidh.org\/es\/wp-json\/wp\/v2\/users\/2"}],"replies":[{"embeddable":true,"href":"https:\/\/www.iidh.org\/es\/wp-json\/wp\/v2\/comments?post=6940"}],"version-history":[{"count":1,"href":"https:\/\/www.iidh.org\/es\/wp-json\/wp\/v2\/posts\/6940\/revisions"}],"predecessor-version":[{"id":6944,"href":"https:\/\/www.iidh.org\/es\/wp-json\/wp\/v2\/posts\/6940\/revisions\/6944"}],"wp:featuredmedia":[{"embeddable":true,"href":"https:\/\/www.iidh.org\/es\/wp-json\/wp\/v2\/media\/6939"}],"wp:attachment":[{"href":"https:\/\/www.iidh.org\/es\/wp-json\/wp\/v2\/media?parent=6940"}],"wp:term":[{"taxonomy":"category","embeddable":true,"href":"https:\/\/www.iidh.org\/es\/wp-json\/wp\/v2\/categories?post=6940"},{"taxonomy":"post_tag","embeddable":true,"href":"https:\/\/www.iidh.org\/es\/wp-json\/wp\/v2\/tags?post=6940"}],"curies":[{"name":"wp","href":"https:\/\/api.w.org\/{rel}","templated":true}]}}