{"id":7090,"date":"2026-01-27T11:47:50","date_gmt":"2026-01-27T09:47:50","guid":{"rendered":"https:\/\/www.iidh.org\/exposicion-rene-cassin-un-combatiente-por-la-paz-10-de-abril-11-de-julio-de-2026\/"},"modified":"2026-01-27T11:47:50","modified_gmt":"2026-01-27T09:47:50","slug":"exposicion-rene-cassin-un-combatiente-por-la-paz-10-de-abril-11-de-julio-de-2026","status":"publish","type":"post","link":"https:\/\/www.iidh.org\/es\/exposicion-rene-cassin-un-combatiente-por-la-paz-10-de-abril-11-de-julio-de-2026\/","title":{"rendered":"Exposici\u00f3n \u00abRen\u00e9 Cassin, un combatiente por la paz\u00bb (10 de abril \u2013 11 de julio de 2026)"},"content":{"rendered":"<h3 data-start=\"25\" data-end=\"70\">Ren\u00e9 Cassin, un combatiente por la paz<\/h3>\n<p data-start=\"71\" data-end=\"116\"><em data-start=\"71\" data-end=\"116\">Del 10 de abril al 11 de julio de 2026 \u2014 Estrasburgo<\/em><\/p>\n<p style=\"text-align: justify;\" data-start=\"118\" data-end=\"813\">En 2026, con motivo del <strong data-start=\"143\" data-end=\"206\">quincuag\u00e9simo aniversario del fallecimiento de Ren\u00e9 Cassin<\/strong> (1887\u20131976), la Biblioteca Nacional y Universitaria de Estrasburgo (BNU) y la Fundaci\u00f3n Ren\u00e9 Cassin \u2013 Instituto Internacional de Derechos del Hombre proponen un recorrido expositivo dedicado a uno de los grandes art\u00edfices franceses e internacionales de los <strong data-start=\"371\" data-end=\"392\">derechos humanos<\/strong> y de la paz.<\/p>\n<p style=\"text-align: justify;\" data-start=\"118\" data-end=\"813\">En 2026, con motivo del quincuag\u00e9simo aniversario del fallecimiento de Ren\u00e9 Cassin (1887\u20131976), la Biblioteca Nacional y Universitaria de Estrasburgo (BNU) y la Fundaci\u00f3n Ren\u00e9 Cassin \u2013 Instituto Internacional de Derechos humanos proponen un recorrido expositivo dedicado a uno de los grandes art\u00edfices franceses e internacionales de los derechos humanos y de la paz.<\/p>\n<hr data-start=\"815\" data-end=\"818\">\n<h2 data-start=\"820\" data-end=\"878\">Un recorrido para vincular la historia, el derecho y la paz<\/h2>\n<p style=\"text-align: justify;\" data-start=\"880\" data-end=\"1312\">La exposici\u00f3n pone de relieve la coherencia de una misma lucha: <strong data-start=\"940\" data-end=\"989\">hacer del derecho un baluarte contra la arbitrariedad<\/strong> y un instrumento de paz. A trav\u00e9s de los grandes momentos de su vida p\u00fablica, Ren\u00e9 Cassin aparece como un hombre de continuidad: continuidad republicana en tiempos de guerra, continuidad jur\u00eddica en la reconstrucci\u00f3n y continuidad institucional en la defensa de los derechos humanos. <\/p>\n<hr data-start=\"1314\" data-end=\"1317\">\n<h2 data-start=\"1319\" data-end=\"1349\">Lo que descubrir\u00e1<\/h2>\n<p style=\"text-align: justify;\" data-start=\"1351\" data-end=\"1703\">Presentado en las <strong data-start=\"1369\" data-end=\"1413\">reservas visitables de la BNU (5.\u00ba piso)<\/strong>, el recorrido ofrece acceso a alrededor de<strong data-start=\"1441\" data-end=\"1482\"> cincuenta documentos in\u00e9ditos<\/strong>, procedentes en particular del <strong data-start=\"1506\" data-end=\"1566\">fondo privado de Ren\u00e9 Cassin conservado en los Archivos Nacionales<\/strong>, as\u00ed como de colecciones asociadas (entre ellas, el Museo de la Orden de la Liberaci\u00f3n).<\/p>\n<p style=\"text-align: justify;\" data-start=\"1705\" data-end=\"1905\">Estas piezas permiten seguir a Ren\u00e9 Cassin muy de cerca: sus responsabilidades, sus textos, sus compromisos, sus luchas, y la manera en que estos se inscriben en las grandes transformaciones del siglo XX.<\/p>\n<hr data-start=\"1907\" data-end=\"1910\">\n<h2 data-start=\"1912\" data-end=\"1946\">Los grandes ejes de la exposici\u00f3n<\/h2>\n<h3 data-start=\"1948\" data-end=\"1982\">Les combats de la France libre<\/h3>\n<p style=\"text-align: justify;\" data-start=\"1983\" data-end=\"2321\">Resistente desde los primeros momentos, Ren\u00e9 Cassin se uni\u00f3 al general de Gaulle en Londres ya en 1940. All\u00ed desempe\u00f1\u00f3 un papel esencial al dotar a la Francia Libre de una <strong data-start=\"2137\" data-end=\"2155\">base jur\u00eddica <\/strong>y de un reconocimiento institucional, al tiempo que preparaba el retorno de la legalidad republicana y la organizaci\u00f3n de la paz. <\/p>\n<h3 style=\"text-align: justify;\" data-start=\"2323\" data-end=\"2367\">Construir el derecho, defender la justicia<\/h3>\n<p style=\"text-align: justify;\" data-start=\"2368\" data-end=\"2651\">Despu\u00e9s de la guerra, Cassin ocup\u00f3 funciones de primer orden al servicio del Estado de derecho en Francia (en particular en el Consejo de Estado y posteriormente en el Consejo Constitucional), al tiempo que contribu\u00eda a la construcci\u00f3n de mecanismos internacionales de protecci\u00f3n.<\/p>\n<h3 style=\"text-align: justify;\" data-start=\"2653\" data-end=\"2706\">Los derechos humanos en la escena internacional<\/h3>\n<p style=\"text-align: justify;\" data-start=\"2707\" data-end=\"3070\">A partir de 1946, represent\u00f3 a Francia en el seno de la Comisi\u00f3n de Derechos del Hombre de las Naciones Unidas y contribuy\u00f3 a la redacci\u00f3n de la<strong data-start=\"2848\" data-end=\"2897\"> Declaraci\u00f3n Universal de los Derechos del Hombre<\/strong>, adoptada en 1948. Posteriormente, se convirti\u00f3 en una figura central del <strong data-start=\"2958\" data-end=\"2999\">Tribunal Europeo de Derechos Humanos<\/strong>, que presidi\u00f3 de 1965 a 1968. <\/p>\n<hr data-start=\"3072\" data-end=\"3075\">\n<h2 data-start=\"3077\" data-end=\"3102\">Informacion practica<\/h2>\n<ul data-start=\"3104\" data-end=\"3477\">\n<li data-start=\"3104\" data-end=\"3192\">\n<p data-start=\"3106\" data-end=\"3192\"><strong data-start=\"3106\" data-end=\"3117\">Fechas<\/strong>: del <strong data-start=\"3121\" data-end=\"3152\">10 de abril al 11 de julio de 2026<\/strong><\/p>\n<\/li>\n<li data-start=\"3193\" data-end=\"3304\">\n<p data-start=\"3195\" data-end=\"3304\"><strong data-start=\"3195\" data-end=\"3205\">Lugar: BNU de Estrasburgo<\/strong> \u2014 reservas visitables (<strong data-start=\"3251\" data-end=\"3263\">5.\u00ba piso<\/strong>)<\/p>\n<\/li>\n<li data-start=\"3305\" data-end=\"3477\">\n<p data-start=\"3307\" data-end=\"3477\"><strong data-start=\"3307\" data-end=\"3318\">Acceso<\/strong>: de acuerdo con las condiciones de acogida y los horarios de apertura de la BNU (visitas libres y\/o guiadas seg\u00fan la programaci\u00f3n).<\/p>\n<\/li>\n<\/ul>\n<hr data-start=\"3479\" data-end=\"3482\">\n<h2 data-start=\"3484\" data-end=\"3499\">Enlaces \u00fatiles<\/h2>\n<ul data-start=\"3501\" data-end=\"3869\">\n<li data-start=\"3501\" data-end=\"3713\">\n<p data-start=\"3503\" data-end=\"3713\"><strong data-start=\"3503\" data-end=\"3557\">P\u00e1gina oficial de la BNU (presentaci\u00f3n de la exposici\u00f3n):<\/strong><br data-start=\"3559\" data-end=\"3562\"><a class=\"decorated-link\" href=\"https:\/\/www.bnu.fr\/fr\/evenements-culturels\/nos-expositions\/prochainement-rene-cassin-un-combattant-pour-la-paix\" target=\"_new\" rel=\"noopener\" data-start=\"3562\" data-end=\"3673\">https:\/\/www.bnu.fr\/fr\/evenements-culturels\/nos-expositions\/prochainement-rene-cassin-un-combattant-pour-la-paix<\/a><\/p>\n<\/li>\n<li data-start=\"3715\" data-end=\"3869\">\n<p data-start=\"3717\" data-end=\"3869\"><strong data-start=\"3717\" data-end=\"3790\">Puntos clave sobre el proyecto \/ contexto del recorrido (BNU \u2013 \u201cen preparaci\u00f3n\u201d):<\/strong><br data-start=\"3792\" data-end=\"3795\"><a class=\"decorated-link\" href=\"https:\/\/bnu.hypotheses.org\/26942?utm_source=chatgpt.com\" target=\"_new\" rel=\"noopener\" data-start=\"3795\" data-end=\"3827\">https:\/\/bnu.hypotheses.org\/26942<\/a><\/p>\n<\/li>\n<\/ul>\n","protected":false},"excerpt":{"rendered":"<p>Ren\u00e9 Cassin, un combatiente por la paz Del 10 de  [&#8230;]<\/p>\n","protected":false},"author":2,"featured_media":7290,"comment_status":"closed","ping_status":"closed","sticky":false,"template":"","format":"standard","meta":{"footnotes":""},"categories":[124],"tags":[],"class_list":["post-7090","post","type-post","status-publish","format-standard","has-post-thumbnail","hentry","category-conmemoracion"],"yoast_head":"<!-- This site is optimized with the Yoast SEO plugin v27.5 - https:\/\/yoast.com\/product\/yoast-seo-wordpress\/ -->\n<title>Exposici\u00f3n \u00abRen\u00e9 Cassin, un combatiente por la paz\u00bb (10 de abril \u2013 11 de julio de 2026) - Fondation Ren\u00e9 CASSIN<\/title>\n<meta name=\"robots\" content=\"index, follow, max-snippet:-1, max-image-preview:large, max-video-preview:-1\" \/>\n<link rel=\"canonical\" href=\"https:\/\/www.iidh.org\/es\/exposicion-rene-cassin-un-combatiente-por-la-paz-10-de-abril-11-de-julio-de-2026\/\" \/>\n<meta property=\"og:locale\" content=\"es_ES\" \/>\n<meta property=\"og:type\" content=\"article\" \/>\n<meta property=\"og:title\" content=\"Exposici\u00f3n \u00abRen\u00e9 Cassin, un combatiente por la paz\u00bb (10 de abril \u2013 11 de julio de 2026) - Fondation Ren\u00e9 CASSIN\" \/>\n<meta property=\"og:description\" content=\"Ren\u00e9 Cassin, un combatiente por la paz Del 10 de [...]\" \/>\n<meta property=\"og:url\" content=\"https:\/\/www.iidh.org\/es\/exposicion-rene-cassin-un-combatiente-por-la-paz-10-de-abril-11-de-julio-de-2026\/\" \/>\n<meta property=\"og:site_name\" content=\"Fondation Ren\u00e9 CASSIN\" \/>\n<meta property=\"article:publisher\" content=\"https:\/\/www.facebook.com\/FondationReneCassin\/\" \/>\n<meta property=\"article:published_time\" content=\"2026-01-27T09:47:50+00:00\" \/>\n<meta property=\"og:image\" content=\"https:\/\/www.iidh.org\/wp-content\/uploads\/2026\/01\/Rene_Cassin_-_photo_Henri_Manuel-1.jpg\" \/>\n\t<meta property=\"og:image:width\" content=\"455\" \/>\n\t<meta property=\"og:image:height\" content=\"680\" \/>\n\t<meta property=\"og:image:type\" content=\"image\/jpeg\" \/>\n<meta name=\"author\" content=\"iidh\" \/>\n<meta name=\"twitter:card\" content=\"summary_large_image\" \/>\n<meta name=\"twitter:creator\" content=\"@IIDHStrasbourg\" \/>\n<meta name=\"twitter:site\" content=\"@IIDHStrasbourg\" \/>\n<meta name=\"twitter:label1\" content=\"Escrito por\" \/>\n\t<meta name=\"twitter:data1\" content=\"iidh\" \/>\n\t<meta name=\"twitter:label2\" content=\"Tiempo de lectura\" \/>\n\t<meta name=\"twitter:data2\" content=\"3 minutos\" \/>\n<script type=\"application\/ld+json\" class=\"yoast-schema-graph\">{\"@context\":\"https:\\\/\\\/schema.org\",\"@graph\":[{\"@type\":\"Article\",\"@id\":\"https:\\\/\\\/www.iidh.org\\\/es\\\/exposicion-rene-cassin-un-combatiente-por-la-paz-10-de-abril-11-de-julio-de-2026\\\/#article\",\"isPartOf\":{\"@id\":\"https:\\\/\\\/www.iidh.org\\\/es\\\/exposicion-rene-cassin-un-combatiente-por-la-paz-10-de-abril-11-de-julio-de-2026\\\/\"},\"author\":{\"name\":\"iidh\",\"@id\":\"https:\\\/\\\/www.iidh.org\\\/es\\\/#\\\/schema\\\/person\\\/b11ebaff7344b9379adfa42046c36b7b\"},\"headline\":\"Exposici\u00f3n \u00abRen\u00e9 Cassin, un combatiente por la paz\u00bb (10 de abril \u2013 11 de julio de 2026)\",\"datePublished\":\"2026-01-27T09:47:50+00:00\",\"mainEntityOfPage\":{\"@id\":\"https:\\\/\\\/www.iidh.org\\\/es\\\/exposicion-rene-cassin-un-combatiente-por-la-paz-10-de-abril-11-de-julio-de-2026\\\/\"},\"wordCount\":568,\"publisher\":{\"@id\":\"https:\\\/\\\/www.iidh.org\\\/es\\\/#organization\"},\"image\":{\"@id\":\"https:\\\/\\\/www.iidh.org\\\/es\\\/exposicion-rene-cassin-un-combatiente-por-la-paz-10-de-abril-11-de-julio-de-2026\\\/#primaryimage\"},\"thumbnailUrl\":\"https:\\\/\\\/www.iidh.org\\\/wp-content\\\/uploads\\\/2026\\\/01\\\/Affiche-Exposition.png\",\"articleSection\":[\"Conmemoraci\u00f3n\"],\"inLanguage\":\"es\"},{\"@type\":\"WebPage\",\"@id\":\"https:\\\/\\\/www.iidh.org\\\/es\\\/exposicion-rene-cassin-un-combatiente-por-la-paz-10-de-abril-11-de-julio-de-2026\\\/\",\"url\":\"https:\\\/\\\/www.iidh.org\\\/es\\\/exposicion-rene-cassin-un-combatiente-por-la-paz-10-de-abril-11-de-julio-de-2026\\\/\",\"name\":\"Exposici\u00f3n \u00abRen\u00e9 Cassin, un combatiente por la paz\u00bb (10 de abril \u2013 11 de julio de 2026) - Fondation Ren\u00e9 CASSIN\",\"isPartOf\":{\"@id\":\"https:\\\/\\\/www.iidh.org\\\/es\\\/#website\"},\"primaryImageOfPage\":{\"@id\":\"https:\\\/\\\/www.iidh.org\\\/es\\\/exposicion-rene-cassin-un-combatiente-por-la-paz-10-de-abril-11-de-julio-de-2026\\\/#primaryimage\"},\"image\":{\"@id\":\"https:\\\/\\\/www.iidh.org\\\/es\\\/exposicion-rene-cassin-un-combatiente-por-la-paz-10-de-abril-11-de-julio-de-2026\\\/#primaryimage\"},\"thumbnailUrl\":\"https:\\\/\\\/www.iidh.org\\\/wp-content\\\/uploads\\\/2026\\\/01\\\/Affiche-Exposition.png\",\"datePublished\":\"2026-01-27T09:47:50+00:00\",\"breadcrumb\":{\"@id\":\"https:\\\/\\\/www.iidh.org\\\/es\\\/exposicion-rene-cassin-un-combatiente-por-la-paz-10-de-abril-11-de-julio-de-2026\\\/#breadcrumb\"},\"inLanguage\":\"es\",\"potentialAction\":[{\"@type\":\"ReadAction\",\"target\":[\"https:\\\/\\\/www.iidh.org\\\/es\\\/exposicion-rene-cassin-un-combatiente-por-la-paz-10-de-abril-11-de-julio-de-2026\\\/\"]}]},{\"@type\":\"ImageObject\",\"inLanguage\":\"es\",\"@id\":\"https:\\\/\\\/www.iidh.org\\\/es\\\/exposicion-rene-cassin-un-combatiente-por-la-paz-10-de-abril-11-de-julio-de-2026\\\/#primaryimage\",\"url\":\"https:\\\/\\\/www.iidh.org\\\/wp-content\\\/uploads\\\/2026\\\/01\\\/Affiche-Exposition.png\",\"contentUrl\":\"https:\\\/\\\/www.iidh.org\\\/wp-content\\\/uploads\\\/2026\\\/01\\\/Affiche-Exposition.png\",\"width\":661,\"height\":934},{\"@type\":\"BreadcrumbList\",\"@id\":\"https:\\\/\\\/www.iidh.org\\\/es\\\/exposicion-rene-cassin-un-combatiente-por-la-paz-10-de-abril-11-de-julio-de-2026\\\/#breadcrumb\",\"itemListElement\":[{\"@type\":\"ListItem\",\"position\":1,\"name\":\"Accueil\",\"item\":\"https:\\\/\\\/www.iidh.org\\\/es\\\/\"},{\"@type\":\"ListItem\",\"position\":2,\"name\":\"Exposici\u00f3n \u00abRen\u00e9 Cassin, un combatiente por la paz\u00bb (10 de abril \u2013 11 de julio de 2026)\"}]},{\"@type\":\"WebSite\",\"@id\":\"https:\\\/\\\/www.iidh.org\\\/es\\\/#website\",\"url\":\"https:\\\/\\\/www.iidh.org\\\/es\\\/\",\"name\":\"Fondation Ren\u00e9 CASSIN\",\"description\":\"\",\"publisher\":{\"@id\":\"https:\\\/\\\/www.iidh.org\\\/es\\\/#organization\"},\"potentialAction\":[{\"@type\":\"SearchAction\",\"target\":{\"@type\":\"EntryPoint\",\"urlTemplate\":\"https:\\\/\\\/www.iidh.org\\\/es\\\/?s={search_term_string}\"},\"query-input\":{\"@type\":\"PropertyValueSpecification\",\"valueRequired\":true,\"valueName\":\"search_term_string\"}}],\"inLanguage\":\"es\"},{\"@type\":\"Organization\",\"@id\":\"https:\\\/\\\/www.iidh.org\\\/es\\\/#organization\",\"name\":\"Fondation Ren\u00e9 CASSIN\",\"url\":\"https:\\\/\\\/www.iidh.org\\\/es\\\/\",\"logo\":{\"@type\":\"ImageObject\",\"inLanguage\":\"es\",\"@id\":\"https:\\\/\\\/www.iidh.org\\\/es\\\/#\\\/schema\\\/logo\\\/image\\\/\",\"url\":\"https:\\\/\\\/www.iidh.org\\\/wp-content\\\/uploads\\\/2024\\\/09\\\/LOGO_FRC-rouge.svg\",\"contentUrl\":\"https:\\\/\\\/www.iidh.org\\\/wp-content\\\/uploads\\\/2024\\\/09\\\/LOGO_FRC-rouge.svg\",\"width\":699,\"height\":221,\"caption\":\"Fondation Ren\u00e9 CASSIN\"},\"image\":{\"@id\":\"https:\\\/\\\/www.iidh.org\\\/es\\\/#\\\/schema\\\/logo\\\/image\\\/\"},\"sameAs\":[\"https:\\\/\\\/www.facebook.com\\\/FondationReneCassin\\\/\",\"https:\\\/\\\/x.com\\\/IIDHStrasbourg\",\"https:\\\/\\\/www.instagram.com\\\/fondationrenecassin\\\/\"]},{\"@type\":\"Person\",\"@id\":\"https:\\\/\\\/www.iidh.org\\\/es\\\/#\\\/schema\\\/person\\\/b11ebaff7344b9379adfa42046c36b7b\",\"name\":\"iidh\"}]}<\/script>\n<!-- \/ Yoast SEO plugin. -->","yoast_head_json":{"title":"Exposici\u00f3n \u00abRen\u00e9 Cassin, un combatiente por la paz\u00bb (10 de abril \u2013 11 de julio de 2026) - Fondation Ren\u00e9 CASSIN","robots":{"index":"index","follow":"follow","max-snippet":"max-snippet:-1","max-image-preview":"max-image-preview:large","max-video-preview":"max-video-preview:-1"},"canonical":"https:\/\/www.iidh.org\/es\/exposicion-rene-cassin-un-combatiente-por-la-paz-10-de-abril-11-de-julio-de-2026\/","og_locale":"es_ES","og_type":"article","og_title":"Exposici\u00f3n \u00abRen\u00e9 Cassin, un combatiente por la paz\u00bb (10 de abril \u2013 11 de julio de 2026) - Fondation Ren\u00e9 CASSIN","og_description":"Ren\u00e9 Cassin, un combatiente por la paz Del 10 de [...]","og_url":"https:\/\/www.iidh.org\/es\/exposicion-rene-cassin-un-combatiente-por-la-paz-10-de-abril-11-de-julio-de-2026\/","og_site_name":"Fondation Ren\u00e9 CASSIN","article_publisher":"https:\/\/www.facebook.com\/FondationReneCassin\/","article_published_time":"2026-01-27T09:47:50+00:00","og_image":[{"width":455,"height":680,"url":"https:\/\/www.iidh.org\/wp-content\/uploads\/2026\/01\/Rene_Cassin_-_photo_Henri_Manuel-1.jpg","type":"image\/jpeg"}],"author":"iidh","twitter_card":"summary_large_image","twitter_creator":"@IIDHStrasbourg","twitter_site":"@IIDHStrasbourg","twitter_misc":{"Escrito por":"iidh","Tiempo de lectura":"3 minutos"},"schema":{"@context":"https:\/\/schema.org","@graph":[{"@type":"Article","@id":"https:\/\/www.iidh.org\/es\/exposicion-rene-cassin-un-combatiente-por-la-paz-10-de-abril-11-de-julio-de-2026\/#article","isPartOf":{"@id":"https:\/\/www.iidh.org\/es\/exposicion-rene-cassin-un-combatiente-por-la-paz-10-de-abril-11-de-julio-de-2026\/"},"author":{"name":"iidh","@id":"https:\/\/www.iidh.org\/es\/#\/schema\/person\/b11ebaff7344b9379adfa42046c36b7b"},"headline":"Exposici\u00f3n \u00abRen\u00e9 Cassin, un combatiente por la paz\u00bb (10 de abril \u2013 11 de julio de 2026)","datePublished":"2026-01-27T09:47:50+00:00","mainEntityOfPage":{"@id":"https:\/\/www.iidh.org\/es\/exposicion-rene-cassin-un-combatiente-por-la-paz-10-de-abril-11-de-julio-de-2026\/"},"wordCount":568,"publisher":{"@id":"https:\/\/www.iidh.org\/es\/#organization"},"image":{"@id":"https:\/\/www.iidh.org\/es\/exposicion-rene-cassin-un-combatiente-por-la-paz-10-de-abril-11-de-julio-de-2026\/#primaryimage"},"thumbnailUrl":"https:\/\/www.iidh.org\/wp-content\/uploads\/2026\/01\/Affiche-Exposition.png","articleSection":["Conmemoraci\u00f3n"],"inLanguage":"es"},{"@type":"WebPage","@id":"https:\/\/www.iidh.org\/es\/exposicion-rene-cassin-un-combatiente-por-la-paz-10-de-abril-11-de-julio-de-2026\/","url":"https:\/\/www.iidh.org\/es\/exposicion-rene-cassin-un-combatiente-por-la-paz-10-de-abril-11-de-julio-de-2026\/","name":"Exposici\u00f3n \u00abRen\u00e9 Cassin, un combatiente por la paz\u00bb (10 de abril \u2013 11 de julio de 2026) - Fondation Ren\u00e9 CASSIN","isPartOf":{"@id":"https:\/\/www.iidh.org\/es\/#website"},"primaryImageOfPage":{"@id":"https:\/\/www.iidh.org\/es\/exposicion-rene-cassin-un-combatiente-por-la-paz-10-de-abril-11-de-julio-de-2026\/#primaryimage"},"image":{"@id":"https:\/\/www.iidh.org\/es\/exposicion-rene-cassin-un-combatiente-por-la-paz-10-de-abril-11-de-julio-de-2026\/#primaryimage"},"thumbnailUrl":"https:\/\/www.iidh.org\/wp-content\/uploads\/2026\/01\/Affiche-Exposition.png","datePublished":"2026-01-27T09:47:50+00:00","breadcrumb":{"@id":"https:\/\/www.iidh.org\/es\/exposicion-rene-cassin-un-combatiente-por-la-paz-10-de-abril-11-de-julio-de-2026\/#breadcrumb"},"inLanguage":"es","potentialAction":[{"@type":"ReadAction","target":["https:\/\/www.iidh.org\/es\/exposicion-rene-cassin-un-combatiente-por-la-paz-10-de-abril-11-de-julio-de-2026\/"]}]},{"@type":"ImageObject","inLanguage":"es","@id":"https:\/\/www.iidh.org\/es\/exposicion-rene-cassin-un-combatiente-por-la-paz-10-de-abril-11-de-julio-de-2026\/#primaryimage","url":"https:\/\/www.iidh.org\/wp-content\/uploads\/2026\/01\/Affiche-Exposition.png","contentUrl":"https:\/\/www.iidh.org\/wp-content\/uploads\/2026\/01\/Affiche-Exposition.png","width":661,"height":934},{"@type":"BreadcrumbList","@id":"https:\/\/www.iidh.org\/es\/exposicion-rene-cassin-un-combatiente-por-la-paz-10-de-abril-11-de-julio-de-2026\/#breadcrumb","itemListElement":[{"@type":"ListItem","position":1,"name":"Accueil","item":"https:\/\/www.iidh.org\/es\/"},{"@type":"ListItem","position":2,"name":"Exposici\u00f3n \u00abRen\u00e9 Cassin, un combatiente por la paz\u00bb (10 de abril \u2013 11 de julio de 2026)"}]},{"@type":"WebSite","@id":"https:\/\/www.iidh.org\/es\/#website","url":"https:\/\/www.iidh.org\/es\/","name":"Fondation Ren\u00e9 CASSIN","description":"","publisher":{"@id":"https:\/\/www.iidh.org\/es\/#organization"},"potentialAction":[{"@type":"SearchAction","target":{"@type":"EntryPoint","urlTemplate":"https:\/\/www.iidh.org\/es\/?s={search_term_string}"},"query-input":{"@type":"PropertyValueSpecification","valueRequired":true,"valueName":"search_term_string"}}],"inLanguage":"es"},{"@type":"Organization","@id":"https:\/\/www.iidh.org\/es\/#organization","name":"Fondation Ren\u00e9 CASSIN","url":"https:\/\/www.iidh.org\/es\/","logo":{"@type":"ImageObject","inLanguage":"es","@id":"https:\/\/www.iidh.org\/es\/#\/schema\/logo\/image\/","url":"https:\/\/www.iidh.org\/wp-content\/uploads\/2024\/09\/LOGO_FRC-rouge.svg","contentUrl":"https:\/\/www.iidh.org\/wp-content\/uploads\/2024\/09\/LOGO_FRC-rouge.svg","width":699,"height":221,"caption":"Fondation Ren\u00e9 CASSIN"},"image":{"@id":"https:\/\/www.iidh.org\/es\/#\/schema\/logo\/image\/"},"sameAs":["https:\/\/www.facebook.com\/FondationReneCassin\/","https:\/\/x.com\/IIDHStrasbourg","https:\/\/www.instagram.com\/fondationrenecassin\/"]},{"@type":"Person","@id":"https:\/\/www.iidh.org\/es\/#\/schema\/person\/b11ebaff7344b9379adfa42046c36b7b","name":"iidh"}]}},"_links":{"self":[{"href":"https:\/\/www.iidh.org\/es\/wp-json\/wp\/v2\/posts\/7090","targetHints":{"allow":["GET"]}}],"collection":[{"href":"https:\/\/www.iidh.org\/es\/wp-json\/wp\/v2\/posts"}],"about":[{"href":"https:\/\/www.iidh.org\/es\/wp-json\/wp\/v2\/types\/post"}],"author":[{"embeddable":true,"href":"https:\/\/www.iidh.org\/es\/wp-json\/wp\/v2\/users\/2"}],"replies":[{"embeddable":true,"href":"https:\/\/www.iidh.org\/es\/wp-json\/wp\/v2\/comments?post=7090"}],"version-history":[{"count":0,"href":"https:\/\/www.iidh.org\/es\/wp-json\/wp\/v2\/posts\/7090\/revisions"}],"wp:featuredmedia":[{"embeddable":true,"href":"https:\/\/www.iidh.org\/es\/wp-json\/wp\/v2\/media\/7290"}],"wp:attachment":[{"href":"https:\/\/www.iidh.org\/es\/wp-json\/wp\/v2\/media?parent=7090"}],"wp:term":[{"taxonomy":"category","embeddable":true,"href":"https:\/\/www.iidh.org\/es\/wp-json\/wp\/v2\/categories?post=7090"},{"taxonomy":"post_tag","embeddable":true,"href":"https:\/\/www.iidh.org\/es\/wp-json\/wp\/v2\/tags?post=7090"}],"curies":[{"name":"wp","href":"https:\/\/api.w.org\/{rel}","templated":true}]}}