{"id":7096,"date":"2026-01-27T10:50:32","date_gmt":"2026-01-27T08:50:32","guid":{"rendered":"https:\/\/www.iidh.org\/visita-de-la-fundacion-y-proyeccion-debate-en-el-lieu-deurope-20-de-febrero-de-2026\/"},"modified":"2026-01-27T10:50:32","modified_gmt":"2026-01-27T08:50:32","slug":"visita-de-la-fundacion-y-proyeccion-debate-en-el-lieu-deurope-20-de-febrero-de-2026","status":"publish","type":"post","link":"https:\/\/www.iidh.org\/es\/visita-de-la-fundacion-y-proyeccion-debate-en-el-lieu-deurope-20-de-febrero-de-2026\/","title":{"rendered":"Visita de la Fundaci\u00f3n y proyecci\u00f3n-debate en el Lieu d\u2019Europe (20 de febrero de 2026)"},"content":{"rendered":"<article class=\"text-token-text-primary w-full focus:outline-none [--shadow-height:45px] has-data-writing-block:pointer-events-none has-data-writing-block:-mt-(--shadow-height) has-data-writing-block:pt-(--shadow-height) [&amp;:has([data-writing-block])&gt;*]:pointer-events-auto scroll-mt-[calc(var(--header-height)+min(200px,max(70px,20svh)))]\" dir=\"auto\" tabindex=\"-1\" data-turn-id=\"eab2a3ba-af3f-4263-ad4f-1d4c5b56d5bb\" data-testid=\"conversation-turn-6\" data-scroll-anchor=\"false\" data-turn=\"assistant\">\n<div class=\"text-base my-auto mx-auto [--thread-content-margin:--spacing(4)] @w-sm\/main:[--thread-content-margin:--spacing(6)] @w-lg\/main:[--thread-content-margin:--spacing(16)] px-(--thread-content-margin)\">\n<div class=\"[--thread-content-max-width:40rem] @w-lg\/main:[--thread-content-max-width:48rem] mx-auto max-w-(--thread-content-max-width) flex-1 group\/turn-messages focus-visible:outline-hidden relative flex w-full min-w-0 flex-col agent-turn\" tabindex=\"-1\">\n<div class=\"flex max-w-full flex-col grow\">\n<div class=\"min-h-8 text-message relative flex w-full flex-col items-end gap-2 text-start break-words whitespace-normal [.text-message+&amp;]:mt-1\" dir=\"auto\" data-message-author-role=\"assistant\" data-message-id=\"43ef403c-6673-480d-832d-475f8388f38b\" data-message-model-slug=\"gpt-5-2-thinking\">\n<div class=\"flex w-full flex-col gap-1 empty:hidden first:pt-[1px]\">\n<div class=\"markdown prose dark:prose-invert w-full wrap-break-word light markdown-new-styling\">\n<h1 data-start=\"34\" data-end=\"143\">Dos momentos destacados en homenaje a Ren\u00e9 Cassin: visita a la Fundaci\u00f3n seguida de una proyecci\u00f3n-debate en el Lieu d\u2019Europe<\/h1>\n<\/div>\n<\/div>\n<\/div>\n<\/div>\n<\/div>\n<\/div>\n<\/article>\n<article class=\"text-token-text-primary w-full focus:outline-none [--shadow-height:45px] has-data-writing-block:pointer-events-none has-data-writing-block:-mt-(--shadow-height) has-data-writing-block:pt-(--shadow-height) [&amp;:has([data-writing-block])&gt;*]:pointer-events-auto scroll-mt-[calc(var(--header-height)+min(200px,max(70px,20svh)))]\" dir=\"auto\" tabindex=\"-1\" data-turn-id=\"request-WEB:7c307ffe-6c4b-49e4-a9ff-b70f7ee150dc-3\" data-testid=\"conversation-turn-8\" data-scroll-anchor=\"true\" data-turn=\"assistant\">\n<div class=\"text-base my-auto mx-auto pb-10 [--thread-content-margin:--spacing(4)] @w-sm\/main:[--thread-content-margin:--spacing(6)] @w-lg\/main:[--thread-content-margin:--spacing(16)] px-(--thread-content-margin)\">\n<div class=\"[--thread-content-max-width:40rem] @w-lg\/main:[--thread-content-max-width:48rem] mx-auto max-w-(--thread-content-max-width) flex-1 group\/turn-messages focus-visible:outline-hidden relative flex w-full min-w-0 flex-col agent-turn\" tabindex=\"-1\">\n<div class=\"flex max-w-full flex-col grow\">\n<div class=\"min-h-8 text-message relative flex w-full flex-col items-end gap-2 text-start break-words whitespace-normal [.text-message+&amp;]:mt-1\" dir=\"auto\" data-message-author-role=\"assistant\" data-message-id=\"754e49d6-992b-492a-840d-41ded61b5729\" data-message-model-slug=\"gpt-5-2-thinking\">\n<div class=\"flex w-full flex-col gap-1 empty:hidden first:pt-[1px]\">\n<div class=\"markdown prose dark:prose-invert w-full wrap-break-word light markdown-new-styling\">\n<h3 style=\"text-align: justify;\" data-start=\"34\" data-end=\"152\">Dos eventos conjuntos en homenaje a Ren\u00e9 Cassin: visita a la Fundaci\u00f3n seguida de una proyecci\u00f3n-debate en el Lieu d\u2019Europe<\/h3>\n<p style=\"text-align: justify;\" data-start=\"154\" data-end=\"475\">Con motivo del <strong data-start=\"170\" data-end=\"223\">50.\u00ba aniversario del fallecimiento de Ren\u00e9 Cassin<\/strong>, la<strong> Fundaci\u00f3n Ren\u00e9 Cassin \u2013 Instituto Internacional de Derechos humanos<\/strong>, <strong data-start=\"303\" data-end=\"320\">el Lieu d\u2019Europe, el Lieu documentaire y el Tribunal Europeo de Derechos Humanos <\/strong>proponen, el<strong data-start=\"335\" data-end=\"354\"> 20 de febrero de 2026<\/strong>, un homenaje en dos tiempos: una <strong data-start=\"383\" data-end=\"397\">visita <\/strong>en el coraz\u00f3n de la Fundaci\u00f3n, seguida de una <strong data-start=\"436\" data-end=\"456\">proyecci\u00f3n-debate<\/strong> abierta al p\u00fablico.<\/p>\n<p style=\"text-align: justify;\" data-start=\"477\" data-end=\"987\">Ren\u00e9 Cassin (1887\u20131976) sigue siendo una de las grandes figuras francesas e internacionales de la defensa de los <strong data-start=\"583\" data-end=\"604\">derechos humanos<\/strong>. Su trayectoria, marcada por las tragedias del siglo XX, da testimonio de una convicci\u00f3n constante: los derechos y las libertades solo perduran si son transmitidos, comprendidos y protegidos por instituciones s\u00f3lidas. Esta velada en Estrasburgo se inscribe en ese esp\u00edritu: vincular una memoria viva con una reflexi\u00f3n colectiva y hacer del homenaje un momento \u00fatil para el presente.  <\/p>\n<hr data-start=\"989\" data-end=\"992\">\n<h2 data-start=\"994\" data-end=\"1036\">1) Visita a la Fundaci\u00f3n Ren\u00e9 Cassin<\/h2>\n<h3 style=\"text-align: justify;\" data-start=\"1037\" data-end=\"1095\">Presentada por Val\u00e9rie Baud-Candau, Directora adjunta<\/h3>\n<p style=\"text-align: justify;\" data-start=\"1097\" data-end=\"1230\">Este primer momento destacado propone <strong data-start=\"1131\" data-end=\"1169\">una visita a la Fundaci\u00f3n Ren\u00e9 Cassin<\/strong>, presentada por <strong data-start=\"1185\" data-end=\"1208\">Val\u00e9rie Baud-Candau<\/strong>, Directora adjunta.<\/p>\n<p style=\"text-align: justify;\" data-start=\"1232\" data-end=\"1440\">A lo largo de la visita, descubrir\u00e1 <strong data-start=\"1272\" data-end=\"1302\">la historia de la Fundaci\u00f3n<\/strong>, su arraigo en Estrasburgo y la manera en que, desde hace d\u00e9cadas, prolonga el legado de Ren\u00e9 Cassin a trav\u00e9s de acciones concretas:<\/p>\n<ul data-start=\"1441\" data-end=\"1816\">\n<li style=\"text-align: justify;\" data-start=\"1441\" data-end=\"1528\">\n<p data-start=\"1443\" data-end=\"1528\">la <strong data-start=\"1443\" data-end=\"1478\">promoci\u00f3n de los derechos humanos<\/strong> y la difusi\u00f3n de una cultura del Estado de derecho;<\/p>\n<\/li>\n<li style=\"text-align: justify;\" data-start=\"1529\" data-end=\"1607\">\n<p data-start=\"1531\" data-end=\"1607\"><strong data-start=\"1531\" data-end=\"1545\">programas de formaci\u00f3n<\/strong> y actividades pedag\u00f3gicas, en Francia y a nivel internacional;<\/p>\n<\/li>\n<li style=\"text-align: justify;\" data-start=\"1608\" data-end=\"1686\">\n<p data-start=\"1610\" data-end=\"1686\"><strong data-start=\"1610\" data-end=\"1628\">la puesta en red <\/strong>de actores institucionales, acad\u00e9micos y asociativos;<\/p>\n<\/li>\n<li data-start=\"1687\" data-end=\"1816\">\n<p style=\"text-align: justify;\" data-start=\"1689\" data-end=\"1816\">la <strong data-start=\"1689\" data-end=\"1708\">sensibilizaci\u00f3n <\/strong>de p\u00fablicos diversos (estudiantes, profesionales, p\u00fablico en general) sobre los desaf\u00edos contempor\u00e1neos de los derechos del hombre.<\/p>\n<\/li>\n<\/ul>\n<p data-start=\"1818\" data-end=\"1970\">Esta visita est\u00e1 concebida como una puerta de entrada: comprender qu\u00e9 es la Fundaci\u00f3n, qu\u00e9 hace y por qu\u00e9 su papel sigue siendo esencial hoy en d\u00eda.<\/p>\n<p data-start=\"1972\" data-end=\"2111\"><strong data-start=\"1972\" data-end=\"2034\">Inscripci\u00f3n \u2013 Visita a la Fundaci\u00f3n (reserva obligatoria)<br data-start=\"2034\" data-end=\"2037\"> <\/strong><br \/><a href=\"https:\/\/docs.google.com\/forms\/d\/e\/1FAIpQLScAzHMTHluEZ3P9q-Og4-0Ku2dcxXI3QDNJfkf2uzBLnrrKbA\/viewform\">https:\/\/docs.google.com\/forms\/d\/e\/1FAIpQLScAzHMTHluEZ3P9q-Og4-0Ku2dcxXI3QDNJfkf2uzBLnrrKbA\/viewformhttps:\/\/culture.strasbourg.eu\/sit\/visite-de-la-fondation-cassin-564923038\/<\/a><\/p>\n<hr data-start=\"2113\" data-end=\"2116\">\n<h2 data-start=\"2118\" data-end=\"2159\">2) Proyecci\u00f3n-debate en el Lieu d\u2019Europe<\/h2>\n<h3 style=\"text-align: justify;\" data-start=\"2160\" data-end=\"2236\">\u00ab Ren\u00e9 Cassin, una vida al servicio del hombre \u00bb (documental) + intercambio<\/h3>\n<p style=\"text-align: justify;\" data-start=\"2238\" data-end=\"2410\">La velada contin\u00faa en el <strong data-start=\"2263\" data-end=\"2280\">Lieu d\u2019Europe<\/strong> con una proyecci\u00f3n-debate en torno a la pel\u00edcula:<br data-start=\"2327\" data-end=\"2330\"><strong data-start=\"2330\" data-end=\"2376\">Ren\u00e9 Cassin, una vida al servicio del hombre<\/strong> (Aubin Hellot, 2009, 56 minutos).<\/p>\n<p style=\"text-align: justify;\" data-start=\"2412\" data-end=\"2970\">Este documental recorre la trayectoria de Ren\u00e9 Cassin y el alcance de su compromiso, situando su acci\u00f3n en la historia del siglo XX y en la construcci\u00f3n de los grandes referentes contempor\u00e1neos de los derechos del hombre. La proyecci\u00f3n ir\u00e1 seguida de un espacio de intercambio con los ponentes anunciados, con el fin de prolongar la pel\u00edcula a trav\u00e9s del debate: \u00bfqu\u00e9 nos dice hoy el legado de Cassin sobre nuestro presente? \u00bfQu\u00e9 desaf\u00edos plantea actualmente la protecci\u00f3n de los derechos y libertades fundamentales? \u00bfC\u00f3mo transmitir, de manera concreta, una cultura de los derechos del hombre?   <\/p>\n<p data-start=\"2972\" data-end=\"3128\"><strong data-start=\"2972\" data-end=\"3032\">Informaci\u00f3n y acceso \u2013 Proyecci\u00f3n-debate (Lieu d\u2019Europe)<br data-start=\"3032\" data-end=\"3035\"> <\/strong><br \/><a class=\"decorated-link\" href=\"https:\/\/culture.strasbourg.eu\/conferences\/rene-cassin-une-vie-au-service-de-lhomme-564923047\/?utm_source=chatgpt.com\" target=\"_new\" rel=\"noopener\" data-start=\"3035\" data-end=\"3128\">https:\/\/culture.strasbourg.eu\/conferences\/rene-cassin-une-vie-au-service-de-lhomme-564923047\/<\/a><\/p>\n<hr data-start=\"3130\" data-end=\"3133\">\n<h2 data-start=\"3135\" data-end=\"3196\">Un homenaje en dos tiempos: descubrir, comprender, debatir<\/h2>\n<p data-start=\"3198\" data-end=\"3254\">Esta velada ha sido concebida como un recorrido coherente:<\/p>\n<ul data-start=\"3255\" data-end=\"3525\">\n<li data-start=\"3255\" data-end=\"3367\">\n<p data-start=\"3257\" data-end=\"3367\"><strong data-start=\"3257\" data-end=\"3270\">la visita <\/strong>para situar la acci\u00f3n actual de la Fundaci\u00f3n y su papel en la promoci\u00f3n de los derechos del hombre;<\/p>\n<\/li>\n<li data-start=\"3368\" data-end=\"3435\">\n<p data-start=\"3370\" data-end=\"3435\"><strong data-start=\"3370\" data-end=\"3387\">la proyecci\u00f3n<\/strong> para iluminar el recorrido de Ren\u00e9 Cassin;<\/p>\n<\/li>\n<li data-start=\"3436\" data-end=\"3525\">\n<p data-start=\"3438\" data-end=\"3525\"><strong data-start=\"3438\" data-end=\"3450\">el debate<\/strong> para hacer vivir este legado e inscribirlo en los desaf\u00edos contempor\u00e1neos.<\/p>\n<\/li>\n<\/ul>\n<hr data-start=\"3527\" data-end=\"3530\">\n<h2 data-start=\"3532\" data-end=\"3580\">Enlaces de inscripci\u00f3n e informaci\u00f3n pr\u00e1ctica<\/h2>\n<ul data-start=\"3582\" data-end=\"3889\">\n<li data-start=\"3582\" data-end=\"3715\">\n<p data-start=\"3584\" data-end=\"3715\"><strong data-start=\"3584\" data-end=\"3636\">Visita a la Fundaci\u00f3n (inscripci\u00f3n obligatoria):<br \/> <\/strong> <a href=\"https:\/\/docs.google.com\/forms\/d\/e\/1FAIpQLScAzHMTHluEZ3P9q-Og4-0Ku2dcxXI3QDNJfkf2uzBLnrrKbA\/viewformhttps:\/\/culture.strasbourg.eu\/sit\/visite-de-la-fondation-cassin-564923038\/\">https:\/\/docs.google.com\/forms\/d\/e\/1FAIpQLScAzHMTHluEZ3P9q-Og4-0Ku2dcxXI3QDNJfkf2uzBLnrrKbA\/viewformhttps:\/\/culture.strasbourg.eu\/sit\/visite-de-la-fondation-cassin-564923038\/ <\/a> <\/p>\n<\/li>\n<\/ul>\n<ul data-start=\"3582\" data-end=\"3889\">\n<li data-start=\"3717\" data-end=\"3889\">\n<p data-start=\"3719\" data-end=\"3889\"><strong data-start=\"3719\" data-end=\"3791\">Proyecci\u00f3n-debate en el Lieu d\u2019Europe (informaci\u00f3n \/ modalidades de acceso):<\/strong><br data-start=\"3793\" data-end=\"3796\"><a class=\"decorated-link\" href=\"https:\/\/culture.strasbourg.eu\/conferences\/rene-cassin-une-vie-au-service-de-lhomme-564923047\/?utm_source=chatgpt.com\" target=\"_new\" rel=\"noopener\" data-start=\"3796\" data-end=\"3889\">https:\/\/culture.strasbourg.eu\/conferences\/rene-cassin-une-vie-au-service-de-lhomme-564923047\/<\/a><\/p>\n<\/li>\n<\/ul>\n<\/div>\n<\/div>\n<\/div>\n<\/div>\n<\/div>\n<\/div>\n<\/article>\n","protected":false},"excerpt":{"rendered":"<p>Dos momentos destacados en homenaje a Ren\u00e9 Cassin: visita a  [&#8230;]<\/p>\n","protected":false},"author":2,"featured_media":7094,"comment_status":"closed","ping_status":"closed","sticky":false,"template":"","format":"standard","meta":{"footnotes":""},"categories":[124],"tags":[],"class_list":["post-7096","post","type-post","status-publish","format-standard","has-post-thumbnail","hentry","category-conmemoracion"],"yoast_head":"<!-- This site is optimized with the Yoast SEO plugin v27.5 - https:\/\/yoast.com\/product\/yoast-seo-wordpress\/ -->\n<title>Visita de la Fundaci\u00f3n y proyecci\u00f3n-debate en el Lieu d\u2019Europe (20 de febrero de 2026) - Fondation Ren\u00e9 CASSIN<\/title>\n<meta name=\"robots\" content=\"index, follow, max-snippet:-1, max-image-preview:large, max-video-preview:-1\" \/>\n<link rel=\"canonical\" href=\"https:\/\/www.iidh.org\/es\/visita-de-la-fundacion-y-proyeccion-debate-en-el-lieu-deurope-20-de-febrero-de-2026\/\" \/>\n<meta property=\"og:locale\" content=\"es_ES\" \/>\n<meta property=\"og:type\" content=\"article\" \/>\n<meta property=\"og:title\" content=\"Visita de la Fundaci\u00f3n y proyecci\u00f3n-debate en el Lieu d\u2019Europe (20 de febrero de 2026) - Fondation Ren\u00e9 CASSIN\" \/>\n<meta property=\"og:description\" content=\"Dos momentos destacados en homenaje a Ren\u00e9 Cassin: visita a [...]\" \/>\n<meta property=\"og:url\" content=\"https:\/\/www.iidh.org\/es\/visita-de-la-fundacion-y-proyeccion-debate-en-el-lieu-deurope-20-de-febrero-de-2026\/\" \/>\n<meta property=\"og:site_name\" content=\"Fondation Ren\u00e9 CASSIN\" \/>\n<meta property=\"article:publisher\" content=\"https:\/\/www.facebook.com\/FondationReneCassin\/\" \/>\n<meta property=\"article:published_time\" content=\"2026-01-27T08:50:32+00:00\" \/>\n<meta property=\"og:image\" content=\"https:\/\/www.iidh.org\/wp-content\/uploads\/2026\/01\/Cassin-juge-CEDH.jpg\" \/>\n\t<meta property=\"og:image:width\" content=\"410\" \/>\n\t<meta property=\"og:image:height\" content=\"600\" \/>\n\t<meta property=\"og:image:type\" content=\"image\/jpeg\" \/>\n<meta name=\"author\" content=\"iidh\" \/>\n<meta name=\"twitter:card\" content=\"summary_large_image\" \/>\n<meta name=\"twitter:creator\" content=\"@IIDHStrasbourg\" \/>\n<meta name=\"twitter:site\" content=\"@IIDHStrasbourg\" \/>\n<meta name=\"twitter:label1\" content=\"Escrito por\" \/>\n\t<meta name=\"twitter:data1\" content=\"iidh\" \/>\n\t<meta name=\"twitter:label2\" content=\"Tiempo de lectura\" \/>\n\t<meta name=\"twitter:data2\" content=\"3 minutos\" \/>\n<script type=\"application\/ld+json\" class=\"yoast-schema-graph\">{\"@context\":\"https:\\\/\\\/schema.org\",\"@graph\":[{\"@type\":\"Article\",\"@id\":\"https:\\\/\\\/www.iidh.org\\\/es\\\/visita-de-la-fundacion-y-proyeccion-debate-en-el-lieu-deurope-20-de-febrero-de-2026\\\/#article\",\"isPartOf\":{\"@id\":\"https:\\\/\\\/www.iidh.org\\\/es\\\/visita-de-la-fundacion-y-proyeccion-debate-en-el-lieu-deurope-20-de-febrero-de-2026\\\/\"},\"author\":{\"name\":\"iidh\",\"@id\":\"https:\\\/\\\/www.iidh.org\\\/es\\\/#\\\/schema\\\/person\\\/b11ebaff7344b9379adfa42046c36b7b\"},\"headline\":\"Visita de la Fundaci\u00f3n y proyecci\u00f3n-debate en el Lieu d\u2019Europe (20 de febrero de 2026)\",\"datePublished\":\"2026-01-27T08:50:32+00:00\",\"mainEntityOfPage\":{\"@id\":\"https:\\\/\\\/www.iidh.org\\\/es\\\/visita-de-la-fundacion-y-proyeccion-debate-en-el-lieu-deurope-20-de-febrero-de-2026\\\/\"},\"wordCount\":692,\"publisher\":{\"@id\":\"https:\\\/\\\/www.iidh.org\\\/es\\\/#organization\"},\"image\":{\"@id\":\"https:\\\/\\\/www.iidh.org\\\/es\\\/visita-de-la-fundacion-y-proyeccion-debate-en-el-lieu-deurope-20-de-febrero-de-2026\\\/#primaryimage\"},\"thumbnailUrl\":\"https:\\\/\\\/www.iidh.org\\\/wp-content\\\/uploads\\\/2026\\\/01\\\/Cassin-juge-CEDH.jpg\",\"articleSection\":[\"Conmemoraci\u00f3n\"],\"inLanguage\":\"es\"},{\"@type\":\"WebPage\",\"@id\":\"https:\\\/\\\/www.iidh.org\\\/es\\\/visita-de-la-fundacion-y-proyeccion-debate-en-el-lieu-deurope-20-de-febrero-de-2026\\\/\",\"url\":\"https:\\\/\\\/www.iidh.org\\\/es\\\/visita-de-la-fundacion-y-proyeccion-debate-en-el-lieu-deurope-20-de-febrero-de-2026\\\/\",\"name\":\"Visita de la Fundaci\u00f3n y proyecci\u00f3n-debate en el Lieu d\u2019Europe (20 de febrero de 2026) - Fondation Ren\u00e9 CASSIN\",\"isPartOf\":{\"@id\":\"https:\\\/\\\/www.iidh.org\\\/es\\\/#website\"},\"primaryImageOfPage\":{\"@id\":\"https:\\\/\\\/www.iidh.org\\\/es\\\/visita-de-la-fundacion-y-proyeccion-debate-en-el-lieu-deurope-20-de-febrero-de-2026\\\/#primaryimage\"},\"image\":{\"@id\":\"https:\\\/\\\/www.iidh.org\\\/es\\\/visita-de-la-fundacion-y-proyeccion-debate-en-el-lieu-deurope-20-de-febrero-de-2026\\\/#primaryimage\"},\"thumbnailUrl\":\"https:\\\/\\\/www.iidh.org\\\/wp-content\\\/uploads\\\/2026\\\/01\\\/Cassin-juge-CEDH.jpg\",\"datePublished\":\"2026-01-27T08:50:32+00:00\",\"breadcrumb\":{\"@id\":\"https:\\\/\\\/www.iidh.org\\\/es\\\/visita-de-la-fundacion-y-proyeccion-debate-en-el-lieu-deurope-20-de-febrero-de-2026\\\/#breadcrumb\"},\"inLanguage\":\"es\",\"potentialAction\":[{\"@type\":\"ReadAction\",\"target\":[\"https:\\\/\\\/www.iidh.org\\\/es\\\/visita-de-la-fundacion-y-proyeccion-debate-en-el-lieu-deurope-20-de-febrero-de-2026\\\/\"]}]},{\"@type\":\"ImageObject\",\"inLanguage\":\"es\",\"@id\":\"https:\\\/\\\/www.iidh.org\\\/es\\\/visita-de-la-fundacion-y-proyeccion-debate-en-el-lieu-deurope-20-de-febrero-de-2026\\\/#primaryimage\",\"url\":\"https:\\\/\\\/www.iidh.org\\\/wp-content\\\/uploads\\\/2026\\\/01\\\/Cassin-juge-CEDH.jpg\",\"contentUrl\":\"https:\\\/\\\/www.iidh.org\\\/wp-content\\\/uploads\\\/2026\\\/01\\\/Cassin-juge-CEDH.jpg\",\"width\":410,\"height\":600,\"caption\":\"Cassin\"},{\"@type\":\"BreadcrumbList\",\"@id\":\"https:\\\/\\\/www.iidh.org\\\/es\\\/visita-de-la-fundacion-y-proyeccion-debate-en-el-lieu-deurope-20-de-febrero-de-2026\\\/#breadcrumb\",\"itemListElement\":[{\"@type\":\"ListItem\",\"position\":1,\"name\":\"Accueil\",\"item\":\"https:\\\/\\\/www.iidh.org\\\/es\\\/\"},{\"@type\":\"ListItem\",\"position\":2,\"name\":\"Visita de la Fundaci\u00f3n y proyecci\u00f3n-debate en el Lieu d\u2019Europe (20 de febrero de 2026)\"}]},{\"@type\":\"WebSite\",\"@id\":\"https:\\\/\\\/www.iidh.org\\\/es\\\/#website\",\"url\":\"https:\\\/\\\/www.iidh.org\\\/es\\\/\",\"name\":\"Fondation Ren\u00e9 CASSIN\",\"description\":\"\",\"publisher\":{\"@id\":\"https:\\\/\\\/www.iidh.org\\\/es\\\/#organization\"},\"potentialAction\":[{\"@type\":\"SearchAction\",\"target\":{\"@type\":\"EntryPoint\",\"urlTemplate\":\"https:\\\/\\\/www.iidh.org\\\/es\\\/?s={search_term_string}\"},\"query-input\":{\"@type\":\"PropertyValueSpecification\",\"valueRequired\":true,\"valueName\":\"search_term_string\"}}],\"inLanguage\":\"es\"},{\"@type\":\"Organization\",\"@id\":\"https:\\\/\\\/www.iidh.org\\\/es\\\/#organization\",\"name\":\"Fondation Ren\u00e9 CASSIN\",\"url\":\"https:\\\/\\\/www.iidh.org\\\/es\\\/\",\"logo\":{\"@type\":\"ImageObject\",\"inLanguage\":\"es\",\"@id\":\"https:\\\/\\\/www.iidh.org\\\/es\\\/#\\\/schema\\\/logo\\\/image\\\/\",\"url\":\"https:\\\/\\\/www.iidh.org\\\/wp-content\\\/uploads\\\/2024\\\/09\\\/LOGO_FRC-rouge.svg\",\"contentUrl\":\"https:\\\/\\\/www.iidh.org\\\/wp-content\\\/uploads\\\/2024\\\/09\\\/LOGO_FRC-rouge.svg\",\"width\":699,\"height\":221,\"caption\":\"Fondation Ren\u00e9 CASSIN\"},\"image\":{\"@id\":\"https:\\\/\\\/www.iidh.org\\\/es\\\/#\\\/schema\\\/logo\\\/image\\\/\"},\"sameAs\":[\"https:\\\/\\\/www.facebook.com\\\/FondationReneCassin\\\/\",\"https:\\\/\\\/x.com\\\/IIDHStrasbourg\",\"https:\\\/\\\/www.instagram.com\\\/fondationrenecassin\\\/\"]},{\"@type\":\"Person\",\"@id\":\"https:\\\/\\\/www.iidh.org\\\/es\\\/#\\\/schema\\\/person\\\/b11ebaff7344b9379adfa42046c36b7b\",\"name\":\"iidh\"}]}<\/script>\n<!-- \/ Yoast SEO plugin. -->","yoast_head_json":{"title":"Visita de la Fundaci\u00f3n y proyecci\u00f3n-debate en el Lieu d\u2019Europe (20 de febrero de 2026) - Fondation Ren\u00e9 CASSIN","robots":{"index":"index","follow":"follow","max-snippet":"max-snippet:-1","max-image-preview":"max-image-preview:large","max-video-preview":"max-video-preview:-1"},"canonical":"https:\/\/www.iidh.org\/es\/visita-de-la-fundacion-y-proyeccion-debate-en-el-lieu-deurope-20-de-febrero-de-2026\/","og_locale":"es_ES","og_type":"article","og_title":"Visita de la Fundaci\u00f3n y proyecci\u00f3n-debate en el Lieu d\u2019Europe (20 de febrero de 2026) - Fondation Ren\u00e9 CASSIN","og_description":"Dos momentos destacados en homenaje a Ren\u00e9 Cassin: visita a [...]","og_url":"https:\/\/www.iidh.org\/es\/visita-de-la-fundacion-y-proyeccion-debate-en-el-lieu-deurope-20-de-febrero-de-2026\/","og_site_name":"Fondation Ren\u00e9 CASSIN","article_publisher":"https:\/\/www.facebook.com\/FondationReneCassin\/","article_published_time":"2026-01-27T08:50:32+00:00","og_image":[{"width":410,"height":600,"url":"https:\/\/www.iidh.org\/wp-content\/uploads\/2026\/01\/Cassin-juge-CEDH.jpg","type":"image\/jpeg"}],"author":"iidh","twitter_card":"summary_large_image","twitter_creator":"@IIDHStrasbourg","twitter_site":"@IIDHStrasbourg","twitter_misc":{"Escrito por":"iidh","Tiempo de lectura":"3 minutos"},"schema":{"@context":"https:\/\/schema.org","@graph":[{"@type":"Article","@id":"https:\/\/www.iidh.org\/es\/visita-de-la-fundacion-y-proyeccion-debate-en-el-lieu-deurope-20-de-febrero-de-2026\/#article","isPartOf":{"@id":"https:\/\/www.iidh.org\/es\/visita-de-la-fundacion-y-proyeccion-debate-en-el-lieu-deurope-20-de-febrero-de-2026\/"},"author":{"name":"iidh","@id":"https:\/\/www.iidh.org\/es\/#\/schema\/person\/b11ebaff7344b9379adfa42046c36b7b"},"headline":"Visita de la Fundaci\u00f3n y proyecci\u00f3n-debate en el Lieu d\u2019Europe (20 de febrero de 2026)","datePublished":"2026-01-27T08:50:32+00:00","mainEntityOfPage":{"@id":"https:\/\/www.iidh.org\/es\/visita-de-la-fundacion-y-proyeccion-debate-en-el-lieu-deurope-20-de-febrero-de-2026\/"},"wordCount":692,"publisher":{"@id":"https:\/\/www.iidh.org\/es\/#organization"},"image":{"@id":"https:\/\/www.iidh.org\/es\/visita-de-la-fundacion-y-proyeccion-debate-en-el-lieu-deurope-20-de-febrero-de-2026\/#primaryimage"},"thumbnailUrl":"https:\/\/www.iidh.org\/wp-content\/uploads\/2026\/01\/Cassin-juge-CEDH.jpg","articleSection":["Conmemoraci\u00f3n"],"inLanguage":"es"},{"@type":"WebPage","@id":"https:\/\/www.iidh.org\/es\/visita-de-la-fundacion-y-proyeccion-debate-en-el-lieu-deurope-20-de-febrero-de-2026\/","url":"https:\/\/www.iidh.org\/es\/visita-de-la-fundacion-y-proyeccion-debate-en-el-lieu-deurope-20-de-febrero-de-2026\/","name":"Visita de la Fundaci\u00f3n y proyecci\u00f3n-debate en el Lieu d\u2019Europe (20 de febrero de 2026) - Fondation Ren\u00e9 CASSIN","isPartOf":{"@id":"https:\/\/www.iidh.org\/es\/#website"},"primaryImageOfPage":{"@id":"https:\/\/www.iidh.org\/es\/visita-de-la-fundacion-y-proyeccion-debate-en-el-lieu-deurope-20-de-febrero-de-2026\/#primaryimage"},"image":{"@id":"https:\/\/www.iidh.org\/es\/visita-de-la-fundacion-y-proyeccion-debate-en-el-lieu-deurope-20-de-febrero-de-2026\/#primaryimage"},"thumbnailUrl":"https:\/\/www.iidh.org\/wp-content\/uploads\/2026\/01\/Cassin-juge-CEDH.jpg","datePublished":"2026-01-27T08:50:32+00:00","breadcrumb":{"@id":"https:\/\/www.iidh.org\/es\/visita-de-la-fundacion-y-proyeccion-debate-en-el-lieu-deurope-20-de-febrero-de-2026\/#breadcrumb"},"inLanguage":"es","potentialAction":[{"@type":"ReadAction","target":["https:\/\/www.iidh.org\/es\/visita-de-la-fundacion-y-proyeccion-debate-en-el-lieu-deurope-20-de-febrero-de-2026\/"]}]},{"@type":"ImageObject","inLanguage":"es","@id":"https:\/\/www.iidh.org\/es\/visita-de-la-fundacion-y-proyeccion-debate-en-el-lieu-deurope-20-de-febrero-de-2026\/#primaryimage","url":"https:\/\/www.iidh.org\/wp-content\/uploads\/2026\/01\/Cassin-juge-CEDH.jpg","contentUrl":"https:\/\/www.iidh.org\/wp-content\/uploads\/2026\/01\/Cassin-juge-CEDH.jpg","width":410,"height":600,"caption":"Cassin"},{"@type":"BreadcrumbList","@id":"https:\/\/www.iidh.org\/es\/visita-de-la-fundacion-y-proyeccion-debate-en-el-lieu-deurope-20-de-febrero-de-2026\/#breadcrumb","itemListElement":[{"@type":"ListItem","position":1,"name":"Accueil","item":"https:\/\/www.iidh.org\/es\/"},{"@type":"ListItem","position":2,"name":"Visita de la Fundaci\u00f3n y proyecci\u00f3n-debate en el Lieu d\u2019Europe (20 de febrero de 2026)"}]},{"@type":"WebSite","@id":"https:\/\/www.iidh.org\/es\/#website","url":"https:\/\/www.iidh.org\/es\/","name":"Fondation Ren\u00e9 CASSIN","description":"","publisher":{"@id":"https:\/\/www.iidh.org\/es\/#organization"},"potentialAction":[{"@type":"SearchAction","target":{"@type":"EntryPoint","urlTemplate":"https:\/\/www.iidh.org\/es\/?s={search_term_string}"},"query-input":{"@type":"PropertyValueSpecification","valueRequired":true,"valueName":"search_term_string"}}],"inLanguage":"es"},{"@type":"Organization","@id":"https:\/\/www.iidh.org\/es\/#organization","name":"Fondation Ren\u00e9 CASSIN","url":"https:\/\/www.iidh.org\/es\/","logo":{"@type":"ImageObject","inLanguage":"es","@id":"https:\/\/www.iidh.org\/es\/#\/schema\/logo\/image\/","url":"https:\/\/www.iidh.org\/wp-content\/uploads\/2024\/09\/LOGO_FRC-rouge.svg","contentUrl":"https:\/\/www.iidh.org\/wp-content\/uploads\/2024\/09\/LOGO_FRC-rouge.svg","width":699,"height":221,"caption":"Fondation Ren\u00e9 CASSIN"},"image":{"@id":"https:\/\/www.iidh.org\/es\/#\/schema\/logo\/image\/"},"sameAs":["https:\/\/www.facebook.com\/FondationReneCassin\/","https:\/\/x.com\/IIDHStrasbourg","https:\/\/www.instagram.com\/fondationrenecassin\/"]},{"@type":"Person","@id":"https:\/\/www.iidh.org\/es\/#\/schema\/person\/b11ebaff7344b9379adfa42046c36b7b","name":"iidh"}]}},"_links":{"self":[{"href":"https:\/\/www.iidh.org\/es\/wp-json\/wp\/v2\/posts\/7096","targetHints":{"allow":["GET"]}}],"collection":[{"href":"https:\/\/www.iidh.org\/es\/wp-json\/wp\/v2\/posts"}],"about":[{"href":"https:\/\/www.iidh.org\/es\/wp-json\/wp\/v2\/types\/post"}],"author":[{"embeddable":true,"href":"https:\/\/www.iidh.org\/es\/wp-json\/wp\/v2\/users\/2"}],"replies":[{"embeddable":true,"href":"https:\/\/www.iidh.org\/es\/wp-json\/wp\/v2\/comments?post=7096"}],"version-history":[{"count":0,"href":"https:\/\/www.iidh.org\/es\/wp-json\/wp\/v2\/posts\/7096\/revisions"}],"wp:featuredmedia":[{"embeddable":true,"href":"https:\/\/www.iidh.org\/es\/wp-json\/wp\/v2\/media\/7094"}],"wp:attachment":[{"href":"https:\/\/www.iidh.org\/es\/wp-json\/wp\/v2\/media?parent=7096"}],"wp:term":[{"taxonomy":"category","embeddable":true,"href":"https:\/\/www.iidh.org\/es\/wp-json\/wp\/v2\/categories?post=7096"},{"taxonomy":"post_tag","embeddable":true,"href":"https:\/\/www.iidh.org\/es\/wp-json\/wp\/v2\/tags?post=7096"}],"curies":[{"name":"wp","href":"https:\/\/api.w.org\/{rel}","templated":true}]}}