{"id":7099,"date":"2026-01-26T18:35:31","date_gmt":"2026-01-26T16:35:31","guid":{"rendered":"https:\/\/www.iidh.org\/jornada-de-homenaje-a-rene-cassin-1887-1976-20-de-febrero-de-2026\/"},"modified":"2026-01-26T18:35:31","modified_gmt":"2026-01-26T16:35:31","slug":"jornada-de-homenaje-a-rene-cassin-1887-1976-20-de-febrero-de-2026","status":"publish","type":"post","link":"https:\/\/www.iidh.org\/es\/jornada-de-homenaje-a-rene-cassin-1887-1976-20-de-febrero-de-2026\/","title":{"rendered":"Jornada de homenaje a Ren\u00e9 Cassin (1887\u20131976) (20 de febrero de 2026)"},"content":{"rendered":"<h2 data-start=\"0\" data-end=\"48\">Jornada de homenaje a Ren\u00e9 Cassin (1887\u20131976)<\/h2>\n<h3 data-start=\"49\" data-end=\"115\">50.\u00ba aniversario de su fallecimiento \u2014 Instituto de Francia, Par\u00eds<\/h3>\n<p data-start=\"117\" data-end=\"367\">El viernes <strong data-start=\"129\" data-end=\"148\">20 de febrero de 2026<\/strong>, el Instituto de Francia acoger\u00e1 una jornada de homenaje a <strong data-start=\"207\" data-end=\"222\">Ren\u00e9 Cassin<\/strong> (1887\u20131976): una fecha simb\u00f3lica para recordar, cincuenta a\u00f1os despu\u00e9s de su fallecimiento, la fuerza de un legado que sigue iluminando nuestro tiempo.<\/p>\n<p data-start=\"369\" data-end=\"839\">Jurista excepcional, art\u00edfice de la Francia Libre y paciente constructor de las garant\u00edas fundamentales, Ren\u00e9 Cassin no se limit\u00f3 a defender principios: contribuy\u00f3 a darles <strong data-start=\"552\" data-end=\"571\">forma jur\u00eddica<\/strong>, <strong data-start=\"577\" data-end=\"599\">alcance universal<\/strong> y, sobre todo, <strong data-start=\"616\" data-end=\"630\">eficacia<\/strong>. A trav\u00e9s de \u00e9l, se rinde homenaje a una cierta idea de los <strong data-start=\"675\" data-end=\"696\">derechos humanos<\/strong>: la de un derecho que protege, que limita la arbitrariedad y que transforma la indignaci\u00f3n moral en exigencias exigibles. <\/p>\n<h2 data-start=\"846\" data-end=\"895\">Una jornada respaldada por grandes instituciones<\/h2>\n<p data-start=\"897\" data-end=\"1253\">Organizada conjuntamente por la <strong data-start=\"925\" data-end=\"974\">Academia de Ciencias Morales y Pol\u00edticas<\/strong>, el <strong data-start=\"979\" data-end=\"997\">Consejo de Estado<\/strong>, el <strong data-start=\"1002\" data-end=\"1043\">Tribunal Europeo de Derechos Humanos<\/strong> y la <strong data-start=\"1050\" data-end=\"1122\">Fundaci\u00f3n Ren\u00e9 Cassin \u2013 Instituto Internacional de Derechos Humanos<\/strong>, esta jornada se celebrar\u00e1 en Par\u00eds, en el <strong data-start=\"1163\" data-end=\"1208\">Auditorio Andr\u00e9 y Liliane Bettencourt <\/strong>(Instituto de Francia, 3 rue Mazarine, 75006).<\/p>\n<p data-start=\"1255\" data-end=\"1383\">La jornada se desarrollar\u00e1 bajo la presidencia de <strong data-start=\"1294\" data-end=\"1311\">Bernard Stirn<\/strong>, Secretario perpetuo de la Academia de Ciencias Morales y Pol\u00edticas.<\/p>\n<h2 data-start=\"1390\" data-end=\"1438\">\u00bfPor qu\u00e9 conmemorar a Ren\u00e9 Cassin hoy?<\/h2>\n<p data-start=\"1440\" data-end=\"1568\">La ambici\u00f3n de este encuentro no es fijar a Cassin en una conmemoraci\u00f3n; es abrir un <strong data-start=\"1541\" data-end=\"1567\">espacio de transmisi\u00f3n<\/strong>.<\/p>\n<p data-start=\"1570\" data-end=\"1892\">Ren\u00e9 Cassin pertenece a esas raras figuras cuya obra obliga a pensar el presente. De la guerra a la paz, del compromiso a la instituci\u00f3n, de la fidelidad a la Rep\u00fablica a la invenci\u00f3n de mecanismos internacionales de protecci\u00f3n, su trayectoria dibuja un recorrido en el que la exigencia del derecho se encuentra con la necesidad de la historia. <\/p>\n<p data-start=\"1894\" data-end=\"2280\">En un momento en que los derechos humanos se ven puestos a prueba por la violencia, la desinformaci\u00f3n, la tentaci\u00f3n de la excepci\u00f3n permanente o la fragilizaci\u00f3n del Estado de derecho, volver a Cassin es reafirmar una convicci\u00f3n simple: <strong data-start=\"2126\" data-end=\"2280\">no hay paz duradera sin garant\u00edas, no hay democracia viva sin control y no hay libertad real sin instituciones capaces de defenderla<\/strong>.<br data-start=\"2123\" data-end=\"2126\"><\/p>\n<h2 data-start=\"2287\" data-end=\"2359\">Un programa que vincula la historia con la actualidad de los derechos humanos<\/h2>\n<p data-start=\"2361\" data-end=\"2549\">A lo largo de la tarde, las intervenciones pondr\u00e1n de relieve varios rostros de Ren\u00e9 Cassin y la coherencia de una misma lucha: <strong data-start=\"2498\" data-end=\"2548\">la de hacer justiciable la dignidad humana<\/strong>.<\/p>\n<p data-start=\"2551\" data-end=\"2822\">Las sesiones dedicadas a \u00ab <strong data-start=\"2578\" data-end=\"2615\">Ren\u00e9 Cassin frente a la Historia <\/strong>\u00bb y \u00ab <strong data-start=\"2619\" data-end=\"2653\">Ren\u00e9 Cassin en su tiempo<\/strong> \u00bb recordar\u00e1n su papel en la Francia Libre, su acci\u00f3n intelectual y p\u00fablica, as\u00ed como la manera en que su obra se inscribe en las transformaciones del siglo XX.<\/p>\n<p data-start=\"2824\" data-end=\"3021\">La proyecci\u00f3n de<strong data-start=\"2840\" data-end=\"2867\"> im\u00e1genes de archivo (INA)<\/strong> dar\u00e1 cuerpo a este relato: no como una simple ilustraci\u00f3n, sino como una memoria viva que restituye la densidad de un compromiso y la gravedad de una \u00e9poca.<\/p>\n<p data-start=\"2824\" data-end=\"3021\">Para m\u00e1s informaci\u00f3n, le invitamos a consultar <a href=\"https:\/\/www.iidh.org\/wp-content\/uploads\/2026\/01\/Journee-dhommage-a-Rene-Cassin-Programme-definitif.pdf\">el programa detallado<\/a>.<\/p>\n<h2 data-start=\"3028\" data-end=\"3087\">El legado de Cassin: un m\u00e9todo, un rumbo, una exigencia<\/h2>\n<p data-start=\"3089\" data-end=\"3234\">La jornada conducir\u00e1 luego a lo que constituye el n\u00facleo del mensaje cassiniano: <strong data-start=\"3167\" data-end=\"3233\">el Estado de derecho como condici\u00f3n pr\u00e1ctica de los derechos humanos<\/strong>.<\/p>\n<p data-start=\"3236\" data-end=\"3395\">Al reunir voces procedentes de grandes instituciones y de la reflexi\u00f3n acad\u00e9mica, se vincular\u00e1 la experiencia de Cassin con desaf\u00edos contempor\u00e1neos decisivos:<\/p>\n<ul data-start=\"3396\" data-end=\"3594\">\n<li data-start=\"3396\" data-end=\"3448\">\n<p data-start=\"3398\" data-end=\"3448\">la solidez de las <strong data-start=\"3414\" data-end=\"3445\">garant\u00edas jurisdiccionales,<\/strong><\/p>\n<\/li>\n<li data-start=\"3449\" data-end=\"3510\">\n<p data-start=\"3451\" data-end=\"3510\">el valor de los <strong data-start=\"3465\" data-end=\"3492\">archivos y de las fuentes<\/strong> para la verdad,<\/p>\n<\/li>\n<li data-start=\"3511\" data-end=\"3594\">\n<p data-start=\"3513\" data-end=\"3594\">la <strong data-start=\"3515\" data-end=\"3550\">educaci\u00f3n en derechos humanos<\/strong> como una cultura de paz y de responsabilidad.<\/p>\n<\/li>\n<\/ul>\n<p data-start=\"3596\" data-end=\"3881\">A trav\u00e9s de estos temas se dibuja un hilo conductor: el legado de Ren\u00e9 Cassin no se reduce ni a una biograf\u00eda prestigiosa ni a un s\u00edmbolo. Es un <strong data-start=\"3738\" data-end=\"3749\">m\u00e9todo <\/strong>\u2014riguroso, paciente y exigente\u2014 para construir protecciones concretas y hacer del derecho un<strong data-start=\"3849\" data-end=\"3880\"> baluarte contra la arbitrariedad<\/strong>. <\/p>\n<h2 data-start=\"3888\" data-end=\"3913\">Informacion practica<\/h2>\n<ul data-start=\"3915\" data-end=\"4188\">\n<li data-start=\"3915\" data-end=\"3954\">\n<p data-start=\"3917\" data-end=\"3954\"><strong data-start=\"3917\" data-end=\"3927\">Fecha<\/strong>: viernes, 20 de febrero de 2026<\/p>\n<\/li>\n<li data-start=\"3955\" data-end=\"4067\">\n<p data-start=\"3957\" data-end=\"4067\"><strong data-start=\"3957\" data-end=\"3967\">Lugar<\/strong>: Instituto de Francia \u2014 Auditorio Andr\u00e9 y Liliane Bettencourt<br data-start=\"4028\" data-end=\"4031\"><strong data-start=\"4033\" data-end=\"4065\">3, rue Mazarine, 75006 Par\u00eds<\/strong><\/p>\n<\/li>\n<li data-start=\"4068\" data-end=\"4188\">\n<p data-start=\"4070\" data-end=\"4188\"><strong data-start=\"4070\" data-end=\"4089\">Organizadores<\/strong>: Academia de Ciencias Morales y Pol\u00edticas \u00b7 Consejo de Estado \u00b7 Tribunal Europeo de Derechos Humanos (TEDH) \u00b7 Fundaci\u00f3n Ren\u00e9 Cassin \u2013 IIDH<\/p>\n<\/li>\n<\/ul>\n<h2 data-start=\"4195\" data-end=\"4223\">Inscripci\u00f3n (obligatoria)<\/h2>\n<p data-start=\"4225\" data-end=\"4342\" data-is-last-node=\"\" data-is-only-node=\"\"><strong data-start=\"4225\" data-end=\"4249\">Enlace de inscripci\u00f3n:<\/strong><br data-start=\"4249\" data-end=\"4252\"> <a class=\"decorated-link\" href=\"https:\/\/www.eventbrite.fr\/e\/billets-journee-dhommage-a-rene-cassin-1887-1976-1978146170446\" target=\"_new\" rel=\"noopener\" data-start=\"4252\" data-end=\"4342\" data-is-last-node=\"\">https:\/\/www.eventbrite.fr\/e\/billets-journee-dhommage-a-rene-cassin-1887-1976-1978146170446<\/a><\/p>\n","protected":false},"excerpt":{"rendered":"<p>Jornada de homenaje a Ren\u00e9 Cassin (1887\u20131976) 50.\u00ba aniversario de  [&#8230;]<\/p>\n","protected":false},"author":2,"featured_media":7098,"comment_status":"closed","ping_status":"closed","sticky":false,"template":"","format":"standard","meta":{"footnotes":""},"categories":[124],"tags":[],"class_list":["post-7099","post","type-post","status-publish","format-standard","has-post-thumbnail","hentry","category-conmemoracion"],"yoast_head":"<!-- This site is optimized with the Yoast SEO plugin v27.5 - https:\/\/yoast.com\/product\/yoast-seo-wordpress\/ -->\n<title>Jornada de homenaje a Ren\u00e9 Cassin (1887\u20131976) (20 de febrero de 2026) - Fondation Ren\u00e9 CASSIN<\/title>\n<meta name=\"robots\" content=\"index, follow, max-snippet:-1, max-image-preview:large, max-video-preview:-1\" \/>\n<link rel=\"canonical\" href=\"https:\/\/www.iidh.org\/es\/jornada-de-homenaje-a-rene-cassin-1887-1976-20-de-febrero-de-2026\/\" \/>\n<meta property=\"og:locale\" content=\"es_ES\" \/>\n<meta property=\"og:type\" content=\"article\" \/>\n<meta property=\"og:title\" content=\"Jornada de homenaje a Ren\u00e9 Cassin (1887\u20131976) (20 de febrero de 2026) - Fondation Ren\u00e9 CASSIN\" \/>\n<meta property=\"og:description\" content=\"Jornada de homenaje a Ren\u00e9 Cassin (1887\u20131976) 50.\u00ba aniversario de [...]\" \/>\n<meta property=\"og:url\" content=\"https:\/\/www.iidh.org\/es\/jornada-de-homenaje-a-rene-cassin-1887-1976-20-de-febrero-de-2026\/\" \/>\n<meta property=\"og:site_name\" content=\"Fondation Ren\u00e9 CASSIN\" \/>\n<meta property=\"article:publisher\" content=\"https:\/\/www.facebook.com\/FondationReneCassin\/\" \/>\n<meta property=\"article:published_time\" content=\"2026-01-26T16:35:31+00:00\" \/>\n<meta property=\"og:image\" content=\"https:\/\/www.iidh.org\/wp-content\/uploads\/2026\/01\/Journee-dhommage-a-Rene-Cassin-.png\" \/>\n\t<meta property=\"og:image:width\" content=\"1587\" \/>\n\t<meta property=\"og:image:height\" content=\"2245\" \/>\n\t<meta property=\"og:image:type\" content=\"image\/png\" \/>\n<meta name=\"author\" content=\"iidh\" \/>\n<meta name=\"twitter:card\" content=\"summary_large_image\" \/>\n<meta name=\"twitter:creator\" content=\"@IIDHStrasbourg\" \/>\n<meta name=\"twitter:site\" content=\"@IIDHStrasbourg\" \/>\n<meta name=\"twitter:label1\" content=\"Escrito por\" \/>\n\t<meta name=\"twitter:data1\" content=\"iidh\" \/>\n\t<meta name=\"twitter:label2\" content=\"Tiempo de lectura\" \/>\n\t<meta name=\"twitter:data2\" content=\"4 minutos\" \/>\n<script type=\"application\/ld+json\" class=\"yoast-schema-graph\">{\"@context\":\"https:\\\/\\\/schema.org\",\"@graph\":[{\"@type\":\"Article\",\"@id\":\"https:\\\/\\\/www.iidh.org\\\/es\\\/jornada-de-homenaje-a-rene-cassin-1887-1976-20-de-febrero-de-2026\\\/#article\",\"isPartOf\":{\"@id\":\"https:\\\/\\\/www.iidh.org\\\/es\\\/jornada-de-homenaje-a-rene-cassin-1887-1976-20-de-febrero-de-2026\\\/\"},\"author\":{\"name\":\"iidh\",\"@id\":\"https:\\\/\\\/www.iidh.org\\\/es\\\/#\\\/schema\\\/person\\\/b11ebaff7344b9379adfa42046c36b7b\"},\"headline\":\"Jornada de homenaje a Ren\u00e9 Cassin (1887\u20131976) (20 de febrero de 2026)\",\"datePublished\":\"2026-01-26T16:35:31+00:00\",\"mainEntityOfPage\":{\"@id\":\"https:\\\/\\\/www.iidh.org\\\/es\\\/jornada-de-homenaje-a-rene-cassin-1887-1976-20-de-febrero-de-2026\\\/\"},\"wordCount\":720,\"publisher\":{\"@id\":\"https:\\\/\\\/www.iidh.org\\\/es\\\/#organization\"},\"image\":{\"@id\":\"https:\\\/\\\/www.iidh.org\\\/es\\\/jornada-de-homenaje-a-rene-cassin-1887-1976-20-de-febrero-de-2026\\\/#primaryimage\"},\"thumbnailUrl\":\"https:\\\/\\\/www.iidh.org\\\/wp-content\\\/uploads\\\/2026\\\/01\\\/Journee-dhommage-a-Rene-Cassin-.png\",\"articleSection\":[\"Conmemoraci\u00f3n\"],\"inLanguage\":\"es\"},{\"@type\":\"WebPage\",\"@id\":\"https:\\\/\\\/www.iidh.org\\\/es\\\/jornada-de-homenaje-a-rene-cassin-1887-1976-20-de-febrero-de-2026\\\/\",\"url\":\"https:\\\/\\\/www.iidh.org\\\/es\\\/jornada-de-homenaje-a-rene-cassin-1887-1976-20-de-febrero-de-2026\\\/\",\"name\":\"Jornada de homenaje a Ren\u00e9 Cassin (1887\u20131976) (20 de febrero de 2026) - Fondation Ren\u00e9 CASSIN\",\"isPartOf\":{\"@id\":\"https:\\\/\\\/www.iidh.org\\\/es\\\/#website\"},\"primaryImageOfPage\":{\"@id\":\"https:\\\/\\\/www.iidh.org\\\/es\\\/jornada-de-homenaje-a-rene-cassin-1887-1976-20-de-febrero-de-2026\\\/#primaryimage\"},\"image\":{\"@id\":\"https:\\\/\\\/www.iidh.org\\\/es\\\/jornada-de-homenaje-a-rene-cassin-1887-1976-20-de-febrero-de-2026\\\/#primaryimage\"},\"thumbnailUrl\":\"https:\\\/\\\/www.iidh.org\\\/wp-content\\\/uploads\\\/2026\\\/01\\\/Journee-dhommage-a-Rene-Cassin-.png\",\"datePublished\":\"2026-01-26T16:35:31+00:00\",\"breadcrumb\":{\"@id\":\"https:\\\/\\\/www.iidh.org\\\/es\\\/jornada-de-homenaje-a-rene-cassin-1887-1976-20-de-febrero-de-2026\\\/#breadcrumb\"},\"inLanguage\":\"es\",\"potentialAction\":[{\"@type\":\"ReadAction\",\"target\":[\"https:\\\/\\\/www.iidh.org\\\/es\\\/jornada-de-homenaje-a-rene-cassin-1887-1976-20-de-febrero-de-2026\\\/\"]}]},{\"@type\":\"ImageObject\",\"inLanguage\":\"es\",\"@id\":\"https:\\\/\\\/www.iidh.org\\\/es\\\/jornada-de-homenaje-a-rene-cassin-1887-1976-20-de-febrero-de-2026\\\/#primaryimage\",\"url\":\"https:\\\/\\\/www.iidh.org\\\/wp-content\\\/uploads\\\/2026\\\/01\\\/Journee-dhommage-a-Rene-Cassin-.png\",\"contentUrl\":\"https:\\\/\\\/www.iidh.org\\\/wp-content\\\/uploads\\\/2026\\\/01\\\/Journee-dhommage-a-Rene-Cassin-.png\",\"width\":1587,\"height\":2245},{\"@type\":\"BreadcrumbList\",\"@id\":\"https:\\\/\\\/www.iidh.org\\\/es\\\/jornada-de-homenaje-a-rene-cassin-1887-1976-20-de-febrero-de-2026\\\/#breadcrumb\",\"itemListElement\":[{\"@type\":\"ListItem\",\"position\":1,\"name\":\"Accueil\",\"item\":\"https:\\\/\\\/www.iidh.org\\\/es\\\/\"},{\"@type\":\"ListItem\",\"position\":2,\"name\":\"Jornada de homenaje a Ren\u00e9 Cassin (1887\u20131976) (20 de febrero de 2026)\"}]},{\"@type\":\"WebSite\",\"@id\":\"https:\\\/\\\/www.iidh.org\\\/es\\\/#website\",\"url\":\"https:\\\/\\\/www.iidh.org\\\/es\\\/\",\"name\":\"Fondation Ren\u00e9 CASSIN\",\"description\":\"\",\"publisher\":{\"@id\":\"https:\\\/\\\/www.iidh.org\\\/es\\\/#organization\"},\"potentialAction\":[{\"@type\":\"SearchAction\",\"target\":{\"@type\":\"EntryPoint\",\"urlTemplate\":\"https:\\\/\\\/www.iidh.org\\\/es\\\/?s={search_term_string}\"},\"query-input\":{\"@type\":\"PropertyValueSpecification\",\"valueRequired\":true,\"valueName\":\"search_term_string\"}}],\"inLanguage\":\"es\"},{\"@type\":\"Organization\",\"@id\":\"https:\\\/\\\/www.iidh.org\\\/es\\\/#organization\",\"name\":\"Fondation Ren\u00e9 CASSIN\",\"url\":\"https:\\\/\\\/www.iidh.org\\\/es\\\/\",\"logo\":{\"@type\":\"ImageObject\",\"inLanguage\":\"es\",\"@id\":\"https:\\\/\\\/www.iidh.org\\\/es\\\/#\\\/schema\\\/logo\\\/image\\\/\",\"url\":\"https:\\\/\\\/www.iidh.org\\\/wp-content\\\/uploads\\\/2024\\\/09\\\/LOGO_FRC-rouge.svg\",\"contentUrl\":\"https:\\\/\\\/www.iidh.org\\\/wp-content\\\/uploads\\\/2024\\\/09\\\/LOGO_FRC-rouge.svg\",\"width\":699,\"height\":221,\"caption\":\"Fondation Ren\u00e9 CASSIN\"},\"image\":{\"@id\":\"https:\\\/\\\/www.iidh.org\\\/es\\\/#\\\/schema\\\/logo\\\/image\\\/\"},\"sameAs\":[\"https:\\\/\\\/www.facebook.com\\\/FondationReneCassin\\\/\",\"https:\\\/\\\/x.com\\\/IIDHStrasbourg\",\"https:\\\/\\\/www.instagram.com\\\/fondationrenecassin\\\/\"]},{\"@type\":\"Person\",\"@id\":\"https:\\\/\\\/www.iidh.org\\\/es\\\/#\\\/schema\\\/person\\\/b11ebaff7344b9379adfa42046c36b7b\",\"name\":\"iidh\"}]}<\/script>\n<!-- \/ Yoast SEO plugin. -->","yoast_head_json":{"title":"Jornada de homenaje a Ren\u00e9 Cassin (1887\u20131976) (20 de febrero de 2026) - Fondation Ren\u00e9 CASSIN","robots":{"index":"index","follow":"follow","max-snippet":"max-snippet:-1","max-image-preview":"max-image-preview:large","max-video-preview":"max-video-preview:-1"},"canonical":"https:\/\/www.iidh.org\/es\/jornada-de-homenaje-a-rene-cassin-1887-1976-20-de-febrero-de-2026\/","og_locale":"es_ES","og_type":"article","og_title":"Jornada de homenaje a Ren\u00e9 Cassin (1887\u20131976) (20 de febrero de 2026) - Fondation Ren\u00e9 CASSIN","og_description":"Jornada de homenaje a Ren\u00e9 Cassin (1887\u20131976) 50.\u00ba aniversario de [...]","og_url":"https:\/\/www.iidh.org\/es\/jornada-de-homenaje-a-rene-cassin-1887-1976-20-de-febrero-de-2026\/","og_site_name":"Fondation Ren\u00e9 CASSIN","article_publisher":"https:\/\/www.facebook.com\/FondationReneCassin\/","article_published_time":"2026-01-26T16:35:31+00:00","og_image":[{"width":1587,"height":2245,"url":"https:\/\/www.iidh.org\/wp-content\/uploads\/2026\/01\/Journee-dhommage-a-Rene-Cassin-.png","type":"image\/png"}],"author":"iidh","twitter_card":"summary_large_image","twitter_creator":"@IIDHStrasbourg","twitter_site":"@IIDHStrasbourg","twitter_misc":{"Escrito por":"iidh","Tiempo de lectura":"4 minutos"},"schema":{"@context":"https:\/\/schema.org","@graph":[{"@type":"Article","@id":"https:\/\/www.iidh.org\/es\/jornada-de-homenaje-a-rene-cassin-1887-1976-20-de-febrero-de-2026\/#article","isPartOf":{"@id":"https:\/\/www.iidh.org\/es\/jornada-de-homenaje-a-rene-cassin-1887-1976-20-de-febrero-de-2026\/"},"author":{"name":"iidh","@id":"https:\/\/www.iidh.org\/es\/#\/schema\/person\/b11ebaff7344b9379adfa42046c36b7b"},"headline":"Jornada de homenaje a Ren\u00e9 Cassin (1887\u20131976) (20 de febrero de 2026)","datePublished":"2026-01-26T16:35:31+00:00","mainEntityOfPage":{"@id":"https:\/\/www.iidh.org\/es\/jornada-de-homenaje-a-rene-cassin-1887-1976-20-de-febrero-de-2026\/"},"wordCount":720,"publisher":{"@id":"https:\/\/www.iidh.org\/es\/#organization"},"image":{"@id":"https:\/\/www.iidh.org\/es\/jornada-de-homenaje-a-rene-cassin-1887-1976-20-de-febrero-de-2026\/#primaryimage"},"thumbnailUrl":"https:\/\/www.iidh.org\/wp-content\/uploads\/2026\/01\/Journee-dhommage-a-Rene-Cassin-.png","articleSection":["Conmemoraci\u00f3n"],"inLanguage":"es"},{"@type":"WebPage","@id":"https:\/\/www.iidh.org\/es\/jornada-de-homenaje-a-rene-cassin-1887-1976-20-de-febrero-de-2026\/","url":"https:\/\/www.iidh.org\/es\/jornada-de-homenaje-a-rene-cassin-1887-1976-20-de-febrero-de-2026\/","name":"Jornada de homenaje a Ren\u00e9 Cassin (1887\u20131976) (20 de febrero de 2026) - Fondation Ren\u00e9 CASSIN","isPartOf":{"@id":"https:\/\/www.iidh.org\/es\/#website"},"primaryImageOfPage":{"@id":"https:\/\/www.iidh.org\/es\/jornada-de-homenaje-a-rene-cassin-1887-1976-20-de-febrero-de-2026\/#primaryimage"},"image":{"@id":"https:\/\/www.iidh.org\/es\/jornada-de-homenaje-a-rene-cassin-1887-1976-20-de-febrero-de-2026\/#primaryimage"},"thumbnailUrl":"https:\/\/www.iidh.org\/wp-content\/uploads\/2026\/01\/Journee-dhommage-a-Rene-Cassin-.png","datePublished":"2026-01-26T16:35:31+00:00","breadcrumb":{"@id":"https:\/\/www.iidh.org\/es\/jornada-de-homenaje-a-rene-cassin-1887-1976-20-de-febrero-de-2026\/#breadcrumb"},"inLanguage":"es","potentialAction":[{"@type":"ReadAction","target":["https:\/\/www.iidh.org\/es\/jornada-de-homenaje-a-rene-cassin-1887-1976-20-de-febrero-de-2026\/"]}]},{"@type":"ImageObject","inLanguage":"es","@id":"https:\/\/www.iidh.org\/es\/jornada-de-homenaje-a-rene-cassin-1887-1976-20-de-febrero-de-2026\/#primaryimage","url":"https:\/\/www.iidh.org\/wp-content\/uploads\/2026\/01\/Journee-dhommage-a-Rene-Cassin-.png","contentUrl":"https:\/\/www.iidh.org\/wp-content\/uploads\/2026\/01\/Journee-dhommage-a-Rene-Cassin-.png","width":1587,"height":2245},{"@type":"BreadcrumbList","@id":"https:\/\/www.iidh.org\/es\/jornada-de-homenaje-a-rene-cassin-1887-1976-20-de-febrero-de-2026\/#breadcrumb","itemListElement":[{"@type":"ListItem","position":1,"name":"Accueil","item":"https:\/\/www.iidh.org\/es\/"},{"@type":"ListItem","position":2,"name":"Jornada de homenaje a Ren\u00e9 Cassin (1887\u20131976) (20 de febrero de 2026)"}]},{"@type":"WebSite","@id":"https:\/\/www.iidh.org\/es\/#website","url":"https:\/\/www.iidh.org\/es\/","name":"Fondation Ren\u00e9 CASSIN","description":"","publisher":{"@id":"https:\/\/www.iidh.org\/es\/#organization"},"potentialAction":[{"@type":"SearchAction","target":{"@type":"EntryPoint","urlTemplate":"https:\/\/www.iidh.org\/es\/?s={search_term_string}"},"query-input":{"@type":"PropertyValueSpecification","valueRequired":true,"valueName":"search_term_string"}}],"inLanguage":"es"},{"@type":"Organization","@id":"https:\/\/www.iidh.org\/es\/#organization","name":"Fondation Ren\u00e9 CASSIN","url":"https:\/\/www.iidh.org\/es\/","logo":{"@type":"ImageObject","inLanguage":"es","@id":"https:\/\/www.iidh.org\/es\/#\/schema\/logo\/image\/","url":"https:\/\/www.iidh.org\/wp-content\/uploads\/2024\/09\/LOGO_FRC-rouge.svg","contentUrl":"https:\/\/www.iidh.org\/wp-content\/uploads\/2024\/09\/LOGO_FRC-rouge.svg","width":699,"height":221,"caption":"Fondation Ren\u00e9 CASSIN"},"image":{"@id":"https:\/\/www.iidh.org\/es\/#\/schema\/logo\/image\/"},"sameAs":["https:\/\/www.facebook.com\/FondationReneCassin\/","https:\/\/x.com\/IIDHStrasbourg","https:\/\/www.instagram.com\/fondationrenecassin\/"]},{"@type":"Person","@id":"https:\/\/www.iidh.org\/es\/#\/schema\/person\/b11ebaff7344b9379adfa42046c36b7b","name":"iidh"}]}},"_links":{"self":[{"href":"https:\/\/www.iidh.org\/es\/wp-json\/wp\/v2\/posts\/7099","targetHints":{"allow":["GET"]}}],"collection":[{"href":"https:\/\/www.iidh.org\/es\/wp-json\/wp\/v2\/posts"}],"about":[{"href":"https:\/\/www.iidh.org\/es\/wp-json\/wp\/v2\/types\/post"}],"author":[{"embeddable":true,"href":"https:\/\/www.iidh.org\/es\/wp-json\/wp\/v2\/users\/2"}],"replies":[{"embeddable":true,"href":"https:\/\/www.iidh.org\/es\/wp-json\/wp\/v2\/comments?post=7099"}],"version-history":[{"count":0,"href":"https:\/\/www.iidh.org\/es\/wp-json\/wp\/v2\/posts\/7099\/revisions"}],"wp:featuredmedia":[{"embeddable":true,"href":"https:\/\/www.iidh.org\/es\/wp-json\/wp\/v2\/media\/7098"}],"wp:attachment":[{"href":"https:\/\/www.iidh.org\/es\/wp-json\/wp\/v2\/media?parent=7099"}],"wp:term":[{"taxonomy":"category","embeddable":true,"href":"https:\/\/www.iidh.org\/es\/wp-json\/wp\/v2\/categories?post=7099"},{"taxonomy":"post_tag","embeddable":true,"href":"https:\/\/www.iidh.org\/es\/wp-json\/wp\/v2\/tags?post=7099"}],"curies":[{"name":"wp","href":"https:\/\/api.w.org\/{rel}","templated":true}]}}