{"id":7327,"date":"2026-04-16T15:28:41","date_gmt":"2026-04-16T13:28:41","guid":{"rendered":"https:\/\/www.iidh.org\/formacion-en-derecho-internacional-penal-2026-la-justicia-penal-internacional-frente-a-las-crisis-mundiales\/"},"modified":"2026-04-16T15:53:52","modified_gmt":"2026-04-16T13:53:52","slug":"formacion-en-derecho-internacional-penal-2026-la-justicia-penal-internacional-frente-a-las-crisis-mundiales","status":"publish","type":"post","link":"https:\/\/www.iidh.org\/es\/formacion-en-derecho-internacional-penal-2026-la-justicia-penal-internacional-frente-a-las-crisis-mundiales\/","title":{"rendered":"Formaci\u00f3n en Derecho Internacional Penal 2026 \u2013 La justicia penal internacional frente a las crisis mundiales"},"content":{"rendered":"<div class=\"fusion-fullwidth fullwidth-box fusion-builder-row-1 fusion-flex-container nonhundred-percent-fullwidth non-hundred-percent-height-scrolling\" style=\"--awb-border-radius-top-left:0px;--awb-border-radius-top-right:0px;--awb-border-radius-bottom-right:0px;--awb-border-radius-bottom-left:0px;--awb-flex-wrap:wrap;\" ><div class=\"fusion-builder-row fusion-row fusion-flex-align-items-flex-start fusion-flex-content-wrap\" style=\"max-width:1248px;margin-left: calc(-4% \/ 2 );margin-right: calc(-4% \/ 2 );\"><div class=\"fusion-layout-column fusion_builder_column fusion-builder-column-0 fusion_builder_column_1_1 1_1 fusion-flex-column\" style=\"--awb-bg-blend:overlay;--awb-bg-size:cover;--awb-width-large:100%;--awb-margin-top-large:0px;--awb-spacing-right-large:1.92%;--awb-margin-bottom-large:0px;--awb-spacing-left-large:1.92%;--awb-width-medium:100%;--awb-spacing-right-medium:1.92%;--awb-spacing-left-medium:1.92%;--awb-width-small:100%;--awb-spacing-right-small:1.92%;--awb-spacing-left-small:1.92%;\"><div class=\"fusion-column-wrapper fusion-flex-justify-content-flex-start fusion-content-layout-column\"><div class=\"fusion-text fusion-text-1\"><h3 data-start=\"391\" data-end=\"904\">Formaci\u00f3n DIP 2026<\/h3>\n<p style=\"text-align: justify;\" data-start=\"0\" data-end=\"659\">En un contexto internacional marcado por la persistencia de conflictos armados, la aparici\u00f3n de reg\u00edmenes de facto, el colapso de ciertos Estados y la proliferaci\u00f3n de mecanismos internacionales de investigaci\u00f3n, la justicia penal internacional se enfrenta a configuraciones de crisis cada vez m\u00e1s fragmentadas y cambiantes. Desde la situaci\u00f3n en Palestina y Cisjordania hasta las din\u00e1micas observadas en Sud\u00e1n, Afganist\u00e1n o Myanmar, los marcos jur\u00eddicos tradicionales se ven puestos a prueba por realidades complejas sobre el terreno, donde confluyen cuestiones de competencia, responsabilidad y efectividad de la justicia. <\/p>\n<p style=\"text-align: justify;\" data-start=\"661\" data-end=\"1127\">En este contexto, \u00bfc\u00f3mo abordar la responsabilidad penal en situaciones marcadas por la contestaci\u00f3n de la soberan\u00eda o la ausencia de autoridad estatal? \u00bfQu\u00e9 mecanismos permiten documentar los cr\u00edmenes y preparar los procesos judiciales, en particular a trav\u00e9s de herramientas innovadoras como los mecanismos de investigaci\u00f3n independientes? \u00bfY c\u00f3mo garantizar, m\u00e1s all\u00e1 de las limitaciones pol\u00edticas y operativas, una respuesta judicial cre\u00edble y centrada en las v\u00edctimas?  <\/p>\n<p style=\"text-align: justify;\" data-start=\"1129\" data-end=\"1583\" data-is-last-node=\"\" data-is-only-node=\"\">La Fundaci\u00f3n Ren\u00e9 Cassin \u2013 Instituto Internacional de Derechos Humanos ofrece una formaci\u00f3n intensiva en derecho internacional penal, estructurada en torno al an\u00e1lisis de situaciones contempor\u00e1neas. Cada sesi\u00f3n se centrar\u00e1 en una zona de crisis espec\u00edfica, permitiendo abordar, desde un enfoque jur\u00eddico, cr\u00edtico y prospectivo, las transformaciones, tensiones y perspectivas de evoluci\u00f3n de la justicia penal internacional. <\/p>\n<p>Para m\u00e1s informaci\u00f3n, consulta nuestro <a href=\"https:\/\/www.iidh.org\/wp-content\/uploads\/2026\/04\/Formation-DIP-2026-sans-intervenants.pdf\"><span style=\"text-decoration: underline;\"><strong><strong>Folleto de presentaci\u00f3n<\/strong><\/strong><\/span><\/a>.<\/p>\n<h3><strong>\u00bfCU\u00c1NDO Y C\u00d3MO?<\/strong><\/h3>\n<p>La formaci\u00f3n en derecho internacional penal se llevar\u00e1 a cabo a distancia del 30 de noviembre al 4 de diciembre de 2026. Las intervenciones de los distintos expertos tendr\u00e1n lugar de 15:00 a 18:00 (UTC+1\/CET), de lunes a viernes, con un alto nivel de interacci\u00f3n con los participantes.<\/p>\n<p>La formaci\u00f3n se llevar\u00e1 a cabo exclusivamente a distancia (a trav\u00e9s de Microsoft Teams), por lo que se recomienda disponer de un equipo inform\u00e1tico adecuado, as\u00ed como de una buena conexi\u00f3n a internet. El idioma de la formaci\u00f3n es el franc\u00e9s; sin embargo, algunas intervenciones podr\u00e1n realizarse en ingl\u00e9s en funci\u00f3n de los ponentes. <\/p>\n<p>Todas las sesiones estar\u00e1n disponibles en formato de repetici\u00f3n, con acceso a las grabaciones en un plazo m\u00e1ximo de 48 horas.<\/p>\n<p>Tambi\u00e9n se propondr\u00e1 una <strong>evaluaci\u00f3n en l\u00ednea <\/strong>en forma de cuestionario de opci\u00f3n m\u00faltiple (QCM) el martes 8 de diciembre de 2026, de 16:00 a 17:00. Es obligatoria para las personas inscritas a trav\u00e9s de su operador de competencias (OPCO) o para aquellas que deseen obtener un certificado de aprovechamiento.<\/p>\n<h3><strong>\u00bfPARA QUI\u00c9N ES?<\/strong><\/h3>\n<p>Este curso est\u00e1 dirigido a estudiantes, profesores, investigadores, miembros de la profesi\u00f3n jur\u00eddica y a cualquier persona implicada o interesada en los derechos humanos.<\/p>\n<h3><strong>CUOTAS DE INSCRIPCI\u00d3N<\/strong><\/h3>\n<p>Los derechos de inscripci\u00f3n para esta formaci\u00f3n ascienden a <strong>300 \u20ac<\/strong> por el conjunto del programa. Bajo solicitud, pueden ofrecerse tarifas especiales (en particular tarifas de grupo); le rogamos dirigir su solicitud a la direcci\u00f3n <strong><a href=\"mailto:arthur.quattrochi@iidh.org\">arthur.quattrochi@iidh.org<\/a><\/strong>. Los pagos se realizan directamente a trav\u00e9s de nuestro sitio web mediante tarjeta bancaria o PayPal (en caso de dificultad con estos m\u00e9todos de pago, le invitamos a ponerse en contacto con nosotros para poder proponerle una soluci\u00f3n alternativa). No se admitir\u00e1n reembolsos.<\/p>\n<\/div><script type=\"text\/javascript\" src=\"https:\/\/pci.jotform.com\/jsform\/261053703505347\"><\/script><\/div><\/div><\/div><\/div>\n","protected":false},"excerpt":{"rendered":"","protected":false},"author":2,"featured_media":7326,"comment_status":"open","ping_status":"closed","sticky":false,"template":"","format":"standard","meta":{"footnotes":""},"categories":[121],"tags":[],"class_list":["post-7327","post","type-post","status-publish","format-standard","has-post-thumbnail","hentry","category-sesiones-por-videoconferencia"],"yoast_head":"<!-- This site is optimized with the Yoast SEO plugin v27.5 - https:\/\/yoast.com\/product\/yoast-seo-wordpress\/ -->\n<title>Formaci\u00f3n DIP 2026<\/title>\n<meta name=\"description\" content=\"Formaci\u00f3n en derecho penal internacional que permite un estudio en profundidad de las crisis mundiales contempor\u00e1neas.\" \/>\n<meta name=\"robots\" content=\"index, follow, max-snippet:-1, max-image-preview:large, max-video-preview:-1\" \/>\n<link rel=\"canonical\" href=\"https:\/\/www.iidh.org\/es\/formacion-en-derecho-internacional-penal-2026-la-justicia-penal-internacional-frente-a-las-crisis-mundiales\/\" \/>\n<meta property=\"og:locale\" content=\"es_ES\" \/>\n<meta property=\"og:type\" content=\"article\" \/>\n<meta property=\"og:title\" content=\"Formaci\u00f3n DIP 2026\" \/>\n<meta property=\"og:description\" content=\"Formaci\u00f3n en derecho penal internacional que permite un estudio en profundidad de las crisis mundiales contempor\u00e1neas.\" \/>\n<meta property=\"og:url\" content=\"https:\/\/www.iidh.org\/es\/formacion-en-derecho-internacional-penal-2026-la-justicia-penal-internacional-frente-a-las-crisis-mundiales\/\" \/>\n<meta property=\"og:site_name\" content=\"Fondation Ren\u00e9 CASSIN\" \/>\n<meta property=\"article:publisher\" content=\"https:\/\/www.facebook.com\/FondationReneCassin\/\" \/>\n<meta property=\"article:published_time\" content=\"2026-04-16T13:28:41+00:00\" \/>\n<meta property=\"article:modified_time\" content=\"2026-04-16T13:53:52+00:00\" \/>\n<meta property=\"og:image\" content=\"https:\/\/www.iidh.org\/wp-content\/uploads\/2026\/04\/Formation-DIP-2026.png\" \/>\n\t<meta property=\"og:image:width\" content=\"1587\" \/>\n\t<meta property=\"og:image:height\" content=\"2245\" \/>\n\t<meta property=\"og:image:type\" content=\"image\/png\" \/>\n<meta name=\"author\" content=\"iidh\" \/>\n<meta name=\"twitter:card\" content=\"summary_large_image\" \/>\n<meta name=\"twitter:creator\" content=\"@IIDHStrasbourg\" \/>\n<meta name=\"twitter:site\" content=\"@IIDHStrasbourg\" \/>\n<meta name=\"twitter:label1\" content=\"Escrito por\" \/>\n\t<meta name=\"twitter:data1\" content=\"iidh\" \/>\n\t<meta name=\"twitter:label2\" content=\"Tiempo de lectura\" \/>\n\t<meta name=\"twitter:data2\" content=\"3 minutos\" \/>\n<script type=\"application\/ld+json\" class=\"yoast-schema-graph\">{\"@context\":\"https:\\\/\\\/schema.org\",\"@graph\":[{\"@type\":\"Article\",\"@id\":\"https:\\\/\\\/www.iidh.org\\\/es\\\/formacion-en-derecho-internacional-penal-2026-la-justicia-penal-internacional-frente-a-las-crisis-mundiales\\\/#article\",\"isPartOf\":{\"@id\":\"https:\\\/\\\/www.iidh.org\\\/es\\\/formacion-en-derecho-internacional-penal-2026-la-justicia-penal-internacional-frente-a-las-crisis-mundiales\\\/\"},\"author\":{\"name\":\"iidh\",\"@id\":\"https:\\\/\\\/www.iidh.org\\\/es\\\/#\\\/schema\\\/person\\\/b11ebaff7344b9379adfa42046c36b7b\"},\"headline\":\"Formaci\u00f3n en Derecho Internacional Penal 2026 \u2013 La justicia penal internacional frente a las crisis mundiales\",\"datePublished\":\"2026-04-16T13:28:41+00:00\",\"dateModified\":\"2026-04-16T13:53:52+00:00\",\"mainEntityOfPage\":{\"@id\":\"https:\\\/\\\/www.iidh.org\\\/es\\\/formacion-en-derecho-internacional-penal-2026-la-justicia-penal-internacional-frente-a-las-crisis-mundiales\\\/\"},\"wordCount\":699,\"commentCount\":0,\"publisher\":{\"@id\":\"https:\\\/\\\/www.iidh.org\\\/es\\\/#organization\"},\"image\":{\"@id\":\"https:\\\/\\\/www.iidh.org\\\/es\\\/formacion-en-derecho-internacional-penal-2026-la-justicia-penal-internacional-frente-a-las-crisis-mundiales\\\/#primaryimage\"},\"thumbnailUrl\":\"https:\\\/\\\/www.iidh.org\\\/wp-content\\\/uploads\\\/2026\\\/04\\\/Formation-DIP-2026.png\",\"articleSection\":[\"Sesiones por videoconferencia\"],\"inLanguage\":\"es\",\"potentialAction\":[{\"@type\":\"CommentAction\",\"name\":\"Comment\",\"target\":[\"https:\\\/\\\/www.iidh.org\\\/es\\\/formacion-en-derecho-internacional-penal-2026-la-justicia-penal-internacional-frente-a-las-crisis-mundiales\\\/#respond\"]}]},{\"@type\":\"WebPage\",\"@id\":\"https:\\\/\\\/www.iidh.org\\\/es\\\/formacion-en-derecho-internacional-penal-2026-la-justicia-penal-internacional-frente-a-las-crisis-mundiales\\\/\",\"url\":\"https:\\\/\\\/www.iidh.org\\\/es\\\/formacion-en-derecho-internacional-penal-2026-la-justicia-penal-internacional-frente-a-las-crisis-mundiales\\\/\",\"name\":\"Formaci\u00f3n DIP 2026\",\"isPartOf\":{\"@id\":\"https:\\\/\\\/www.iidh.org\\\/es\\\/#website\"},\"primaryImageOfPage\":{\"@id\":\"https:\\\/\\\/www.iidh.org\\\/es\\\/formacion-en-derecho-internacional-penal-2026-la-justicia-penal-internacional-frente-a-las-crisis-mundiales\\\/#primaryimage\"},\"image\":{\"@id\":\"https:\\\/\\\/www.iidh.org\\\/es\\\/formacion-en-derecho-internacional-penal-2026-la-justicia-penal-internacional-frente-a-las-crisis-mundiales\\\/#primaryimage\"},\"thumbnailUrl\":\"https:\\\/\\\/www.iidh.org\\\/wp-content\\\/uploads\\\/2026\\\/04\\\/Formation-DIP-2026.png\",\"datePublished\":\"2026-04-16T13:28:41+00:00\",\"dateModified\":\"2026-04-16T13:53:52+00:00\",\"description\":\"Formaci\u00f3n en derecho penal internacional que permite un estudio en profundidad de las crisis mundiales contempor\u00e1neas.\",\"breadcrumb\":{\"@id\":\"https:\\\/\\\/www.iidh.org\\\/es\\\/formacion-en-derecho-internacional-penal-2026-la-justicia-penal-internacional-frente-a-las-crisis-mundiales\\\/#breadcrumb\"},\"inLanguage\":\"es\",\"potentialAction\":[{\"@type\":\"ReadAction\",\"target\":[\"https:\\\/\\\/www.iidh.org\\\/es\\\/formacion-en-derecho-internacional-penal-2026-la-justicia-penal-internacional-frente-a-las-crisis-mundiales\\\/\"]}]},{\"@type\":\"ImageObject\",\"inLanguage\":\"es\",\"@id\":\"https:\\\/\\\/www.iidh.org\\\/es\\\/formacion-en-derecho-internacional-penal-2026-la-justicia-penal-internacional-frente-a-las-crisis-mundiales\\\/#primaryimage\",\"url\":\"https:\\\/\\\/www.iidh.org\\\/wp-content\\\/uploads\\\/2026\\\/04\\\/Formation-DIP-2026.png\",\"contentUrl\":\"https:\\\/\\\/www.iidh.org\\\/wp-content\\\/uploads\\\/2026\\\/04\\\/Formation-DIP-2026.png\",\"width\":1587,\"height\":2245,\"caption\":\"Formaci\u00f3n DIP 2026\"},{\"@type\":\"BreadcrumbList\",\"@id\":\"https:\\\/\\\/www.iidh.org\\\/es\\\/formacion-en-derecho-internacional-penal-2026-la-justicia-penal-internacional-frente-a-las-crisis-mundiales\\\/#breadcrumb\",\"itemListElement\":[{\"@type\":\"ListItem\",\"position\":1,\"name\":\"Accueil\",\"item\":\"https:\\\/\\\/www.iidh.org\\\/es\\\/\"},{\"@type\":\"ListItem\",\"position\":2,\"name\":\"Formaci\u00f3n en Derecho Internacional Penal 2026 \u2013 La justicia penal internacional frente a las crisis mundiales\"}]},{\"@type\":\"WebSite\",\"@id\":\"https:\\\/\\\/www.iidh.org\\\/es\\\/#website\",\"url\":\"https:\\\/\\\/www.iidh.org\\\/es\\\/\",\"name\":\"Fondation Ren\u00e9 CASSIN\",\"description\":\"\",\"publisher\":{\"@id\":\"https:\\\/\\\/www.iidh.org\\\/es\\\/#organization\"},\"potentialAction\":[{\"@type\":\"SearchAction\",\"target\":{\"@type\":\"EntryPoint\",\"urlTemplate\":\"https:\\\/\\\/www.iidh.org\\\/es\\\/?s={search_term_string}\"},\"query-input\":{\"@type\":\"PropertyValueSpecification\",\"valueRequired\":true,\"valueName\":\"search_term_string\"}}],\"inLanguage\":\"es\"},{\"@type\":\"Organization\",\"@id\":\"https:\\\/\\\/www.iidh.org\\\/es\\\/#organization\",\"name\":\"Fondation Ren\u00e9 CASSIN\",\"url\":\"https:\\\/\\\/www.iidh.org\\\/es\\\/\",\"logo\":{\"@type\":\"ImageObject\",\"inLanguage\":\"es\",\"@id\":\"https:\\\/\\\/www.iidh.org\\\/es\\\/#\\\/schema\\\/logo\\\/image\\\/\",\"url\":\"https:\\\/\\\/www.iidh.org\\\/wp-content\\\/uploads\\\/2024\\\/09\\\/LOGO_FRC-rouge.svg\",\"contentUrl\":\"https:\\\/\\\/www.iidh.org\\\/wp-content\\\/uploads\\\/2024\\\/09\\\/LOGO_FRC-rouge.svg\",\"width\":699,\"height\":221,\"caption\":\"Fondation Ren\u00e9 CASSIN\"},\"image\":{\"@id\":\"https:\\\/\\\/www.iidh.org\\\/es\\\/#\\\/schema\\\/logo\\\/image\\\/\"},\"sameAs\":[\"https:\\\/\\\/www.facebook.com\\\/FondationReneCassin\\\/\",\"https:\\\/\\\/x.com\\\/IIDHStrasbourg\",\"https:\\\/\\\/www.instagram.com\\\/fondationrenecassin\\\/\"]},{\"@type\":\"Person\",\"@id\":\"https:\\\/\\\/www.iidh.org\\\/es\\\/#\\\/schema\\\/person\\\/b11ebaff7344b9379adfa42046c36b7b\",\"name\":\"iidh\"}]}<\/script>\n<!-- \/ Yoast SEO plugin. -->","yoast_head_json":{"title":"Formaci\u00f3n DIP 2026","description":"Formaci\u00f3n en derecho penal internacional que permite un estudio en profundidad de las crisis mundiales contempor\u00e1neas.","robots":{"index":"index","follow":"follow","max-snippet":"max-snippet:-1","max-image-preview":"max-image-preview:large","max-video-preview":"max-video-preview:-1"},"canonical":"https:\/\/www.iidh.org\/es\/formacion-en-derecho-internacional-penal-2026-la-justicia-penal-internacional-frente-a-las-crisis-mundiales\/","og_locale":"es_ES","og_type":"article","og_title":"Formaci\u00f3n DIP 2026","og_description":"Formaci\u00f3n en derecho penal internacional que permite un estudio en profundidad de las crisis mundiales contempor\u00e1neas.","og_url":"https:\/\/www.iidh.org\/es\/formacion-en-derecho-internacional-penal-2026-la-justicia-penal-internacional-frente-a-las-crisis-mundiales\/","og_site_name":"Fondation Ren\u00e9 CASSIN","article_publisher":"https:\/\/www.facebook.com\/FondationReneCassin\/","article_published_time":"2026-04-16T13:28:41+00:00","article_modified_time":"2026-04-16T13:53:52+00:00","og_image":[{"width":1587,"height":2245,"url":"https:\/\/www.iidh.org\/wp-content\/uploads\/2026\/04\/Formation-DIP-2026.png","type":"image\/png"}],"author":"iidh","twitter_card":"summary_large_image","twitter_creator":"@IIDHStrasbourg","twitter_site":"@IIDHStrasbourg","twitter_misc":{"Escrito por":"iidh","Tiempo de lectura":"3 minutos"},"schema":{"@context":"https:\/\/schema.org","@graph":[{"@type":"Article","@id":"https:\/\/www.iidh.org\/es\/formacion-en-derecho-internacional-penal-2026-la-justicia-penal-internacional-frente-a-las-crisis-mundiales\/#article","isPartOf":{"@id":"https:\/\/www.iidh.org\/es\/formacion-en-derecho-internacional-penal-2026-la-justicia-penal-internacional-frente-a-las-crisis-mundiales\/"},"author":{"name":"iidh","@id":"https:\/\/www.iidh.org\/es\/#\/schema\/person\/b11ebaff7344b9379adfa42046c36b7b"},"headline":"Formaci\u00f3n en Derecho Internacional Penal 2026 \u2013 La justicia penal internacional frente a las crisis mundiales","datePublished":"2026-04-16T13:28:41+00:00","dateModified":"2026-04-16T13:53:52+00:00","mainEntityOfPage":{"@id":"https:\/\/www.iidh.org\/es\/formacion-en-derecho-internacional-penal-2026-la-justicia-penal-internacional-frente-a-las-crisis-mundiales\/"},"wordCount":699,"commentCount":0,"publisher":{"@id":"https:\/\/www.iidh.org\/es\/#organization"},"image":{"@id":"https:\/\/www.iidh.org\/es\/formacion-en-derecho-internacional-penal-2026-la-justicia-penal-internacional-frente-a-las-crisis-mundiales\/#primaryimage"},"thumbnailUrl":"https:\/\/www.iidh.org\/wp-content\/uploads\/2026\/04\/Formation-DIP-2026.png","articleSection":["Sesiones por videoconferencia"],"inLanguage":"es","potentialAction":[{"@type":"CommentAction","name":"Comment","target":["https:\/\/www.iidh.org\/es\/formacion-en-derecho-internacional-penal-2026-la-justicia-penal-internacional-frente-a-las-crisis-mundiales\/#respond"]}]},{"@type":"WebPage","@id":"https:\/\/www.iidh.org\/es\/formacion-en-derecho-internacional-penal-2026-la-justicia-penal-internacional-frente-a-las-crisis-mundiales\/","url":"https:\/\/www.iidh.org\/es\/formacion-en-derecho-internacional-penal-2026-la-justicia-penal-internacional-frente-a-las-crisis-mundiales\/","name":"Formaci\u00f3n DIP 2026","isPartOf":{"@id":"https:\/\/www.iidh.org\/es\/#website"},"primaryImageOfPage":{"@id":"https:\/\/www.iidh.org\/es\/formacion-en-derecho-internacional-penal-2026-la-justicia-penal-internacional-frente-a-las-crisis-mundiales\/#primaryimage"},"image":{"@id":"https:\/\/www.iidh.org\/es\/formacion-en-derecho-internacional-penal-2026-la-justicia-penal-internacional-frente-a-las-crisis-mundiales\/#primaryimage"},"thumbnailUrl":"https:\/\/www.iidh.org\/wp-content\/uploads\/2026\/04\/Formation-DIP-2026.png","datePublished":"2026-04-16T13:28:41+00:00","dateModified":"2026-04-16T13:53:52+00:00","description":"Formaci\u00f3n en derecho penal internacional que permite un estudio en profundidad de las crisis mundiales contempor\u00e1neas.","breadcrumb":{"@id":"https:\/\/www.iidh.org\/es\/formacion-en-derecho-internacional-penal-2026-la-justicia-penal-internacional-frente-a-las-crisis-mundiales\/#breadcrumb"},"inLanguage":"es","potentialAction":[{"@type":"ReadAction","target":["https:\/\/www.iidh.org\/es\/formacion-en-derecho-internacional-penal-2026-la-justicia-penal-internacional-frente-a-las-crisis-mundiales\/"]}]},{"@type":"ImageObject","inLanguage":"es","@id":"https:\/\/www.iidh.org\/es\/formacion-en-derecho-internacional-penal-2026-la-justicia-penal-internacional-frente-a-las-crisis-mundiales\/#primaryimage","url":"https:\/\/www.iidh.org\/wp-content\/uploads\/2026\/04\/Formation-DIP-2026.png","contentUrl":"https:\/\/www.iidh.org\/wp-content\/uploads\/2026\/04\/Formation-DIP-2026.png","width":1587,"height":2245,"caption":"Formaci\u00f3n DIP 2026"},{"@type":"BreadcrumbList","@id":"https:\/\/www.iidh.org\/es\/formacion-en-derecho-internacional-penal-2026-la-justicia-penal-internacional-frente-a-las-crisis-mundiales\/#breadcrumb","itemListElement":[{"@type":"ListItem","position":1,"name":"Accueil","item":"https:\/\/www.iidh.org\/es\/"},{"@type":"ListItem","position":2,"name":"Formaci\u00f3n en Derecho Internacional Penal 2026 \u2013 La justicia penal internacional frente a las crisis mundiales"}]},{"@type":"WebSite","@id":"https:\/\/www.iidh.org\/es\/#website","url":"https:\/\/www.iidh.org\/es\/","name":"Fondation Ren\u00e9 CASSIN","description":"","publisher":{"@id":"https:\/\/www.iidh.org\/es\/#organization"},"potentialAction":[{"@type":"SearchAction","target":{"@type":"EntryPoint","urlTemplate":"https:\/\/www.iidh.org\/es\/?s={search_term_string}"},"query-input":{"@type":"PropertyValueSpecification","valueRequired":true,"valueName":"search_term_string"}}],"inLanguage":"es"},{"@type":"Organization","@id":"https:\/\/www.iidh.org\/es\/#organization","name":"Fondation Ren\u00e9 CASSIN","url":"https:\/\/www.iidh.org\/es\/","logo":{"@type":"ImageObject","inLanguage":"es","@id":"https:\/\/www.iidh.org\/es\/#\/schema\/logo\/image\/","url":"https:\/\/www.iidh.org\/wp-content\/uploads\/2024\/09\/LOGO_FRC-rouge.svg","contentUrl":"https:\/\/www.iidh.org\/wp-content\/uploads\/2024\/09\/LOGO_FRC-rouge.svg","width":699,"height":221,"caption":"Fondation Ren\u00e9 CASSIN"},"image":{"@id":"https:\/\/www.iidh.org\/es\/#\/schema\/logo\/image\/"},"sameAs":["https:\/\/www.facebook.com\/FondationReneCassin\/","https:\/\/x.com\/IIDHStrasbourg","https:\/\/www.instagram.com\/fondationrenecassin\/"]},{"@type":"Person","@id":"https:\/\/www.iidh.org\/es\/#\/schema\/person\/b11ebaff7344b9379adfa42046c36b7b","name":"iidh"}]}},"_links":{"self":[{"href":"https:\/\/www.iidh.org\/es\/wp-json\/wp\/v2\/posts\/7327","targetHints":{"allow":["GET"]}}],"collection":[{"href":"https:\/\/www.iidh.org\/es\/wp-json\/wp\/v2\/posts"}],"about":[{"href":"https:\/\/www.iidh.org\/es\/wp-json\/wp\/v2\/types\/post"}],"author":[{"embeddable":true,"href":"https:\/\/www.iidh.org\/es\/wp-json\/wp\/v2\/users\/2"}],"replies":[{"embeddable":true,"href":"https:\/\/www.iidh.org\/es\/wp-json\/wp\/v2\/comments?post=7327"}],"version-history":[{"count":0,"href":"https:\/\/www.iidh.org\/es\/wp-json\/wp\/v2\/posts\/7327\/revisions"}],"wp:featuredmedia":[{"embeddable":true,"href":"https:\/\/www.iidh.org\/es\/wp-json\/wp\/v2\/media\/7326"}],"wp:attachment":[{"href":"https:\/\/www.iidh.org\/es\/wp-json\/wp\/v2\/media?parent=7327"}],"wp:term":[{"taxonomy":"category","embeddable":true,"href":"https:\/\/www.iidh.org\/es\/wp-json\/wp\/v2\/categories?post=7327"},{"taxonomy":"post_tag","embeddable":true,"href":"https:\/\/www.iidh.org\/es\/wp-json\/wp\/v2\/tags?post=7327"}],"curies":[{"name":"wp","href":"https:\/\/api.w.org\/{rel}","templated":true}]}}